{"id":47115,"date":"2022-02-21T18:12:24","date_gmt":"2022-02-21T21:12:24","guid":{"rendered":"https:\/\/www.centraldenoticias.com.ar\/?p=47115"},"modified":"2022-02-21T21:02:31","modified_gmt":"2022-02-22T00:02:31","slug":"le-anularon-la-vtv-por-tener-la-suspension-tan-baja-que-el-auto-tocaba-el-asfalto","status":"publish","type":"post","link":"https:\/\/cdnoticias.com\/index.php\/2022\/02\/21\/le-anularon-la-vtv-por-tener-la-suspension-tan-baja-que-el-auto-tocaba-el-asfalto\/","title":{"rendered":"Le anularon la VTV por tener la suspensi\u00f3n tan baja que el auto tocaba el asfalto"},"content":{"rendered":"<p>Adem\u00e1s, se le retuvo la licencia. Tambi\u00e9n se labraron infracciones por m\u00fasica alta.<!--more--><\/p>\n<hr \/>\n<p>En las \u00faltimas horas personal de tr\u00e1nsito, a las \u00f3rdenes de la Subsecretar\u00eda de Seguridad Municipal, volvi\u00f3 a desplegar <strong>un operativo preventivo y de control en la zona del Parque Mitre.<\/strong><\/p>\n<p>&nbsp;<\/p>\n<p>De acuerdo con lo que se precis\u00f3, adem\u00e1s de requerir la documentaci\u00f3n reglamentaria para poder circular, se puso el acento en <strong>controlar aquellos rodados con la suspensi\u00f3n baja y m\u00fasica alta.<\/strong><\/p>\n<p>&nbsp;<\/p>\n<p><img data-recalc-dims=\"1\" loading=\"lazy\" decoding=\"async\" class=\"alignnone size-full wp-image-47110\" src=\"https:\/\/i0.wp.com\/cdnoticias.com\/wp-content\/uploads\/2022\/02\/operativo.jpg?resize=800%2C445&#038;ssl=1\" alt=\"\" width=\"800\" height=\"445\" srcset=\"https:\/\/i0.wp.com\/cdnoticias.com\/wp-content\/uploads\/2022\/02\/operativo.jpg?w=800&amp;ssl=1 800w, https:\/\/i0.wp.com\/cdnoticias.com\/wp-content\/uploads\/2022\/02\/operativo.jpg?resize=300%2C167&amp;ssl=1 300w, https:\/\/i0.wp.com\/cdnoticias.com\/wp-content\/uploads\/2022\/02\/operativo.jpg?resize=768%2C427&amp;ssl=1 768w\" sizes=\"auto, (max-width: 800px) 100vw, 800px\" \/><\/p>\n<p>&nbsp;<\/p>\n<p>Fue en ese marco que se constat\u00f3 que un veh\u00edculo fue infraccionado al detectar que <strong>\u201cen su totalidad\u201d tocaba el asfalto debido a lo baja de las suspensi\u00f3n<\/strong>. Fue as\u00ed que adem\u00e1s <strong>se anul\u00f3 la VTV y se le retuvo la licencia de conducir<\/strong> a la persona que guiaba el rodado.<\/p>\n<p>&nbsp;<\/p>\n<p>A la par, se labraron<strong> otras 6 infracciones por diversas irregularidades.<\/strong><\/p>\n","protected":false},"excerpt":{"rendered":"<p>Adem\u00e1s, se le retuvo la licencia. Tambi\u00e9n se labraron infracciones por m\u00fasica alta.<\/p>\n","protected":false},"author":3,"featured_media":47109,"comment_status":"closed","ping_status":"closed","sticky":false,"template":"","format":"standard","meta":{"_jetpack_memberships_contains_paid_content":false,"footnotes":""},"categories":[14,1],"tags":[],"class_list":["post-47115","post","type-post","status-publish","format-standard","has-post-thumbnail","hentry","category-policiales","category-portada"],"jetpack_featured_media_url":"https:\/\/i0.wp.com\/cdnoticias.com\/wp-content\/uploads\/2022\/02\/operativo01.jpg?fit=800%2C445&ssl=1","jetpack_sharing_enabled":true,"_links":{"self":[{"href":"https:\/\/cdnoticias.com\/index.php\/wp-json\/wp\/v2\/posts\/47115","targetHints":{"allow":["GET"]}}],"collection":[{"href":"https:\/\/cdnoticias.com\/index.php\/wp-json\/wp\/v2\/posts"}],"about":[{"href":"https:\/\/cdnoticias.com\/index.php\/wp-json\/wp\/v2\/types\/post"}],"author":[{"embeddable":true,"href":"https:\/\/cdnoticias.com\/index.php\/wp-json\/wp\/v2\/users\/3"}],"replies":[{"embeddable":true,"href":"https:\/\/cdnoticias.com\/index.php\/wp-json\/wp\/v2\/comments?post=47115"}],"version-history":[{"count":0,"href":"https:\/\/cdnoticias.com\/index.php\/wp-json\/wp\/v2\/posts\/47115\/revisions"}],"wp:featuredmedia":[{"embeddable":true,"href":"https:\/\/cdnoticias.com\/index.php\/wp-json\/wp\/v2\/media\/47109"}],"wp:attachment":[{"href":"https:\/\/cdnoticias.com\/index.php\/wp-json\/wp\/v2\/media?parent=47115"}],"wp:term":[{"taxonomy":"category","embeddable":true,"href":"https:\/\/cdnoticias.com\/index.php\/wp-json\/wp\/v2\/categories?post=47115"},{"taxonomy":"post_tag","embeddable":true,"href":"https:\/\/cdnoticias.com\/index.php\/wp-json\/wp\/v2\/tags?post=47115"}],"curies":[{"name":"wp","href":"https:\/\/api.w.org\/{rel}","templated":true}]}}