{"id":47113,"date":"2024-01-22T23:16:28","date_gmt":"2024-01-23T02:16:28","guid":{"rendered":"https:\/\/centraldeportes.com.ar\/?p=47113"},"modified":"2025-02-12T23:31:17","modified_gmt":"2025-02-13T02:31:17","slug":"garcia-lorenzo-tras-la-eliminacion-frente-a-kimberley-estoy-orgulloso-de-mis-jugadores","status":"publish","type":"post","link":"https:\/\/cdnoticias.com\/index.php\/2024\/01\/22\/garcia-lorenzo-tras-la-eliminacion-frente-a-kimberley-estoy-orgulloso-de-mis-jugadores\/","title":{"rendered":"Garc\u00eda Lorenzo tras la eliminaci\u00f3n frente a Kimberley: \u201cEstoy orgulloso de mis jugadores\u201d"},"content":{"rendered":"<p>El t\u00e9cnico de Racing brind\u00f3 sus declaraciones una vez finalizado el partido en el Buglione Martinese. Analiz\u00f3 lo sucedido futbol\u00edsticamente en la revancha y le agradeci\u00f3 a sus dirigidos, cuerpo t\u00e9cnico y a la hinchada por el apoyo a lo largo del torneo.<!--more--><\/p>\n<hr \/>\n<p>La ilusi\u00f3n por el ascenso al Federal A deber\u00e1 esperar para todo el pueblo \u201cChaira\u201d. Es que la <a href=\"https:\/\/cdnoticias.com\/racing-cayo-ante-kimberley-y-quedo-eliminado-del-federal-amateur\/\">derrota frente a Kimberley<\/a>, por 3 a 0 en el global, lo dej\u00f3 al margen de la definici\u00f3n en la Regi\u00f3n Pampeana Sur. En consecuencia, luego de una \u00edntima charla con sus jugadores en zona de vestuarios post eliminaci\u00f3n,<strong> David Garc\u00eda Lorenzo dialog\u00f3 con la prensa y dej\u00f3 sus sensaciones de lo ocurrido a lo largo de la serie<\/strong>.<\/p>\n<p>&nbsp;<\/p>\n<p>\u201c<em>Hablaba con los chicos y <strong>estoy s\u00faper orgulloso del plantel que tenemos<\/strong>, de la calidad de personas que hay en este grupo m\u00e1s all\u00e1 de grandes jugadores<\/em>\u201d, comenz\u00f3 declarando el \u201cChueco\u201d y continu\u00f3 en la misma frase: \u201c<strong><em>Cuando termin\u00f3 el partido y les pregunt\u00e9 si se hab\u00edan guardado algo y me dijeron que no, eso me dej\u00f3 muy tranquilo<\/em><\/strong>\u201d.<\/p>\n<p>&nbsp;<\/p>\n<p>Como hace bastante tiempo no se ve\u00eda y aferrados a la ilusi\u00f3n, el Buglione fue un mundo de gente en la noche del pasado domingo: \u201c<em><strong>Quiero agradecer a la gente de Olavarr\u00eda por el apoyo, entrar hoy a la cancha emocionaba<\/strong>. <strong>Tambi\u00e9n a la dirigencia por permitirnos trabajar de la manera que lo hicimos durante todo el a\u00f1o. Se termina una etapa muy buena para Racing<\/strong><\/em>\u201d, sostuvo el marplatense.<\/p>\n<p>&nbsp;<\/p>\n<blockquote><p>\u201cEstoy orgulloso de mis jugadores. Hay una frase que dice \u201cvencedores vencidos\u201d y en aquel vestuario (por el de Kimberley) los hay. Mis jugadores son muy exitosos, as\u00ed lo siento yo\u201d<\/p><\/blockquote>\n<p>&nbsp;<\/p>\n<p>Si bien el conjunto de \u201cLa Estrellita\u201d no mostr\u00f3 su mejor versi\u00f3n como en anteriores partidos, el DT manifest\u00f3 que \u201c<em>me gustar\u00eda ver el partido otra vez para hacer un an\u00e1lisis. Uno est\u00e1 lejos y no s\u00e9 si es penal o no, si es offside o no, no puedo discutir, pero <strong>vi un Racing protagonista que busc\u00f3 el arco ante un rival que sabe que juega de contragolpe y tiene un arquero maravilloso, le salv\u00f3 gran parte de este partido<\/strong><\/em>\u201d.<\/p>\n<p>&nbsp;<\/p>\n<p><img data-recalc-dims=\"1\" loading=\"lazy\" decoding=\"async\" class=\"aligncenter size-large wp-image-47092\" src=\"https:\/\/i0.wp.com\/cdnoticias.com\/wp-content\/uploads\/2024\/01\/rac-kim-19.jpg?resize=800%2C533&#038;ssl=1\" alt=\"\" width=\"800\" height=\"533\" \/><\/p>\n<p>&nbsp;<\/p>\n<blockquote><p>\u201cLos jugadores dieron todo, pero sabemos lo que pasa afuera del campo de juego y dentro fuimos competitivos. Ojal\u00e1 ascienda esta gente para que no los tengamos el a\u00f1o que viene\u201d<\/p><\/blockquote>\n<p>&nbsp;<\/p>\n<p>Posteriormente, el \u201cChueco\u201d dej\u00f3 en claro su continuidad y habl\u00f3 sobre el futuro del equipo: \u201c<strong><em>Ahora vamos a tener una semana de vacaciones para empezar de la mejor forma lo que nos toca en lo inmediato, que es la Superfinal <\/em><\/strong>(con Embajadores)<strong><em> y despu\u00e9s el Interligas otra vez para ser protagonistas<\/em><\/strong>\u201d, concluy\u00f3.<\/p>\n","protected":false},"excerpt":{"rendered":"<p>El t\u00e9cnico de Racing brind\u00f3 sus declaraciones una vez finalizado el partido en el Buglione Martinese. Analiz\u00f3 lo sucedido futbol\u00edsticamente<\/p>\n","protected":false},"author":96739694,"featured_media":159478,"comment_status":"closed","ping_status":"closed","sticky":false,"template":"","format":"standard","meta":{"_jetpack_memberships_contains_paid_content":false,"footnotes":""},"categories":[35,1,54],"tags":[],"class_list":["post-47113","post","type-post","status-publish","format-standard","has-post-thumbnail","hentry","category-futbol","category-portada","category-torneo-regional-amateur"],"jetpack_featured_media_url":"https:\/\/i0.wp.com\/cdnoticias.com\/wp-content\/uploads\/2024\/01\/rac-kim-18.jpg?fit=1280%2C853&ssl=1","jetpack_sharing_enabled":true,"_links":{"self":[{"href":"https:\/\/cdnoticias.com\/index.php\/wp-json\/wp\/v2\/posts\/47113","targetHints":{"allow":["GET"]}}],"collection":[{"href":"https:\/\/cdnoticias.com\/index.php\/wp-json\/wp\/v2\/posts"}],"about":[{"href":"https:\/\/cdnoticias.com\/index.php\/wp-json\/wp\/v2\/types\/post"}],"author":[{"embeddable":true,"href":"https:\/\/cdnoticias.com\/index.php\/wp-json\/wp\/v2\/users\/96739694"}],"replies":[{"embeddable":true,"href":"https:\/\/cdnoticias.com\/index.php\/wp-json\/wp\/v2\/comments?post=47113"}],"version-history":[{"count":0,"href":"https:\/\/cdnoticias.com\/index.php\/wp-json\/wp\/v2\/posts\/47113\/revisions"}],"wp:featuredmedia":[{"embeddable":true,"href":"https:\/\/cdnoticias.com\/index.php\/wp-json\/wp\/v2\/media\/159478"}],"wp:attachment":[{"href":"https:\/\/cdnoticias.com\/index.php\/wp-json\/wp\/v2\/media?parent=47113"}],"wp:term":[{"taxonomy":"category","embeddable":true,"href":"https:\/\/cdnoticias.com\/index.php\/wp-json\/wp\/v2\/categories?post=47113"},{"taxonomy":"post_tag","embeddable":true,"href":"https:\/\/cdnoticias.com\/index.php\/wp-json\/wp\/v2\/tags?post=47113"}],"curies":[{"name":"wp","href":"https:\/\/api.w.org\/{rel}","templated":true}]}}