{"id":47103,"date":"2022-02-21T21:01:55","date_gmt":"2022-02-22T00:01:55","guid":{"rendered":"https:\/\/www.centraldenoticias.com.ar\/?p=47103"},"modified":"2022-02-22T15:20:00","modified_gmt":"2022-02-22T18:20:00","slug":"nueva-audicion-para-el-ballet-folklorico-municipal","status":"publish","type":"post","link":"https:\/\/cdnoticias.com\/index.php\/2022\/02\/21\/nueva-audicion-para-el-ballet-folklorico-municipal\/","title":{"rendered":"Nueva audici\u00f3n para el Ballet Folkl\u00f3rico Municipal"},"content":{"rendered":"<p>Ser\u00e1 el pr\u00f3ximo 26 de febrero a las 10:30 en el Teatro Municipal. <em><strong>Central de Noticias<\/strong><\/em> dialog\u00f3 con H\u00e9ctor Kriger, director del Ballet Folkl\u00f3rico Municipal. Los detalles. <!--more--><\/p>\n<hr \/>\n<p>&nbsp;<\/p>\n<p><em>Por: Danisa Jaime<\/em><\/p>\n<p>&nbsp;<\/p>\n<p>El <strong>Ballet Folkl\u00f3rico Municipal<\/strong> comienza un<strong> nuevo a\u00f1o de ensayos para futuras presentaciones<\/strong>. Es por esto que se realizar\u00e1 una<strong> nueva audici\u00f3n<\/strong> para <strong>seleccionar a bailarinas y bailarines<\/strong> que quieran ser parte del grupo.<\/p>\n<p>&nbsp;<\/p>\n<p>La <strong>audici\u00f3n ser\u00e1 el pr\u00f3ximo 26 de febrero a las 10:30 en el Teatro Municipal.<\/strong> Los <strong>requisitos<\/strong> a tener en cuenta son tener <strong>18 a\u00f1os de edad como m\u00ednimo, conocer sobre danzas folkl\u00f3ricas argentinas y otras t\u00e9cnicas de danza, y tener disponibilidad para ensayos y funciones.<\/strong><\/p>\n<p>&nbsp;<\/p>\n<p><strong>H\u00e9ctor Kriger,<\/strong> <strong>director del Ballet Folkl\u00f3rico Municipal<\/strong> dialog\u00f3 con <strong><em>Central de Noticias<\/em><\/strong> sobre la b\u00fasqueda de aspirantes y explic\u00f3 que &#8220;estamos buscando reconformar el elenco, ya que tenemos alguna necesidad puntual de la cantidad de bailarines y para tener un <strong>panorama ante cualquier evento o reemplazo.<\/strong> Hoy en d\u00eda son 7 parejas, pero ahora estamos con 6. La <strong>necesidad puntual es de una pareja, m\u00e1s pero tambi\u00e9n estamos ante la posibilidad de que se incremente el n\u00famero de bailarines&#8221;.<\/strong><\/p>\n<p>&nbsp;<\/p>\n<p><img data-recalc-dims=\"1\" loading=\"lazy\" decoding=\"async\" class=\"aligncenter wp-image-30557 size-large\" src=\"https:\/\/i0.wp.com\/cdnoticias.com\/wp-content\/uploads\/2021\/08\/Ballet-Folcl%C3%B3rico-Municipal-1024x682-1024x682.jpg?resize=800%2C533&#038;ssl=1\" alt=\"\" width=\"800\" height=\"533\" srcset=\"https:\/\/i0.wp.com\/cdnoticias.com\/wp-content\/uploads\/2021\/08\/Ballet-Folcl%C3%B3rico-Municipal-1024x682.jpg?resize=1024%2C682&amp;ssl=1 1024w, https:\/\/i0.wp.com\/cdnoticias.com\/wp-content\/uploads\/2021\/08\/Ballet-Folcl%C3%B3rico-Municipal-1024x682.jpg?resize=300%2C200&amp;ssl=1 300w, https:\/\/i0.wp.com\/cdnoticias.com\/wp-content\/uploads\/2021\/08\/Ballet-Folcl%C3%B3rico-Municipal-1024x682.jpg?resize=768%2C512&amp;ssl=1 768w, https:\/\/i0.wp.com\/cdnoticias.com\/wp-content\/uploads\/2021\/08\/Ballet-Folcl%C3%B3rico-Municipal-1024x682.jpg?resize=272%2C182&amp;ssl=1 272w\" sizes=\"auto, (max-width: 800px) 100vw, 800px\" \/><\/p>\n<p>&nbsp;<\/p>\n<p>En cuanto a la <strong>audici\u00f3n<\/strong> Kriger coment\u00f3 que &#8220;tiene una<strong> clase t\u00e9cnica<\/strong> en donde los aspirantes van a ir siguiendo el montaje de una secuencia coreogr\u00e1fica sencilla para<strong> poder evaluar<\/strong> musicalidad, t\u00e9cnica corporal, respuesta ante la marcaci\u00f3n coreogr\u00e1fica e interpretaci\u00f3n de la misma. Luego, va a tener una parte que van a tener que <strong>bailar folclore qu\u00e9 es lo m\u00e1s importante para nosotros,<\/strong> ver c\u00f3mo resuelven algunas danzas tradicionales que les vamos a ir poniendo al azar y alguna <strong>parte r\u00edtmica<\/strong> que nos interesa bastante&#8221;.<\/p>\n<p>&nbsp;<\/p>\n<p>La <strong>audici\u00f3n ser\u00e1 evaluada<\/strong> por el director, la subdirectora, un asistente, un profesor de malambo y dos bailarinas integrantes del cuerpo de baile. El mismo s\u00e1bado 26 de febrero<strong> definir\u00e1n a los seleccionados y armar\u00e1n un orden de m\u00e9rito\u00a0ante un eventual reemplazo.<\/strong><\/p>\n<p>&nbsp;<\/p>\n<p>&#8220;<strong>El requisito de los 18 a\u00f1os es fundamental porque son contratados. Los que ingresan tienen una remuneraci\u00f3n econ\u00f3mica, es un trabajo. Por eso tienen que cumplir con la totalidad de los ensayos&#8221;,<\/strong> explic\u00f3 Kriger. Los ensayos son los d\u00edas\u00a0mi\u00e9rcoles de 21:30 a 00:00 y los s\u00e1bados de 8:30 a 13:00.<\/p>\n<p>&nbsp;<\/p>\n<p><img data-recalc-dims=\"1\" loading=\"lazy\" decoding=\"async\" class=\"aligncenter wp-image-47112 size-full\" src=\"https:\/\/i0.wp.com\/cdnoticias.com\/wp-content\/uploads\/2022\/02\/Gala-25-de-Mayo-10-1024x683-800x445-1.jpg?resize=800%2C445&#038;ssl=1\" alt=\"\" width=\"800\" height=\"445\" srcset=\"https:\/\/i0.wp.com\/cdnoticias.com\/wp-content\/uploads\/2022\/02\/Gala-25-de-Mayo-10-1024x683-800x445-1.jpg?w=800&amp;ssl=1 800w, https:\/\/i0.wp.com\/cdnoticias.com\/wp-content\/uploads\/2022\/02\/Gala-25-de-Mayo-10-1024x683-800x445-1.jpg?resize=300%2C167&amp;ssl=1 300w, https:\/\/i0.wp.com\/cdnoticias.com\/wp-content\/uploads\/2022\/02\/Gala-25-de-Mayo-10-1024x683-800x445-1.jpg?resize=768%2C427&amp;ssl=1 768w\" sizes=\"auto, (max-width: 800px) 100vw, 800px\" \/><\/p>\n<p>&nbsp;<\/p>\n<p>En relaci\u00f3n a la <strong>pandemia por Covid 19 el elenco nunca par\u00f3 de trabajar.<\/strong> &#8220;No nos juntamos a ensayar de manera presencial en momentos de aislamiento total, pero s\u00ed <strong>hicimos obras de manera virtual que se pueden ver en nuestro canal de Youtube. En pandemia hicimos muchas producciones audiovisuales cada uno desde su casa<\/strong>. Cuando pudimos reincorporarnos a lo presencial, algo m\u00e1s que necesario para nuestro lenguaje, hicimos presencias f\u00edsicas como por ejemplo en el <strong>Aplauso al Asador<\/strong>&#8220;, coment\u00f3 Kriger.<\/p>\n<p>&nbsp;<\/p>\n<p>La<a href=\"https:\/\/cdnoticias.com\/index.php\/2021\/12\/06\/el-ballet-folklorico-municipal-despide-el-ano-en-sierras-bayas\/\" target=\"_blank\" rel=\"noopener\"> \u00faltima presentaci\u00f3n fue el pasado 12 de diciembre en Sierras Bayas<\/a> donde presentaron la obra<strong> &#8220;De y Por&#8221;, en la cual los bailarines eran core\u00f3grafos de sus propuestas.\u00a0<\/strong><\/p>\n<p>&nbsp;<\/p>\n<p>Este a\u00f1o, el<strong> 20 de enero comenzaron los ensayos<\/strong> para su <strong>presentaci\u00f3n en el Festival de Doma y Folclore<\/strong> previsto para el <strong>pr\u00f3ximo 4, 5 y 6 de marzo,<\/strong> en el cual har\u00e1n la <strong>apertura los tres d\u00edas<\/strong>. &#8220;<strong>No vamos a contar con los ingresantes en este festival,<\/strong> ya que primero deben tener el alta administrativa. Vamos a <strong>presentarnos con el elenco estable, que es con el cual ya estamos ensayando<\/strong>&#8220;, finaliz\u00f3 el director.<\/p>\n<p>&nbsp;<\/p>\n<p>La <strong>inscripci\u00f3n previa es hasta el 24 de febrero<\/strong> inclusive. <strong>Interesados<\/strong> se pueden contactar al mail <strong>balletfolklorico@olavarria.gov.ar<\/strong> o al tel\u00e9fono<strong> 2284-606513.<\/strong><\/p>\n","protected":false},"excerpt":{"rendered":"<p>Ser\u00e1 el pr\u00f3ximo 26 de febrero a las 10:30 en el Teatro Municipal. Central de Noticias dialog\u00f3 con H\u00e9ctor Kriger,<\/p>\n","protected":false},"author":6,"featured_media":0,"comment_status":"closed","ping_status":"closed","sticky":false,"template":"","format":"standard","meta":{"_jetpack_memberships_contains_paid_content":false,"footnotes":""},"categories":[9,1],"tags":[],"class_list":["post-47103","post","type-post","status-publish","format-standard","hentry","category-cultura","category-portada"],"jetpack_featured_media_url":"","jetpack_sharing_enabled":true,"_links":{"self":[{"href":"https:\/\/cdnoticias.com\/index.php\/wp-json\/wp\/v2\/posts\/47103","targetHints":{"allow":["GET"]}}],"collection":[{"href":"https:\/\/cdnoticias.com\/index.php\/wp-json\/wp\/v2\/posts"}],"about":[{"href":"https:\/\/cdnoticias.com\/index.php\/wp-json\/wp\/v2\/types\/post"}],"author":[{"embeddable":true,"href":"https:\/\/cdnoticias.com\/index.php\/wp-json\/wp\/v2\/users\/6"}],"replies":[{"embeddable":true,"href":"https:\/\/cdnoticias.com\/index.php\/wp-json\/wp\/v2\/comments?post=47103"}],"version-history":[{"count":0,"href":"https:\/\/cdnoticias.com\/index.php\/wp-json\/wp\/v2\/posts\/47103\/revisions"}],"wp:attachment":[{"href":"https:\/\/cdnoticias.com\/index.php\/wp-json\/wp\/v2\/media?parent=47103"}],"wp:term":[{"taxonomy":"category","embeddable":true,"href":"https:\/\/cdnoticias.com\/index.php\/wp-json\/wp\/v2\/categories?post=47103"},{"taxonomy":"post_tag","embeddable":true,"href":"https:\/\/cdnoticias.com\/index.php\/wp-json\/wp\/v2\/tags?post=47103"}],"curies":[{"name":"wp","href":"https:\/\/api.w.org\/{rel}","templated":true}]}}