{"id":47090,"date":"2022-02-23T08:14:56","date_gmt":"2022-02-23T11:14:56","guid":{"rendered":"https:\/\/www.centraldenoticias.com.ar\/?p=47090"},"modified":"2022-02-23T08:13:58","modified_gmt":"2022-02-23T11:13:58","slug":"la-defensa-publica-civil-recorrera-las-localidades-del-partido","status":"publish","type":"post","link":"https:\/\/cdnoticias.com\/index.php\/2022\/02\/23\/la-defensa-publica-civil-recorrera-las-localidades-del-partido\/","title":{"rendered":"La Defensa P\u00fablica Civil recorrer\u00e1 las localidades del Partido"},"content":{"rendered":"<p>A partir de marzo se retomar\u00e1 la atenci\u00f3n presencial y se lo har\u00e1 visitando distintos puntos del Partido de Olavarr\u00eda. El <strong>cronograma<\/strong>.<!--more--><\/p>\n<hr \/>\n<p>Desde la Defensa P\u00fablica Civil del Departamento Judicial de Azul se expres\u00f3 que a partir del pr\u00f3ximo mes de marzo se retomar\u00e1 la atenci\u00f3n presencial, con la particularidad que se lo har\u00e1 de <strong>manera descentralizada, visitando &#8220;comunidades peque\u00f1as y rurales&#8221;<\/strong>.<\/p>\n<p>&nbsp;<\/p>\n<p><img data-recalc-dims=\"1\" loading=\"lazy\" decoding=\"async\" class=\"aligncenter wp-image-47093 size-full\" src=\"https:\/\/i0.wp.com\/cdnoticias.com\/wp-content\/uploads\/2022\/02\/loma-negra1.jpg?resize=621%2C877&#038;ssl=1\" alt=\"\" width=\"621\" height=\"877\" srcset=\"https:\/\/i0.wp.com\/cdnoticias.com\/wp-content\/uploads\/2022\/02\/loma-negra1.jpg?w=621&amp;ssl=1 621w, https:\/\/i0.wp.com\/cdnoticias.com\/wp-content\/uploads\/2022\/02\/loma-negra1.jpg?resize=212%2C300&amp;ssl=1 212w\" sizes=\"auto, (max-width: 621px) 100vw, 621px\" \/><\/p>\n<p>&nbsp;<\/p>\n<p>De acuerdo con lo que precis\u00f3, en lo que a Olavarr\u00eda refiere, todo se iniciar\u00e1 el pr\u00f3ximo 9 de marzo en <strong>Loma Negra<\/strong>, m\u00e1s precisamente en la delegaci\u00f3n de la localidad, donde atender\u00e1n de 8:30 a 11:30.<\/p>\n<p>&nbsp;<\/p>\n<p><img data-recalc-dims=\"1\" loading=\"lazy\" decoding=\"async\" class=\"size-full wp-image-47092 aligncenter\" src=\"https:\/\/i0.wp.com\/cdnoticias.com\/wp-content\/uploads\/2022\/02\/recalde1.jpg?resize=621%2C877&#038;ssl=1\" alt=\"\" width=\"621\" height=\"877\" srcset=\"https:\/\/i0.wp.com\/cdnoticias.com\/wp-content\/uploads\/2022\/02\/recalde1.jpg?w=621&amp;ssl=1 621w, https:\/\/i0.wp.com\/cdnoticias.com\/wp-content\/uploads\/2022\/02\/recalde1.jpg?resize=212%2C300&amp;ssl=1 212w\" sizes=\"auto, (max-width: 621px) 100vw, 621px\" \/><\/p>\n<p>&nbsp;<\/p>\n<p>Al d\u00eda siguiente estar\u00e1n en la Unidad Sanitaria de <strong>Recalde<\/strong>, tambi\u00e9n de 8:30 a 11:30, pero ese mismo tambi\u00e9n atender\u00e1n a vecinos y vecinas que se acerquen de 12 a 14 a la Unidad Sanitaria de <strong>Blanca Grande<\/strong>.<\/p>\n<p>&nbsp;<\/p>\n<p><img data-recalc-dims=\"1\" loading=\"lazy\" decoding=\"async\" class=\"size-full wp-image-47091 aligncenter\" src=\"https:\/\/i0.wp.com\/cdnoticias.com\/wp-content\/uploads\/2022\/02\/S-bayas1.jpg?resize=621%2C877&#038;ssl=1\" alt=\"\" width=\"621\" height=\"877\" srcset=\"https:\/\/i0.wp.com\/cdnoticias.com\/wp-content\/uploads\/2022\/02\/S-bayas1.jpg?w=621&amp;ssl=1 621w, https:\/\/i0.wp.com\/cdnoticias.com\/wp-content\/uploads\/2022\/02\/S-bayas1.jpg?resize=212%2C300&amp;ssl=1 212w\" sizes=\"auto, (max-width: 621px) 100vw, 621px\" \/><\/p>\n<p>&nbsp;<\/p>\n<p>El 16 de marzo la Defensor\u00eda P\u00fablica Civil atender\u00e1 en la delegaci\u00f3n municipal de <strong>Sierras Bayas<\/strong>, tambi\u00e9n de 8:30 a 11:30. Id\u00e9ntico horario ser\u00e1 durante el 17 de marzo en el Centro de Jubilados de <strong>Hinojo<\/strong>.<\/p>\n<p>&nbsp;<\/p>\n<p><img data-recalc-dims=\"1\" loading=\"lazy\" decoding=\"async\" class=\"size-full wp-image-47094 aligncenter\" src=\"https:\/\/i0.wp.com\/cdnoticias.com\/wp-content\/uploads\/2022\/02\/hinojo1.jpg?resize=621%2C877&#038;ssl=1\" alt=\"\" width=\"621\" height=\"877\" srcset=\"https:\/\/i0.wp.com\/cdnoticias.com\/wp-content\/uploads\/2022\/02\/hinojo1.jpg?w=621&amp;ssl=1 621w, https:\/\/i0.wp.com\/cdnoticias.com\/wp-content\/uploads\/2022\/02\/hinojo1.jpg?resize=212%2C300&amp;ssl=1 212w\" sizes=\"auto, (max-width: 621px) 100vw, 621px\" \/><\/p>\n<p>&nbsp;<\/p>\n<p>El 23 todo retornar\u00e1 a<strong> Loma Negra<\/strong>, m\u00e1s precisamente a la Delegaci\u00f3n Municipal de esa localidad, mientras que la \u00faltima jornada pautada ser\u00e1 el 24 de marzo y tendr\u00e1 como escenario la Delegaci\u00f3n Municipal de <strong>Espigas<\/strong>, siempre en el horario de 8:30 a 11:30.<\/p>\n<p>&nbsp;<\/p>\n<p><img data-recalc-dims=\"1\" loading=\"lazy\" decoding=\"async\" class=\"size-full wp-image-47095 aligncenter\" src=\"https:\/\/i0.wp.com\/cdnoticias.com\/wp-content\/uploads\/2022\/02\/espigas1.jpg?resize=621%2C877&#038;ssl=1\" alt=\"\" width=\"621\" height=\"877\" srcset=\"https:\/\/i0.wp.com\/cdnoticias.com\/wp-content\/uploads\/2022\/02\/espigas1.jpg?w=621&amp;ssl=1 621w, https:\/\/i0.wp.com\/cdnoticias.com\/wp-content\/uploads\/2022\/02\/espigas1.jpg?resize=212%2C300&amp;ssl=1 212w\" sizes=\"auto, (max-width: 621px) 100vw, 621px\" \/><\/p>\n<p>&nbsp;<\/p>\n<p>Vale dar cuenta que el cronograma contempla recorridas <strong>hasta el mes de julio inclusiv<\/strong>e.<\/p>\n<p>&nbsp;<\/p>\n<p><em><strong>Qu\u00e9 servicio se brindar\u00e1<\/strong><\/em><\/p>\n<p>&nbsp;<\/p>\n<p>De acuerdo con lo que se precis\u00f3, \u201clos\/as ciudadanos\/as pueden recibir asesoramiento, asistencia t\u00e9cnica y\/o representaci\u00f3n jur\u00eddica, en forma gratuita por parte de un abogado\/a de la Defensa P\u00fablica en lo Civil del Departamento Judicial de Azul en materia de<strong> cuotas alimentarias, cuidado personal, reg\u00edmenes de contacto, desalojos, acciones de filiaci\u00f3n, violencia familiar y de g\u00e9nero, amparos, medidas de abrigo, guardas, determinaci\u00f3n de la capacidad jur\u00eddica, internaciones<\/strong>, entre otros\u201d.<\/p>\n<p>&nbsp;<\/p>\n<p>\u201cLa Defensa P\u00fablica est\u00e1 integrada por defensores\/as p\u00fablicos que act\u00faan tanto en sede civil, comercial, familia y penal.\u00a0 La Defensa P\u00fablica Regional en el fuero civil ha descentralizado su atenci\u00f3n en comunidades peque\u00f1as y rurales de los partidos incluidos en el Departamento Judicial de Azul, con la colaboraci\u00f3n de delegaciones municipales y organizaciones de la comunidad. En estos centros <strong>brindamos la misma atenci\u00f3n que en las sedes centrales, buscando asegurar de este modo el acceso a la Justicia<\/strong>\u201d, concluyeron en la gacetilla enviada a los medios period\u00edsticos.<\/p>\n","protected":false},"excerpt":{"rendered":"<p>A partir de marzo se retomar\u00e1 la atenci\u00f3n presencial y se lo har\u00e1 visitando distintos puntos del Partido de Olavarr\u00eda.<\/p>\n","protected":false},"author":3,"featured_media":42280,"comment_status":"closed","ping_status":"closed","sticky":false,"template":"","format":"standard","meta":{"_jetpack_memberships_contains_paid_content":false,"footnotes":""},"categories":[5,1],"tags":[],"class_list":["post-47090","post","type-post","status-publish","format-standard","has-post-thumbnail","hentry","category-informacion-general","category-portada"],"jetpack_featured_media_url":"https:\/\/i0.wp.com\/cdnoticias.com\/wp-content\/uploads\/2021\/12\/fiscalia01.jpg?fit=800%2C445&ssl=1","jetpack_sharing_enabled":true,"_links":{"self":[{"href":"https:\/\/cdnoticias.com\/index.php\/wp-json\/wp\/v2\/posts\/47090","targetHints":{"allow":["GET"]}}],"collection":[{"href":"https:\/\/cdnoticias.com\/index.php\/wp-json\/wp\/v2\/posts"}],"about":[{"href":"https:\/\/cdnoticias.com\/index.php\/wp-json\/wp\/v2\/types\/post"}],"author":[{"embeddable":true,"href":"https:\/\/cdnoticias.com\/index.php\/wp-json\/wp\/v2\/users\/3"}],"replies":[{"embeddable":true,"href":"https:\/\/cdnoticias.com\/index.php\/wp-json\/wp\/v2\/comments?post=47090"}],"version-history":[{"count":0,"href":"https:\/\/cdnoticias.com\/index.php\/wp-json\/wp\/v2\/posts\/47090\/revisions"}],"wp:featuredmedia":[{"embeddable":true,"href":"https:\/\/cdnoticias.com\/index.php\/wp-json\/wp\/v2\/media\/42280"}],"wp:attachment":[{"href":"https:\/\/cdnoticias.com\/index.php\/wp-json\/wp\/v2\/media?parent=47090"}],"wp:term":[{"taxonomy":"category","embeddable":true,"href":"https:\/\/cdnoticias.com\/index.php\/wp-json\/wp\/v2\/categories?post=47090"},{"taxonomy":"post_tag","embeddable":true,"href":"https:\/\/cdnoticias.com\/index.php\/wp-json\/wp\/v2\/tags?post=47090"}],"curies":[{"name":"wp","href":"https:\/\/api.w.org\/{rel}","templated":true}]}}