{"id":47021,"date":"2022-02-20T18:36:18","date_gmt":"2022-02-20T21:36:18","guid":{"rendered":"https:\/\/www.centraldenoticias.com.ar\/?p=47021"},"modified":"2022-02-21T08:48:57","modified_gmt":"2022-02-21T11:48:57","slug":"galli-convoco-a-los-olavarrienses-a-colaborar-con-corrientes","status":"publish","type":"post","link":"https:\/\/cdnoticias.com\/index.php\/2022\/02\/20\/galli-convoco-a-los-olavarrienses-a-colaborar-con-corrientes\/","title":{"rendered":"Galli convoc\u00f3 a los olavarrienses a colaborar con Corrientes"},"content":{"rendered":"<p>Lo hizo a trav\u00e9s de su cuenta de Twitter este domingo por la tarde. C\u00f3mo podemos ayudar. <!--more--><\/p>\n<hr \/>\n<p>&nbsp;<\/p>\n<p>En Corrientes se est\u00e1n produciendo incendios rurales junto a una sequ\u00eda excesiva. Personas de todas partes de Argentina est\u00e1n donando elementos y dinero para ayudar a los bomberos a terminar con el fuego.<\/p>\n<p>&nbsp;<\/p>\n<p>El Intendente Ezequiel Galli, este domingo por la tarde realiz\u00f3 un posteo en su cuenta de Twitter sum\u00e1ndose a la causa y pidiendo a los olavarrienses que se sumen a la colecta.<\/p>\n<p>&nbsp;<\/p>\n<blockquote class=\"twitter-tweet\">\n<p dir=\"ltr\" lang=\"es\">Ayudamos a los Correntinos? Desde Olavarr\u00eda podemos juntar solidariamente elementos necesarios para quienes est\u00e1n sufriendo los incendios. Desde ma\u00f1ana de 16:00 a 20:00, vamos a estar recibiendo donaciones en nuestro local partidario de Vte. Lopez 3246 (sigue)<\/p>\n<p>\u2014 Ezequiel Galli (@ezequielgalli) <a href=\"https:\/\/twitter.com\/ezequielgalli\/status\/1495486535558438920?ref_src=twsrc%5Etfw\">February 20, 2022<\/a><\/p><\/blockquote>\n<p><script async src=\"https:\/\/platform.twitter.com\/widgets.js\" charset=\"utf-8\"><\/script><\/p>\n<p>&nbsp;<\/p>\n<div class=\"css-1dbjc4n\">\n<div class=\"css-1dbjc4n r-1s2bzr4\">\n<div id=\"id__ucuu3o5glcf\" class=\"css-901oao r-1fmj7o5 r-37j5jr r-1blvdjr r-16dba41 r-vrz42v r-bcqeeo r-bnwqim r-qvutc0\" dir=\"auto\" lang=\"es\"><span class=\"css-901oao css-16my406 r-poiln3 r-bcqeeo r-qvutc0\">&#8220;Se necesita agua mineral, bebidas energizantes, barras de cereal, elementos para cuidado de animales, alimentos para animales, todo lo que tengas que pueda ser necesario ante la cat\u00e1strofe que est\u00e1 viviendo la Pcia. de Corrientes, lo vamos a estar juntando&#8221; agreg\u00f3 el Intendente.<\/span><\/div>\n<\/div>\n<\/div>\n<div class=\"css-1dbjc4n\"><\/div>\n<div class=\"css-1dbjc4n r-1r5su4o\">\n<div class=\"css-1dbjc4n r-1awozwy r-18u37iz r-1wtj0ep\"><\/div>\n<\/div>\n<div class=\"css-1dbjc4n\">\n<div class=\"css-1dbjc4n r-1s2bzr4\">\n<div id=\"id__q7jc2z1yuz\" class=\"css-901oao r-1fmj7o5 r-37j5jr r-1blvdjr r-16dba41 r-vrz42v r-bcqeeo r-bnwqim r-qvutc0\" dir=\"auto\" lang=\"es\"><span class=\"css-901oao css-16my406 r-poiln3 r-bcqeeo r-qvutc0\">La colecta comenzar\u00e1 este lunes desde las 16 en el local partidario del Pro en Vicente Lopez 3246.\u00a0<\/span><\/div>\n<\/div>\n<\/div>\n","protected":false},"excerpt":{"rendered":"<p>Lo hizo a trav\u00e9s de su cuenta de Twitter este domingo por la tarde. C\u00f3mo podemos ayudar.<\/p>\n","protected":false},"author":6,"featured_media":32281,"comment_status":"closed","ping_status":"closed","sticky":false,"template":"","format":"standard","meta":{"_jetpack_memberships_contains_paid_content":false,"footnotes":""},"categories":[4,1],"tags":[],"class_list":["post-47021","post","type-post","status-publish","format-standard","has-post-thumbnail","hentry","category-politica","category-portada"],"jetpack_featured_media_url":"https:\/\/i0.wp.com\/cdnoticias.com\/wp-content\/uploads\/2021\/09\/Galli.jpg?fit=800%2C445&ssl=1","jetpack_sharing_enabled":true,"_links":{"self":[{"href":"https:\/\/cdnoticias.com\/index.php\/wp-json\/wp\/v2\/posts\/47021","targetHints":{"allow":["GET"]}}],"collection":[{"href":"https:\/\/cdnoticias.com\/index.php\/wp-json\/wp\/v2\/posts"}],"about":[{"href":"https:\/\/cdnoticias.com\/index.php\/wp-json\/wp\/v2\/types\/post"}],"author":[{"embeddable":true,"href":"https:\/\/cdnoticias.com\/index.php\/wp-json\/wp\/v2\/users\/6"}],"replies":[{"embeddable":true,"href":"https:\/\/cdnoticias.com\/index.php\/wp-json\/wp\/v2\/comments?post=47021"}],"version-history":[{"count":0,"href":"https:\/\/cdnoticias.com\/index.php\/wp-json\/wp\/v2\/posts\/47021\/revisions"}],"wp:featuredmedia":[{"embeddable":true,"href":"https:\/\/cdnoticias.com\/index.php\/wp-json\/wp\/v2\/media\/32281"}],"wp:attachment":[{"href":"https:\/\/cdnoticias.com\/index.php\/wp-json\/wp\/v2\/media?parent=47021"}],"wp:term":[{"taxonomy":"category","embeddable":true,"href":"https:\/\/cdnoticias.com\/index.php\/wp-json\/wp\/v2\/categories?post=47021"},{"taxonomy":"post_tag","embeddable":true,"href":"https:\/\/cdnoticias.com\/index.php\/wp-json\/wp\/v2\/tags?post=47021"}],"curies":[{"name":"wp","href":"https:\/\/api.w.org\/{rel}","templated":true}]}}