{"id":47011,"date":"2022-02-20T17:18:36","date_gmt":"2022-02-20T20:18:36","guid":{"rendered":"https:\/\/www.centraldenoticias.com.ar\/?p=47011"},"modified":"2022-02-21T08:47:28","modified_gmt":"2022-02-21T11:47:28","slug":"la-era-de-los-editores-y-la-respuesta-gestion","status":"publish","type":"post","link":"https:\/\/cdnoticias.com\/index.php\/2022\/02\/20\/la-era-de-los-editores-y-la-respuesta-gestion\/","title":{"rendered":"La era de los editores y la respuesta &#8220;gesti\u00f3n&#8221;"},"content":{"rendered":"<p>Hubo m\u00e1s novedades en el caso de los terrenos, en materia judicial, pero sobre todo en materia pol\u00edtica. Los dardos contra el Palacio, y la respuesta de Ezequiel Galli.<!--more--><\/p>\n<hr \/>\n<p>Extracto del newsletter Volver a las Fuentes, <a href=\"https:\/\/mailchi.mp\/78e1d5ffaf4d\/la-era-de-los-editores-se-tiran-con-audios?e=e4ffb04d40\" target=\"_blank\" rel=\"noopener\">donde se puede acceder y suscribir ac\u00e1<\/a>. Por <strong>Alexis Grierson y Josefina Bargas<\/strong>.<\/p>\n<p>&nbsp;<\/p>\n<p><strong>Todos conseguimos audios<\/strong><\/p>\n<p>&nbsp;<\/p>\n<p>El domingo pasado, con todo bastante fresco, <a href=\"https:\/\/cdnoticias.com\/index.php\/2022\/02\/13\/los-terrenos-las-novedades-de-la-justicia-y-la-sorpresa-de-los-audios-viralizados\/\">cont\u00e1bamos la <strong>viralizaci\u00f3n de un audio<\/strong><\/a> que se\u00f1alaba la posibilidad de m\u00e1s personas implicadas en la venta de terrenos. El mismo domingo <strong>uno de los autores se encarg\u00f3 de desmentir la relaci\u00f3n con la causa<\/strong> que actualmente se investiga en fiscal\u00eda, y se\u00f1al\u00f3 que se trataba de una transacci\u00f3n de un fondo de comercio a cambio de unos terrenos.<\/p>\n<p>&nbsp;<\/p>\n<p>Mientras el esc\u00e1ndalo crec\u00eda y los implicados tambi\u00e9n aumentaban, <a href=\"https:\/\/cdnoticias.com\/index.php\/2022\/02\/14\/sebastian-vega-es-todo-una-mentira\/\">uno de los protagonistas del audio lleg\u00f3 para dejar todo en claro, o al menos su versi\u00f3n de los hechos<\/a>: se trata de <strong>Sebasti\u00e1n Vega, peluquero y comerciante que admiti\u00f3 que todos los participantes eran efectivamente quienes dec\u00eda el video<\/strong> que acompa\u00f1aba el audio, pero que hab\u00eda \u201cmalicia\u201d en la edici\u00f3n para perjudicarlos.<\/p>\n<p>&nbsp;<\/p>\n<p><img data-recalc-dims=\"1\" loading=\"lazy\" decoding=\"async\" class=\"size-large wp-image-46520 aligncenter\" src=\"https:\/\/i0.wp.com\/cdnoticias.com\/wp-content\/uploads\/2022\/02\/Sebastian-Vega-1.jpeg?resize=800%2C534&#038;ssl=1\" alt=\"\" width=\"800\" height=\"534\" srcset=\"https:\/\/i0.wp.com\/cdnoticias.com\/wp-content\/uploads\/2022\/02\/Sebastian-Vega-1.jpeg?resize=1024%2C683&amp;ssl=1 1024w, https:\/\/i0.wp.com\/cdnoticias.com\/wp-content\/uploads\/2022\/02\/Sebastian-Vega-1.jpeg?resize=300%2C200&amp;ssl=1 300w, https:\/\/i0.wp.com\/cdnoticias.com\/wp-content\/uploads\/2022\/02\/Sebastian-Vega-1.jpeg?resize=768%2C512&amp;ssl=1 768w, https:\/\/i0.wp.com\/cdnoticias.com\/wp-content\/uploads\/2022\/02\/Sebastian-Vega-1.jpeg?resize=272%2C182&amp;ssl=1 272w, https:\/\/i0.wp.com\/cdnoticias.com\/wp-content\/uploads\/2022\/02\/Sebastian-Vega-1.jpeg?w=1536&amp;ssl=1 1536w\" sizes=\"auto, (max-width: 800px) 100vw, 800px\" \/><\/p>\n<p>&nbsp;<\/p>\n<p>Adem\u00e1s, ratific\u00f3 la versi\u00f3n de la transacci\u00f3n vinculada al fondo de un comercio y unos terrenos como parte de pago, algo que seg\u00fan se indic\u00f3 por parte de Vega, \u201cfue totalmente legal\u201d. Horas despu\u00e9s, se supo que <strong>los audios <a href=\"https:\/\/cdnoticias.com\/index.php\/2022\/02\/14\/audios-viralizados-ya-forman-parte-de-la-causa-por-la-venta-de-ilegal-de-terrenos\/\" target=\"_blank\" rel=\"noopener\">ya estaban en la Justicia<\/a> por otra denuncia<\/strong>\u2026 parec\u00eda el D\u00eda de la Marmota.<\/p>\n<p>&nbsp;<\/p>\n<p>El esc\u00e1ndalo ya era <strong>mucho m\u00e1s pol\u00edtico que judicial<\/strong>, y en el aire sobrevolaban nombres de gente implicada en un pasado muy oscuro en la ciudad. Adem\u00e1s, como una pelota de nieve que bajaba de una monta\u00f1a, una denuncia por presuntas estafas <strong>(<a href=\"https:\/\/cdnoticias.com\/index.php\/2022\/02\/16\/ya-son-14-las-denuncias-por-presuntas-estafas-en-la-venta-terrenos\/\" target=\"_blank\" rel=\"noopener\">actualmente hay 14 en la UFI de Paula Serrano<\/a>)<\/strong> creci\u00f3 hasta poner en jaque ciertos \u201cpoderes\u201d locales. Y cuando parec\u00eda que todo se iba a un terreno de mucho m\u00e1s barro apareci\u00f3\u2026<\/p>\n<p>&nbsp;<\/p>\n<p><strong>El otro audio<\/strong><\/p>\n<p>&nbsp;<\/p>\n<p>Fue pasado el mediod\u00eda. Tras una ma\u00f1ana de rumores y versiones de <strong>\u201cotro audio\u201d finalmente vio la luz en otro video muy bien editado<\/strong>, quiz\u00e1s no tanto como el anterior pero que ten\u00eda su calidad de edici\u00f3n. All\u00ed, el dirigente pol\u00edtico y empresario <em>Emilio Moriones conversaba de forma privada con el abogado defensor de Claudio Peralta, Sergio Rold\u00e1n, acerca de intencionalidades vinculadas a lo personal y el perjuicio pol\u00edtico de integrantes del Municipio con movidas period\u00edsticas<\/em>.<\/p>\n<p>&nbsp;<\/p>\n<p>Incluso, un detalle no menor es que se desliz\u00f3 que tanto <em>Rold\u00e1n como el abogado de algunos damnificados, Beley, trabajar\u00edan en t\u00e1ndem<\/em> para \u201ccada uno hacer su juego\u201d y <strong>perjudicar m\u00e1s en lo pol\u00edtico que en lo judicial<\/strong>. El principal funcionario apuntado era <strong>Diego Robbiani<\/strong>, secretario de Desarrollo Humano y Calidad de Vida.<\/p>\n<p>&nbsp;<\/p>\n<p><img data-recalc-dims=\"1\" loading=\"lazy\" decoding=\"async\" class=\"size-large wp-image-35552 aligncenter\" src=\"https:\/\/i0.wp.com\/cdnoticias.com\/wp-content\/uploads\/2021\/10\/robbiani.jpg?resize=800%2C533&#038;ssl=1\" alt=\"\" width=\"800\" height=\"533\" srcset=\"https:\/\/i0.wp.com\/cdnoticias.com\/wp-content\/uploads\/2021\/10\/robbiani.jpg?resize=1024%2C682&amp;ssl=1 1024w, https:\/\/i0.wp.com\/cdnoticias.com\/wp-content\/uploads\/2021\/10\/robbiani.jpg?resize=300%2C200&amp;ssl=1 300w, https:\/\/i0.wp.com\/cdnoticias.com\/wp-content\/uploads\/2021\/10\/robbiani.jpg?resize=768%2C512&amp;ssl=1 768w, https:\/\/i0.wp.com\/cdnoticias.com\/wp-content\/uploads\/2021\/10\/robbiani.jpg?resize=272%2C182&amp;ssl=1 272w, https:\/\/i0.wp.com\/cdnoticias.com\/wp-content\/uploads\/2021\/10\/robbiani.jpg?w=1181&amp;ssl=1 1181w\" sizes=\"auto, (max-width: 800px) 100vw, 800px\" \/><\/p>\n<p>&nbsp;<\/p>\n<p>Lo grave, agudo y complejo de esta situaci\u00f3n no es tanto c\u00f3mo se viralizaron los audios: ese trabajo suele ser bastante simple y qued\u00f3 comprobado. El tema est\u00e1 en <strong>c\u00f3mo se obtuvieron. \u00bfRold\u00e1n o Moriones los grabaron y reenviaron a personas de poca confianza? \u00bfUno traicion\u00f3 al otro? \u00bfEn realidad son llamadas y hay tel\u00e9fonos intervenidos?<\/strong> La complejidad (y la agudeza) de las respuestas puede revelar a\u00fan m\u00e1s cuestiones \u201coscuras\u201d.<\/p>\n<p>&nbsp;<\/p>\n<p>Lo concreto es que nuevamente un audio elevaba el tema a <strong>niveles que hac\u00eda mucho tiempo no se ve\u00eda en la pol\u00edtica olavarriense<\/strong>. El giro de una causa inicial que fue virando a <strong>una guerra de videos editados con audios comprometedores<\/strong> corr\u00eda el eje de qu\u00e9 suced\u00eda y las versiones, cada vez m\u00e1s confusas.<\/p>\n<p>&nbsp;<\/p>\n<p>Nobleza obliga: <strong>es la primera vez que se difunden audios de este tipo y tono<\/strong>. M\u00e1s all\u00e1 de las explicaciones pertinentes, hay personas que admiten que s\u00ed, que la charla existi\u00f3, que eso fue as\u00ed y dieron su versi\u00f3n. Pero eso no iba a quedar ah\u00ed, porque el mismo d\u00eda lleg\u00f3\u2026<\/p>\n<p>&nbsp;<\/p>\n<p><strong>La declaraci\u00f3n<\/strong><\/p>\n<p>&nbsp;<\/p>\n<p><strong>Diego Robbiani fue el primer funcionario en prestar declaraci\u00f3n testimonial ante la fiscal Serrano por la causa terrenos<\/strong>. <a href=\"https:\/\/cdnoticias.com\/index.php\/2022\/02\/15\/diego-robbiani-es-una-operacion-politica-en-contra-de-ezequiel\/\" target=\"_blank\" rel=\"noopener\">Lo hizo de manera espont\u00e1nea<\/a> y producto del audio en el que, seg\u00fan su visi\u00f3n, buscaban incriminarlo dentro de la causa por su relaci\u00f3n con Claudio Peralta.<\/p>\n<p>&nbsp;<\/p>\n<p>Robbiani admiti\u00f3 conocer a Peralta, en el marco del liderazgo pol\u00edtico del apuntado por los damnificados de haber sido estafados en los terrenos, y la <strong>relaci\u00f3n todo el tiempo fue \u201cinstitucional\u201d<\/strong>. Con un rol preponderante en la pandemia, Peralta y Robbiani (junto con otros funcionarios, como Mariano Ciancio) trabajaron en llevar bolsones con comida a vecinos que lo requer\u00edan teniendo en cuenta la aguda situaci\u00f3n econ\u00f3mica producto del aislamiento en 2020.<\/p>\n<p>&nbsp;<\/p>\n<p><strong>Esa relaci\u00f3n \u201cse cort\u00f3\u201d a mediados de 2020, seg\u00fan Robbiani<\/strong> porque Peralta decidi\u00f3 \u201clanzar su carrera pol\u00edtica en otro espacio\u201d y dejaron de tener relaci\u00f3n. Ese fue el v\u00ednculo explicado.<\/p>\n<p>&nbsp;<\/p>\n<p>Horas despu\u00e9s, <strong>se publicaron en medios fotos de Peralta junto a varios funcionarios municipales<\/strong> (entre ellos Robbiani) que buscaban exponer la \u201ccercan\u00eda\u201d del apuntado en la causa y la gesti\u00f3n municipal. Si bien eran fotos que circulaban de hace tiempo, su publicaci\u00f3n fue posterior a la declaraci\u00f3n del funcionario.<\/p>\n<p>&nbsp;<\/p>\n<p>El propio Robbiani dijo que <strong>las fotos eran \u201cproducto de su labor como referente barrial\u201d<\/strong> y que incluso \u201cson fotos durante la campa\u00f1a, que <a href=\"https:\/\/cdnoticias.com\/index.php\/2022\/02\/16\/diego-robbiani-no-tenemos-nada-que-esconder\/\" target=\"_blank\" rel=\"noopener\">nos tomamos con `todo el mundo\u00b4 en cualquier lugar\u201d<\/a>. Otro funcionario, consultado por este newsletter, tuvo t\u00e9rminos un poco m\u00e1s directos: <em>\u201cEl a\u00f1o pasado hicimos un mont\u00f3n de domicilios, donde visitamos a los vecinos, \u00bfle vamos a pedir antecedentes penales uno por uno? Es una locura\u201d<\/em> dijo.<\/p>\n<p>&nbsp;<\/p>\n<p>Eso no es todo. Robbiani tambi\u00e9n se\u00f1al\u00f3 que todo esto es <strong>\u201cuna campa\u00f1a en contra de Ezequiel Galli y la gesti\u00f3n\u201d<\/strong> e incluso se condijo con lo que se oy\u00f3 decir al Intendente d\u00edas atr\u00e1s de la publicaci\u00f3n del \u00faltimo newsletter, algo que fue escrito en este correo.<\/p>\n<p>&nbsp;<\/p>\n<p><img data-recalc-dims=\"1\" loading=\"lazy\" decoding=\"async\" class=\"size-full wp-image-46953 aligncenter\" src=\"https:\/\/i0.wp.com\/cdnoticias.com\/wp-content\/uploads\/2022\/02\/HCD-comision-terrenos.jpg?resize=800%2C445&#038;ssl=1\" alt=\"\" width=\"800\" height=\"445\" srcset=\"https:\/\/i0.wp.com\/cdnoticias.com\/wp-content\/uploads\/2022\/02\/HCD-comision-terrenos.jpg?w=800&amp;ssl=1 800w, https:\/\/i0.wp.com\/cdnoticias.com\/wp-content\/uploads\/2022\/02\/HCD-comision-terrenos.jpg?resize=300%2C167&amp;ssl=1 300w, https:\/\/i0.wp.com\/cdnoticias.com\/wp-content\/uploads\/2022\/02\/HCD-comision-terrenos.jpg?resize=768%2C427&amp;ssl=1 768w\" sizes=\"auto, (max-width: 800px) 100vw, 800px\" \/><\/p>\n<p>&nbsp;<\/p>\n<p><strong>En el Concejo siguen los citados<\/strong><\/p>\n<p>&nbsp;<\/p>\n<p>La comisi\u00f3n especial sigue su labor: en la segunda semana de funcionamiento escucharon a <strong>8 personas que se presentaron como damnificadas<\/strong>. Tambi\u00e9n fueron funcionarios de las \u00e1reas clave del tema inmuebles en el Municipio: <strong>el secretario de Obras P\u00fablicas, el responsable de Catastro<\/strong>, la directora de Regularizaci\u00f3n Dominial, el Director de Fiscalizaci\u00f3n Tributaria, la titular de Rentas y la directora de Coordinaci\u00f3n y Despacho, M\u00f3nica Chaparro.<\/p>\n<p>&nbsp;<\/p>\n<p>Para esta semana se esperan varias autoridades importantes, entre ellas <strong>el Secretario de Desarrollo Humano, Robbiani, y el Jefe de la Estaci\u00f3n Departamental de la Polic\u00eda, Roberto Landoni<\/strong>. Adem\u00e1s, fue citado el primero en denunciar p\u00fablicamente este tipo de casos -en 2020-, Mart\u00edn Rold\u00e1n, integrante de la Mesa de Emergencia de Olavarr\u00eda.<\/p>\n<p>&nbsp;<\/p>\n<p>En tanto, esta semana algunos de los miembros de la comisi\u00f3n especial brindaron una entrevista en la que <strong>destacaron que los damnificados que se acercan al HCD les piden \u201cayuda\u201d a los concejales para que se esclarezca el caso<\/strong>.<\/p>\n<p>&nbsp;<\/p>\n<p><strong>Lo que queda: preguntas<\/strong><\/p>\n<p>&nbsp;<\/p>\n<p>La cantidad de <strong>denuncias de damnificados<\/strong> en la justicia finalmente aument\u00f3: en los primeros d\u00edas de la semana se presentaron m\u00e1s.<\/p>\n<p>&nbsp;<\/p>\n<p>Adem\u00e1s, tras el planteo que presentamos en VAF la semana pasada acerca de la tercera pata del caso y \u201clos otros\u201d perjudicados, se confirm\u00f3 que <strong>hay al menos dos denuncias presentadas por propietarios de terrenos que fueron \u201cvendidos\u201d sin su conocimiento<\/strong>.<\/p>\n<p>&nbsp;<\/p>\n<p><img data-recalc-dims=\"1\" loading=\"lazy\" decoding=\"async\" class=\"size-full wp-image-42280 aligncenter\" src=\"https:\/\/i0.wp.com\/cdnoticias.com\/wp-content\/uploads\/2021\/12\/fiscalia01.jpg?resize=800%2C445&#038;ssl=1\" alt=\"\" width=\"800\" height=\"445\" srcset=\"https:\/\/i0.wp.com\/cdnoticias.com\/wp-content\/uploads\/2021\/12\/fiscalia01.jpg?w=800&amp;ssl=1 800w, https:\/\/i0.wp.com\/cdnoticias.com\/wp-content\/uploads\/2021\/12\/fiscalia01.jpg?resize=300%2C167&amp;ssl=1 300w, https:\/\/i0.wp.com\/cdnoticias.com\/wp-content\/uploads\/2021\/12\/fiscalia01.jpg?resize=768%2C427&amp;ssl=1 768w\" sizes=\"auto, (max-width: 800px) 100vw, 800px\" \/><\/p>\n<p>&nbsp;<\/p>\n<p>Todo esto es materia de investigaci\u00f3n de la UFI 4. Quienes tienen cercan\u00eda con la causa dicen que con las exposiciones de las v\u00edctimas, <strong>es claro entender c\u00f3mo funcionaba la estafa<\/strong>. <em>\u00bfPodr\u00e1n probar la maniobra y sus autores?<\/em> Hasta el momento, no hay imputados.<\/p>\n<p>&nbsp;<\/p>\n<p>Y volviendo al tema de los audios que circularon, \u00bfqu\u00e9 muestran? Es poco lo que, a priori, suman a la investigaci\u00f3n penal. No van por ah\u00ed. Terminan evidenciando <strong>el estado de las relaciones pol\u00edticas locales<\/strong>: los resentimientos y ri\u00f1as personales, extrapolados al campo de las peleas p\u00fablicas. <em>\u201cEquivocarse y pagar\u201d. \u201cDarle algo para que no se quede sin nada\u201d. Lamentarse por \u201cun despido\u201d en un cargo p\u00fablico que era \u201cun seguro para el futuro\u201d<\/em>.<\/p>\n<p>&nbsp;<\/p>\n<p>A eso sumarle <strong>lo que est\u00e1 por fuera<\/strong>: grabar conversaciones privadas, guardarlas (\u00bfpor cu\u00e1nto tiempo?), hacerlas circular (editadas o no) a conveniencia para beneficiar y perjudicar a un sector o a otro.<\/p>\n<p>&nbsp;<\/p>\n<p>La <strong>especulaci\u00f3n y la manipulaci\u00f3n como respuesta a la vulnerabilidad ajena<\/strong> expuestas como una herida infectada. Hasta ah\u00ed el panorama.<\/p>\n<p>&nbsp;<\/p>\n<p><strong>Obras y recorridas<\/strong><\/p>\n<p>&nbsp;<\/p>\n<p>Cuando la mira m\u00e1s apuntaba al Municipio con todo el hurac\u00e1n de los audios, <strong>Ezequiel Galli se agarr\u00f3 fuerte de su bast\u00f3n principal: la gesti\u00f3n<\/strong>. As\u00ed se mostr\u00f3 en las obras m\u00e1s destacadas que se llevan adelante.<\/p>\n<p>&nbsp;<\/p>\n<p><img data-recalc-dims=\"1\" loading=\"lazy\" decoding=\"async\" class=\"alignnone size-full wp-image-46541\" src=\"https:\/\/i0.wp.com\/cdnoticias.com\/wp-content\/uploads\/2022\/02\/centro-veterinario-07.jpg?resize=800%2C445&#038;ssl=1\" alt=\"\" width=\"800\" height=\"445\" srcset=\"https:\/\/i0.wp.com\/cdnoticias.com\/wp-content\/uploads\/2022\/02\/centro-veterinario-07.jpg?w=800&amp;ssl=1 800w, https:\/\/i0.wp.com\/cdnoticias.com\/wp-content\/uploads\/2022\/02\/centro-veterinario-07.jpg?resize=300%2C167&amp;ssl=1 300w, https:\/\/i0.wp.com\/cdnoticias.com\/wp-content\/uploads\/2022\/02\/centro-veterinario-07.jpg?resize=768%2C427&amp;ssl=1 768w\" sizes=\"auto, (max-width: 800px) 100vw, 800px\" \/><\/p>\n<p>&nbsp;<\/p>\n<p>El martes encabez\u00f3 <strong>una visita <a href=\"https:\/\/cdnoticias.com\/index.php\/2022\/02\/15\/galli-en-la-obra-del-centro-de-atencion-veterinaria-estamos-en-un-80-de-avance\/\">al Centro Veterinario<\/a><\/strong>, donde el avance es de 80%, y mostr\u00f3 c\u00f3mo va quedando el edificio. Repiti\u00f3 el esquema de la semana pasada con la obra del Hospital Municipal: estuvo con los secretarios de Salud, Caputo, y de Obras P\u00fablicas, Ferraro. Recorrido, fotos, declaraciones. <strong>Salud p\u00fablica, soluciones a demandas de vecinos e inversiones: las claves de una agenda municipal centrada<\/strong>.<\/p>\n<p>&nbsp;<\/p>\n<p>Tambi\u00e9n Galli estuvo en la <strong>obra de <a href=\"https:\/\/cdnoticias.com\/index.php\/2022\/02\/14\/mas-de-40-de-avance-en-la-ampliacion-de-la-red-cloacal-en-facundo-quiroga-i\/\" target=\"_blank\" rel=\"noopener\">cloacas del barrio Facundo Quiroga<\/a><\/strong>, donde el avance es de 40%, y hubo visitas a empresas.<\/p>\n<p>&nbsp;<\/p>\n<p>Pero la frutilla del postre lleg\u00f3 en colectivo.<\/p>\n<p>&nbsp;<\/p>\n<p><strong>Cambio de concesionario<\/strong><\/p>\n<p>&nbsp;<\/p>\n<p>El jueves se resolvi\u00f3 la inc\u00f3gnita: <strong>la empresa Las Sierras de Olavarr\u00eda SRL ser\u00e1 la adjudicataria del transporte de pasajeros interurbano<\/strong> desde mayo y hasta 2034. No hubo renovaci\u00f3n de la concesi\u00f3n ni monopolio. Lo anunci\u00f3 el intendete Ezequiel Galli, flanqueado por los secretario y subsecretario de Gobierno, Hilario Galli y Emilio Vitale, y dos de los propietarios de la empresa, Marcelo y Germ\u00e1n Da Silva.<\/p>\n<p>&nbsp;<\/p>\n<p><img data-recalc-dims=\"1\" loading=\"lazy\" decoding=\"async\" class=\"size-large wp-image-46774 aligncenter\" src=\"https:\/\/i0.wp.com\/cdnoticias.com\/wp-content\/uploads\/2022\/02\/transporteint04.jpg?resize=800%2C445&#038;ssl=1\" alt=\"\" width=\"800\" height=\"445\" srcset=\"https:\/\/i0.wp.com\/cdnoticias.com\/wp-content\/uploads\/2022\/02\/transporteint04.jpg?resize=1024%2C569&amp;ssl=1 1024w, https:\/\/i0.wp.com\/cdnoticias.com\/wp-content\/uploads\/2022\/02\/transporteint04.jpg?resize=300%2C167&amp;ssl=1 300w, https:\/\/i0.wp.com\/cdnoticias.com\/wp-content\/uploads\/2022\/02\/transporteint04.jpg?resize=768%2C427&amp;ssl=1 768w, https:\/\/i0.wp.com\/cdnoticias.com\/wp-content\/uploads\/2022\/02\/transporteint04.jpg?resize=1536%2C854&amp;ssl=1 1536w, https:\/\/i0.wp.com\/cdnoticias.com\/wp-content\/uploads\/2022\/02\/transporteint04.jpg?resize=800%2C445&amp;ssl=1 800w, https:\/\/i0.wp.com\/cdnoticias.com\/wp-content\/uploads\/2022\/02\/transporteint04.jpg?w=1541&amp;ssl=1 1541w\" sizes=\"auto, (max-width: 800px) 100vw, 800px\" \/><\/p>\n<p>&nbsp;<\/p>\n<p>Galli <a href=\"https:\/\/cdnoticias.com\/index.php\/2022\/02\/14\/nacion-aumenta-40-las-compensaciones-al-transporte-publico-del-interior\/\" target=\"_blank\" rel=\"noopener\" data-saferedirecturl=\"https:\/\/www.google.com\/url?q=https:\/\/gmail.us17.list-manage.com\/track\/click?u%3Dcba2a41506a8e26d100c3f0f8%26id%3D210c3a6b5a%26e%3De4ffb04d40&amp;source=gmail&amp;ust=1645459733618000&amp;usg=AOvVaw1bg9oGVyFrzlgctDve09PM\">encuadr\u00f3 el tema en el debate Naci\u00f3n-CABA por los subsidios al transporte<\/a>. Defini\u00f3 <em>\u201cun momento muy complejo. Por eso yo valoro que una empresa olavarriense con tanta trayectoria en el transporte p\u00fablico de pasajeros haya sido una de las tres empresas que se present\u00f3 para llevar adelante la tarea de transportar a vecinos y vecinas\u201d<\/em>.<\/p>\n<p>&nbsp;<\/p>\n<p>La promesa es de <strong>un servicio con unidades m\u00e1s modernas <\/strong>(casi la mitad van a ser 0 km), con el regreso de las frecuencias prepandemia, recorridos con algunas modificaciones y la permanencia asegurada para todos los trabajadores de la actual prestaci\u00f3n.<\/p>\n<p>&nbsp;<\/p>\n<p><strong>Las tarifas que van a regir desde mayo son 65% m\u00e1s caras que las que hoy pagan los usuarios<\/strong>. Y adem\u00e1s, ya te lo contamos, siguen en pie los <a href=\"https:\/\/cdnoticias.com\/index.php\/2022\/02\/01\/las-empresas-de-transporte-publico-solicitaron-un-aumento-en-la-tarifa\/\" target=\"_blank\" rel=\"noopener\">pedidos de suba tarifaria de las actuales prestadoras<\/a>.<\/p>\n<p>&nbsp;<\/p>\n<p><strong>Edici\u00f3n reducida<\/strong><\/p>\n<p>&nbsp;<\/p>\n<p>La publicaci\u00f3n de Volver a las Fuentes es gratuita, sale todos los domingos a la ma\u00f1ana. La\u00a0<a href=\"https:\/\/mailchi.mp\/78e1d5ffaf4d\/la-era-de-los-editores-se-tiran-con-audios?e=e4ffb04d40\" target=\"_blank\" rel=\"noopener\">edici\u00f3n completa ac\u00e1<\/a>\u00a0y <a href=\"https:\/\/gmail.us17.list-manage.com\/subscribe?u=cba2a41506a8e26d100c3f0f8&amp;id=63ce583cd9\">la\u00a0suscripci\u00f3n est\u00e1 abierta aqu\u00ed mediante una direcci\u00f3n de correo electr\u00f3nico<\/a>.<\/p>\n<p>&nbsp;<\/p>\n","protected":false},"excerpt":{"rendered":"<p>Hubo m\u00e1s novedades en el caso de los terrenos, en materia judicial, pero sobre todo en materia pol\u00edtica. Los dardos<\/p>\n","protected":false},"author":4,"featured_media":46778,"comment_status":"closed","ping_status":"closed","sticky":false,"template":"","format":"standard","meta":{"_jetpack_memberships_contains_paid_content":false,"footnotes":""},"categories":[4,1],"tags":[],"class_list":["post-47011","post","type-post","status-publish","format-standard","has-post-thumbnail","hentry","category-politica","category-portada"],"jetpack_featured_media_url":"https:\/\/i0.wp.com\/cdnoticias.com\/wp-content\/uploads\/2022\/02\/Galli-Da-Silva-Transporte-02.jpg?fit=800%2C445&ssl=1","jetpack_sharing_enabled":true,"_links":{"self":[{"href":"https:\/\/cdnoticias.com\/index.php\/wp-json\/wp\/v2\/posts\/47011","targetHints":{"allow":["GET"]}}],"collection":[{"href":"https:\/\/cdnoticias.com\/index.php\/wp-json\/wp\/v2\/posts"}],"about":[{"href":"https:\/\/cdnoticias.com\/index.php\/wp-json\/wp\/v2\/types\/post"}],"author":[{"embeddable":true,"href":"https:\/\/cdnoticias.com\/index.php\/wp-json\/wp\/v2\/users\/4"}],"replies":[{"embeddable":true,"href":"https:\/\/cdnoticias.com\/index.php\/wp-json\/wp\/v2\/comments?post=47011"}],"version-history":[{"count":0,"href":"https:\/\/cdnoticias.com\/index.php\/wp-json\/wp\/v2\/posts\/47011\/revisions"}],"wp:featuredmedia":[{"embeddable":true,"href":"https:\/\/cdnoticias.com\/index.php\/wp-json\/wp\/v2\/media\/46778"}],"wp:attachment":[{"href":"https:\/\/cdnoticias.com\/index.php\/wp-json\/wp\/v2\/media?parent=47011"}],"wp:term":[{"taxonomy":"category","embeddable":true,"href":"https:\/\/cdnoticias.com\/index.php\/wp-json\/wp\/v2\/categories?post=47011"},{"taxonomy":"post_tag","embeddable":true,"href":"https:\/\/cdnoticias.com\/index.php\/wp-json\/wp\/v2\/tags?post=47011"}],"curies":[{"name":"wp","href":"https:\/\/api.w.org\/{rel}","templated":true}]}}