{"id":4701,"date":"2020-10-23T12:31:16","date_gmt":"2020-10-23T15:31:16","guid":{"rendered":"http:\/\/www.centraldenoticias.com.ar\/?p=4701"},"modified":"2020-10-23T12:31:16","modified_gmt":"2020-10-23T15:31:16","slug":"sabemos-realmente-como-se-maneja-una-comuna","status":"publish","type":"post","link":"https:\/\/cdnoticias.com\/index.php\/2020\/10\/23\/sabemos-realmente-como-se-maneja-una-comuna\/","title":{"rendered":"\u201cSabemos realmente c\u00f3mo se maneja una comuna\u201d"},"content":{"rendered":"<p>En la ma\u00f1ana de este viernes se present\u00f3 MUPE, el Partido de Municipales Peronistas. Estuvo presente junto a Jos\u00e9 Stuppia el titular de la Federaci\u00f3n de Sindicatos de Trabajadores Municipales, Rub\u00e9n \u201cCholo\u201d Garc\u00eda. Criticaron las \u201cpuertas cerradas\u201d del PJ y buscar\u00e1n discutir lugares de poder.<!--more--><\/p>\n<hr \/>\n<p>En la ma\u00f1ana de este viernes, en el complejo sindical, <strong>se present\u00f3 la agrupaci\u00f3n pol\u00edtica \u201cMUPE\u201d que contiene a los Municipales Peronistas. El evento fue encabezado por Jos\u00e9 Stuppia y el titular de la Federaci\u00f3n de Sindicatos de Trabajadores Municipales, Rub\u00e9n \u201cCholo\u201d Garc\u00eda.<\/strong><\/p>\n<p>&nbsp;<\/p>\n<p>En conferencia de prensa, <strong>Garc\u00eda se\u00f1al\u00f3 que, tras un parate de presentaciones por la pandemia, relanzaron la salida de la agrupaci\u00f3n.<\/strong>\u00a0Tambi\u00e9n felicit\u00f3 a Stuppia por la \u201cmaravillosa\u201d obra del predio municipal e indic\u00f3 que <em>\u201cser\u00e1 el mejor complejo sindical de la Provincia de Buenos Aires\u201d.<\/em><\/p>\n<p>&nbsp;<\/p>\n<p>Luego, el sindicalista dijo con contundencia que MUPE <em>\u201c<strong>es el brazo pol\u00edtico de la confederaci\u00f3n de los trabajadores municipales del pa\u00eds.<\/strong> Tenemos y sabemos que a veces somos las v\u00edctimas de aquellos aventureros que llegan a las comunas por alg\u00fan color pol\u00edtico. Sabemos realmente c\u00f3mo se maneja una comuna. Queremos participar activamente de la pol\u00edtica. Qui\u00e9n sabe m\u00e1s en un Municipio que un trabajador municipal\u201d<\/em>. Explic\u00f3 en ese sentido que <em>\u201ccuando vienen los nuevos funcionarios le contamos del trabajo, le ense\u00f1amos c\u00f3mo se hace y lamentablemente a la larga la torta del presupuesto se la llevan los funcionarios\u201d.<\/em><\/p>\n<p>&nbsp;<\/p>\n<p>Admiti\u00f3 que<strong> quieren presentar una alternativa en 2021 y una lista que busque la intendencia en 2023 dentro del Frente de Todos<\/strong> porque<em> \u201csomos peronistas\u201d<\/em>. <em>\u201cSiempre recibo el comentario de \u2018qu\u00e9 mal est\u00e1n los municipales\u2019\u201d<\/em> se\u00f1al\u00f3 Garc\u00eda. \u201cQueremos ir al terreno de la pol\u00edtica para tener concejales propios, intendentes propios incluso con casos de personas que vienen del sindicalismo y son con los que mejor trabajamos\u201d.<\/p>\n<p>&nbsp;<\/p>\n<blockquote><p>\u201cEl MUPE vino para quedarse, crecer y discutir pol\u00edtica. Intendentes se sacan fotos con el presidente y hablan de luchar contra la pandemia y los que le ponemos el cuerpo realmente somos los trabajadores municipales\u201d.<\/p><\/blockquote>\n<p>&nbsp;<\/p>\n<p>Jos\u00e9 Stuppia, a continuaci\u00f3n, se\u00f1al\u00f3 que ideol\u00f3gicamente <em>\u201cnos sentimos cerca del peronismo. Queremos que el local est\u00e9 abierto, atender necesidades de la gente. El partido est\u00e1 cerrado, y eso no ocurre. Queremos transformar desde nuestro pago chico\u201d.<\/em><\/p>\n<p>&nbsp;<\/p>\n<p>Insisti\u00f3 en la cr\u00edtica por el cierre del local del Partido Justicialista \u00a0y se\u00f1al\u00f3 que la intenci\u00f3n es que <em>\u201cel trabajador y el obrero sea sujeto de derecho dentro del Partido Justicialista en lugares de discusi\u00f3n y sentarse en lugares de discusi\u00f3n\u201d.<\/em><\/p>\n<p>&nbsp;<\/p>\n<p>Hizo referencia al conflicto con la Mesa de Emergencia y dijo que <em>\u201chay familias que est\u00e1n fuera del Municipio y ni concejales del Frente de Todos ni legisladores se acercan a dar contenci\u00f3n. Nosotros queremos estar cerca de la gente para acompa\u00f1arlos en los momentos dif\u00edciles.<strong> Estamos abiertos a las negociaciones pero tambi\u00e9n para ir a internas<\/strong>\u201d.<\/em><\/p>\n<p>&nbsp;<\/p>\n<p>Se despeg\u00f3 de una potencial candidatura y dijo que <em>\u201ceso lo elegir\u00e1n los compa\u00f1eros<\/em>\u201d. Habl\u00f3 de una buena relaci\u00f3n con Camioneros, de Peaje, Canillitas, entre los m\u00e1s destacados. <em>\u201cLa prioridad es trabajar para la gente\u201d<\/em> cerr\u00f3.<\/p>\n<p>&nbsp;<\/p>\n<p><em>Informaci\u00f3n: cortes\u00eda Mart\u00edn Rodr\u00edguez, LU32.\u00a0<\/em><\/p>\n","protected":false},"excerpt":{"rendered":"<p>En la ma\u00f1ana de este viernes se present\u00f3 MUPE, el Partido de Municipales Peronistas. Estuvo presente junto a Jos\u00e9 Stuppia<\/p>\n","protected":false},"author":2,"featured_media":4702,"comment_status":"closed","ping_status":"closed","sticky":false,"template":"","format":"standard","meta":{"_jetpack_memberships_contains_paid_content":false,"footnotes":""},"categories":[5,1],"tags":[],"class_list":["post-4701","post","type-post","status-publish","format-standard","has-post-thumbnail","hentry","category-informacion-general","category-portada"],"jetpack_featured_media_url":"https:\/\/i0.wp.com\/cdnoticias.com\/wp-content\/uploads\/2020\/10\/WhatsApp-Image-2020-10-23-at-11.25.03.jpeg?fit=1280%2C960&ssl=1","jetpack_sharing_enabled":true,"_links":{"self":[{"href":"https:\/\/cdnoticias.com\/index.php\/wp-json\/wp\/v2\/posts\/4701","targetHints":{"allow":["GET"]}}],"collection":[{"href":"https:\/\/cdnoticias.com\/index.php\/wp-json\/wp\/v2\/posts"}],"about":[{"href":"https:\/\/cdnoticias.com\/index.php\/wp-json\/wp\/v2\/types\/post"}],"author":[{"embeddable":true,"href":"https:\/\/cdnoticias.com\/index.php\/wp-json\/wp\/v2\/users\/2"}],"replies":[{"embeddable":true,"href":"https:\/\/cdnoticias.com\/index.php\/wp-json\/wp\/v2\/comments?post=4701"}],"version-history":[{"count":0,"href":"https:\/\/cdnoticias.com\/index.php\/wp-json\/wp\/v2\/posts\/4701\/revisions"}],"wp:featuredmedia":[{"embeddable":true,"href":"https:\/\/cdnoticias.com\/index.php\/wp-json\/wp\/v2\/media\/4702"}],"wp:attachment":[{"href":"https:\/\/cdnoticias.com\/index.php\/wp-json\/wp\/v2\/media?parent=4701"}],"wp:term":[{"taxonomy":"category","embeddable":true,"href":"https:\/\/cdnoticias.com\/index.php\/wp-json\/wp\/v2\/categories?post=4701"},{"taxonomy":"post_tag","embeddable":true,"href":"https:\/\/cdnoticias.com\/index.php\/wp-json\/wp\/v2\/tags?post=4701"}],"curies":[{"name":"wp","href":"https:\/\/api.w.org\/{rel}","templated":true}]}}