{"id":47006,"date":"2022-02-20T20:03:31","date_gmt":"2022-02-20T23:03:31","guid":{"rendered":"https:\/\/www.centraldenoticias.com.ar\/?p=47006"},"modified":"2022-02-21T08:47:21","modified_gmt":"2022-02-21T11:47:21","slug":"la-bici-mas-lenta-que-el-auto","status":"publish","type":"post","link":"https:\/\/cdnoticias.com\/index.php\/2022\/02\/20\/la-bici-mas-lenta-que-el-auto\/","title":{"rendered":"La bici: \u00bfm\u00e1s lenta que el auto?"},"content":{"rendered":"<p>\u00bfLa bici es m\u00e1s lenta que el auto? \u00bfSiempre? En qu\u00e9 momentos la bicicleta se convierte en una opci\u00f3n viable en comparaci\u00f3n al auto. Compartamos este viaje en dos ruedas por n\u00fameros, gr\u00e1ficos y promesas incumplidas.<!--more--><\/p>\n<hr \/>\n<p>Por Marcos Pascua (*)<\/p>\n<p>&nbsp;<\/p>\n<p>En esta columna te traigo un an\u00e1lisis de los diferentes <strong>tiempos de viaje en minutos<\/strong>, de <strong>recorridos realizados en auto y en bicicleta<\/strong>, con la particularidad que todos estos recorridos tienen <strong>diferente origen pero el mismo destino, la plaza central de la ciudad<\/strong>.<\/p>\n<p>&nbsp;<\/p>\n<p>Son recorridos totalmente arbitrarios elegidos por quien suscribe para dimensionar\u00a0<b>\u00bfCu\u00e1nto m\u00e1s? se tarda en bicicleta<\/b>, con recorridos que van <strong>desde los 800 metros hasta los 6 kil\u00f3metros<\/strong>, todos <strong>dentro del casco urbano de la ciudad de Olavarr\u00eda y con el mismo destino, la Plaza Coronel Olavarr\u00eda<\/strong>, tomando como referencia de la zona c\u00e9ntrica este punto ya que es uno de los de mayor afluencia de los y las olavarrienses por centralizar instituciones y servicios.<\/p>\n<p>&nbsp;<\/p>\n<p>Todos los viajes fueron calculados con Google Maps para un <strong>lunes a las 11:00 horas<\/strong>, un d\u00eda y horario que no es el de mayor afluencia, pero con un tr\u00e1nsito medio considerable. A continuaci\u00f3n va un ejemplo para clarificar.<\/p>\n<p>&nbsp;<\/p>\n<p><img data-recalc-dims=\"1\" loading=\"lazy\" decoding=\"async\" class=\"aligncenter wp-image-47008 size-full\" src=\"https:\/\/i0.wp.com\/cdnoticias.com\/wp-content\/uploads\/2022\/02\/Imagen-1.jpg?resize=800%2C446&#038;ssl=1\" alt=\"\" width=\"800\" height=\"446\" srcset=\"https:\/\/i0.wp.com\/cdnoticias.com\/wp-content\/uploads\/2022\/02\/Imagen-1.jpg?w=926&amp;ssl=1 926w, https:\/\/i0.wp.com\/cdnoticias.com\/wp-content\/uploads\/2022\/02\/Imagen-1.jpg?resize=300%2C167&amp;ssl=1 300w, https:\/\/i0.wp.com\/cdnoticias.com\/wp-content\/uploads\/2022\/02\/Imagen-1.jpg?resize=768%2C428&amp;ssl=1 768w, https:\/\/i0.wp.com\/cdnoticias.com\/wp-content\/uploads\/2022\/02\/Imagen-1.jpg?resize=800%2C445&amp;ssl=1 800w\" sizes=\"auto, (max-width: 800px) 100vw, 800px\" \/><\/p>\n<p>&nbsp;<\/p>\n<p>&nbsp;<\/p>\n<p><strong>Los datos<\/strong><\/p>\n<p>&nbsp;<\/p>\n<table style=\"height: 466px;\" width=\"987\">\n<tbody>\n<tr>\n<td rowspan=\"2\" width=\"224\"><strong>Resumen<\/strong><\/td>\n<td rowspan=\"2\" width=\"119\"><strong>Distancia promedio en auto (min)<\/strong><\/td>\n<td width=\"114\"><strong>Sin ciclov\u00eda<\/strong><\/td>\n<td rowspan=\"2\" width=\"83\"><strong>Distancia promedio (km)<\/strong><\/td>\n<td rowspan=\"2\" width=\"66\"><strong>Relaci\u00f3n<\/strong><\/td>\n<\/tr>\n<tr>\n<td width=\"114\"><strong>Distancia promedio en bici (min)<\/strong><\/td>\n<\/tr>\n<tr>\n<td width=\"224\">Tiempo promedio viaje<\/td>\n<td width=\"119\"><strong>4,00<\/strong><\/td>\n<td width=\"114\"><strong>3,00<\/strong><\/td>\n<td width=\"83\"><strong>0,90<\/strong><\/td>\n<td width=\"66\"><strong>0,74<\/strong><\/td>\n<\/tr>\n<tr>\n<td width=\"224\">Tiempo promedio viaje<\/td>\n<td width=\"119\"><strong>4,40<\/strong><\/td>\n<td width=\"114\"><strong>5,40<\/strong><\/td>\n<td width=\"83\"><strong>1,28<\/strong><\/td>\n<td width=\"66\"><strong>1,25<\/strong><\/td>\n<\/tr>\n<tr>\n<td width=\"224\">Tiempo promedio viaje<\/td>\n<td width=\"119\"><strong>5,50<\/strong><\/td>\n<td width=\"114\"><strong>7,00<\/strong><\/td>\n<td width=\"83\"><strong>1,72<\/strong><\/td>\n<td width=\"66\"><strong>1,30<\/strong><\/td>\n<\/tr>\n<tr>\n<td width=\"224\">Tiempo promedio viaje<\/td>\n<td width=\"119\"><strong>7,24<\/strong><\/td>\n<td width=\"114\"><strong>9,24<\/strong><\/td>\n<td width=\"83\"><strong>2,47<\/strong><\/td>\n<td width=\"66\"><strong>1,30<\/strong><\/td>\n<\/tr>\n<tr>\n<td width=\"224\">Tiempo promedio viaje<\/td>\n<td width=\"119\"><strong>8,50<\/strong><\/td>\n<td width=\"114\"><strong>11,25<\/strong><\/td>\n<td width=\"83\"><strong>3,26<\/strong><\/td>\n<td width=\"66\"><strong>1,33<\/strong><\/td>\n<\/tr>\n<tr>\n<td width=\"224\">Tiempo promedio de viaje<\/td>\n<td width=\"119\"><strong>9,00<\/strong><\/td>\n<td width=\"114\"><strong>13,00<\/strong><\/td>\n<td width=\"83\"><strong>3,80<\/strong><\/td>\n<td width=\"66\"><strong>1,44<\/strong><\/td>\n<\/tr>\n<tr>\n<td width=\"224\">Tiempo promedio de viaje<\/td>\n<td width=\"119\"><strong>10,00<\/strong><\/td>\n<td width=\"114\"><strong>14,33<\/strong><\/td>\n<td width=\"83\"><strong>4,30<\/strong><\/td>\n<td width=\"66\"><strong>1,44<\/strong><\/td>\n<\/tr>\n<tr>\n<td width=\"224\">Tiempo promedio de viaje<\/td>\n<td width=\"119\"><strong>11,67<\/strong><\/td>\n<td width=\"114\"><strong>18,67<\/strong><\/td>\n<td width=\"83\"><strong>5,43<\/strong><\/td>\n<td width=\"66\"><strong>1,61<\/strong><\/td>\n<\/tr>\n<\/tbody>\n<\/table>\n<p>&nbsp;<\/p>\n<p>Para escribir esta columna, realic\u00e9 el an\u00e1lisis de <strong>60 viajes<\/strong> <strong>desde un punto de origen A que siempre era distinto a un punto de destino B, que era el mismo, la plaza del centro<\/strong>. Para no aburrir con tanto n\u00famero, lo que hice fue calcular <strong>las distancias promedio en minutos y kil\u00f3metros<\/strong>.<\/p>\n<p>&nbsp;<\/p>\n<p><strong>Comencemos ese an\u00e1lisis<\/strong><\/p>\n<p>&nbsp;<\/p>\n<p>Para distancias de <strong>900 metros<\/strong>, se puede ver que los <strong>autos tardan un promedio de 4 minutos, <\/strong>mientras que para las<strong> bicicletas<\/strong>, esa distancia es realizada en<strong> 3 minutos promedio, <\/strong>es decir tardan <strong>1 minuto menos.<\/strong> En t\u00e9rminos porcentuales, <strong>los viajes en bicicleta son de hasta un 26% m\u00e1s r\u00e1pidos<\/strong> en la distancia mencionada.<\/p>\n<p>&nbsp;<\/p>\n<p>Sigamos, qu\u00e9 pasa en distancias de aproximadamente <strong>1,3 kil\u00f3metros<\/strong>, como podemos ver en este caso, los <strong>viajes en auto <\/strong>son realizados en un promedio de <strong>4,4 minutos<\/strong>, mientras que los viajes en <strong>bici<\/strong> son de un promedio de <strong>5,4 minutos, <\/strong>es decir <strong>hasta 1 minuto m\u00e1s lentos<\/strong>. En t\u00e9rminos porcentuales, <strong>los viajes en bicicleta <\/strong>para esta distancia son en promedio un <strong>25% m\u00e1s lentos<\/strong>.<\/p>\n<p>&nbsp;<\/p>\n<p>En el caso de distancias de <strong>1,72 km promedio<\/strong>, <strong>los viajes en auto son de 5,5 minutos promedio<\/strong>, mientras que en <strong>bicicleta<\/strong>, el mismo recorrido es realizado en<strong> 7 minutos promedio<\/strong>, es decir, un <strong>30% m\u00e1s lentos<\/strong>. Para distancias de <strong>2,47 kil\u00f3metros promedio<\/strong>, los veh\u00edculos de cuatro ruedas realizan este recorrido en <strong>7,24 minutos<\/strong>, mientras que los de dos ruedas tardan <strong>9,24 minutos promedio<\/strong>, en este caso tambi\u00e9n los viajes en bicicleta son hasta <strong>30% m\u00e1s lentos<\/strong>.<\/p>\n<p>&nbsp;<\/p>\n<p>En distancias de <strong>3,26 kil\u00f3metros <\/strong>promedio, las bicicletas son un <strong>33% m\u00e1s lentas<\/strong>, mientras que <strong>los autos<\/strong> tardan un promedio de <strong>8,5 minutos<\/strong> en recorrer esta distancia, <strong>las bicicletas<\/strong> lo hacen en <strong>11,25\u00b4<\/strong>. Para la <strong>distancia promedio de 3,8 km,<\/strong> <strong>los autos<\/strong> pueden tardar un promedio de<strong> 9\u00b4<\/strong>, mientras que las <strong>bicicletas <\/strong>lo hacen en <strong>13\u00b4<\/strong>, es decir que pueden tardar hasta un <strong>44% m\u00e1s<\/strong>. Tambi\u00e9n las bicicletas tardan un <strong>44% m\u00e1s<\/strong> en recorridos promedio de <strong>4,3 km<\/strong>, mientras que en recorridos promedio de <strong>5,43 km<\/strong>, las bicicletas se demoran un <strong>61% m\u00e1s<\/strong>.<\/p>\n<p>&nbsp;<\/p>\n<p>Hasta ac\u00e1 el an\u00e1lisis de uno de los factores m\u00e1s importantes a la hora de trasladarse de un punto A a un punto B, <strong>el tiempo<\/strong>. Pero hacer este tipo de an\u00e1lisis resultar\u00eda incompleto, por eso es necesario considerar otros factores que vamos a ver a continuaci\u00f3n.<\/p>\n<p>&nbsp;<\/p>\n<p><strong><span lang=\"ES-AR\">Personas transportadas por carril<\/span><\/strong><\/p>\n<p>&nbsp;<\/p>\n<p><img data-recalc-dims=\"1\" loading=\"lazy\" decoding=\"async\" class=\"aligncenter wp-image-47010 size-full\" src=\"https:\/\/i0.wp.com\/cdnoticias.com\/wp-content\/uploads\/2022\/02\/Imagen-2.jpeg?resize=800%2C507&#038;ssl=1\" alt=\"\" width=\"800\" height=\"507\" srcset=\"https:\/\/i0.wp.com\/cdnoticias.com\/wp-content\/uploads\/2022\/02\/Imagen-2.jpeg?w=1010&amp;ssl=1 1010w, https:\/\/i0.wp.com\/cdnoticias.com\/wp-content\/uploads\/2022\/02\/Imagen-2.jpeg?resize=300%2C190&amp;ssl=1 300w, https:\/\/i0.wp.com\/cdnoticias.com\/wp-content\/uploads\/2022\/02\/Imagen-2.jpeg?resize=768%2C487&amp;ssl=1 768w\" sizes=\"auto, (max-width: 800px) 100vw, 800px\" \/><\/p>\n<p>&nbsp;<\/p>\n<p>Lo que vemos en la imagen es como los carriles procesan cada tipo de movilidad, como podemos ver, mientras que <strong>un carril con autom\u00f3viles puede canalizar hasta 2000 personas por hora en ambos sentidos<\/strong>, <strong>un carril con bicicletas puede canalizar hasta 14 000 personas por hora en ambos sentidos<\/strong>, es decir los carriles para bicicletas son <strong>hasta 700% m\u00e1s efectivos<\/strong>. Un mont\u00f3n \u00bfno?<\/p>\n<p>&nbsp;<\/p>\n<p>Vale mencionar que los tiempos calculados en Google Maps para los viajes realizados en bicicletas tienen en cuenta el tr\u00e1nsito en calles y avenidas, pero cu\u00e1nto se reducir\u00edan los viajes en bicicleta <strong>si Olavarr\u00eda contara con una red de ciclov\u00edas<\/strong>.<\/p>\n<p>&nbsp;<\/p>\n<p>Desde lo discursivo en la ciudad hay una tendencia a que se circule m\u00e1s en bici, pero en los hechos desde que se comenzaron a construir ciclov\u00edas all\u00e1 por <strong>2011, se han construido a un ritmo de 270 metros por a\u00f1o<\/strong>. Hace poco <strong>m\u00e1s de 4 a\u00f1os, se anunci\u00f3 que se proyectaba una\u00a0<\/strong><a href=\"https:\/\/www.olavarria.gov.ar\/olavarria-proyecta-una-red-de-ciclovias-de-35-km\/\" target=\"_blank\" rel=\"noopener\"><strong>red de ciclov\u00edas\u00a0<\/strong><\/a><strong>de 35 km<\/strong>, un proyecto interesant\u00edsimo que promet\u00eda conectar la ciudad en bicicleta, al ritmo con el que vienen avanzando estas obras hasta el momento, <strong>se tardar\u00eda poco m\u00e1s de 100 a\u00f1os<\/strong> en contar con esta red.<\/p>\n<p>&nbsp;<\/p>\n<p><strong>Los \u00faltimos dos tramos realizados <\/strong>desde la<strong> avenida Col\u00f3n <\/strong>a la<strong> avenida Sarmiento <\/strong>y desde la<strong> avenida Sarmiento <\/strong>hasta la<strong> avenida Trabajadores<\/strong> <strong>fueron ejecutados en los meses previos a las elecciones legislativas<\/strong> (2019 y 2021).<\/p>\n<p>&nbsp;<\/p>\n<p><strong><span lang=\"ES-AR\">Factor econ\u00f3mico<\/span><\/strong><\/p>\n<p>&nbsp;<\/p>\n<p>Es aqu\u00ed donde <strong>las bicicletas son mucho m\u00e1s competitivas que los veh\u00edculos<\/strong>, moverse en dos ruedas <strong>no requiere combustible m\u00e1s que nuestras piernas, su costo de mantenimiento es bajo, estacionarlas no requiere dinero y en caso de que no la usemos tampoco nos insume gastos.<\/strong> En algunos casos se puede considerar el seguro de las bicicletas como un costo extra.<\/p>\n<p>&nbsp;<\/p>\n<p>En cambio, <strong>tener un auto requiere gastos de combustible, seguro, patente, mantenimiento y cochera en algunos casos, muchos de estos costos se mantienen con el auto en uso las 24 horas del d\u00eda o detenido en un garage<\/strong>. Adem\u00e1s de los costos mencionados, hay que tener en cuenta los que derivan del estacionamiento medido.<\/p>\n<p>&nbsp;<\/p>\n<p><strong><span lang=\"ES-AR\">Estacionamiento<\/span><\/strong><\/p>\n<p>Este es uno de los factores que Google Maps no tiene en cuenta, a los tiempos de viaje mencionados hay que sumarles <strong>el tiempo necesario para encontrar estacionamiento<\/strong>, en auto, porque con la bicicleta esta tarea es mucho m\u00e1s sencilla.<\/p>\n<p>&nbsp;<\/p>\n<p><strong><span lang=\"ES-AR\">Seguridad vial<\/span><\/strong><\/p>\n<p>Seg\u00fan el <strong>informe anual del a\u00f1o 2020<\/strong> del municipio, <strong>los autom\u00f3viles participaron del 59,2% de los siniestros viales, mientras que las bicicletas del 6,2%<\/strong> y en su mayor\u00eda por hechos relacionados con conductoras o conductores distra\u00eddos que golpearon con la puerta a ciclistas al bajar del auto. Como ya hemos visto en entregas anteriores, <strong>los costos econ\u00f3micos que implica para el Estado<\/strong> hacerse cargo de las consecuencias de la inseguridad vial <strong>llegan hasta el 2% del PBI<\/strong>.<\/p>\n<p>&nbsp;<\/p>\n<p><strong><span lang=\"ES-AR\">Ciudades habitables<\/span><\/strong><\/p>\n<p>Circular en <strong>autom\u00f3vil<\/strong> nos hace vivir en <strong>ciudades con contaminaci\u00f3n visual y ac\u00fastica, inseguras y poco efectivas<\/strong>. Pensar en movernos en medios alternativos de transporte como la <strong>bicicleta<\/strong> elimina estos factores ya que es un <strong>veh\u00edculo saludable, seguro, sustentable y sostenible<\/strong>.<\/p>\n<p>&nbsp;<\/p>\n<p><strong>Conclusiones<\/strong><\/p>\n<p>Como podemos ver, <strong>la bicicleta tiende a ser competitiva en distancias m\u00e1s cortas<\/strong>, ya que a medida que los viajes son m\u00e1s largos, la diferencia de tiempo de viaje entre autos y bicicletas son cada vez mayores. Este es un dato objetivo que se desprende del an\u00e1lisis realizado y se puede observar en el gr\u00e1fico.<\/p>\n<p>&nbsp;<\/p>\n<p><b>Pero \u00bfCu\u00e1nto menos competitivas son las bicicletas en distancias largas?<\/b><\/p>\n<p>&nbsp;<\/p>\n<p>El dise\u00f1o del casco urbano de la ciudad y su tama\u00f1o permite que moverse en bicicleta sea posible, ya que por lo general las distancias a cubrir no son extensas. Seg\u00fan se desprende de los viajes analizados, en <strong>distancias promedio de 5,43 km los viajes en bicicletas no son mayores a 20\u00b4<\/strong>, lo cual <strong>no es para nada envidiable<\/strong> para ciudades como en las que solemos vivir hoy y con los tiempos que manejamos en nuestras rutinas diarias. Es v\u00e1lido pensar que si esa distancia en auto la recorro en 12\u00b4 tienda a elegir a este medio de transporte, pero si esos 12\u00b4pasan a ser 14\u00b4 o 15\u00b4 debido al tiempo que puedo tardar en encontrar estacionamiento,\u00a0<b>\u00bfCu\u00e1nto m\u00e1s efectivo es?<\/b><\/p>\n<p>&nbsp;<\/p>\n<p>Claro que no estoy teniendo en cuenta en este an\u00e1lisis todos los otros factores como efectividad en el uso del espacio p\u00fablico, factor econ\u00f3mico, estacionamiento, seguridad vial y medio ambiente, donde <strong>la bicicleta se posiciona como un medio de transporte con muchos m\u00e1s beneficios que el autom\u00f3vil<\/strong>. Adem\u00e1s, si la ciudad <strong>contara con una red de ciclov\u00edas <\/strong>como fue prometido, las bicicletas ganar\u00edan en competitividad y tendr\u00edan muchos m\u00e1s adeptos.<\/p>\n<p>&nbsp;<\/p>\n<p>Claro que en estos casos no hablamos de personas que utilizan el auto para trabajar como viajantes o en casos de carga y descarga por ejemplo.<\/p>\n<p>&nbsp;<\/p>\n<p>Como siempre te digo, si en tu caso utiliz\u00e1s mucho el autom\u00f3vil para moverte en tu rutina diaria, te invito a que pienses <strong>cu\u00e1ntos de los viajes que realiz\u00e1s en auto pueden ser reemplazados por la bici<\/strong> y probablemente sean muchos, con que reemplaces el auto en algunos casos vas a estar colaborando para <strong>una ciudad m\u00e1s habitable<\/strong>.<\/p>\n<p>&nbsp;<\/p>\n<p><strong>Mientras, deseo que las pol\u00edticas p\u00fablicas para las bicicletas en Olavarr\u00eda sean una realidad.<\/strong><\/p>\n<p>&nbsp;<\/p>\n<p>Ojal\u00e1 que te haya hecho <strong>reflexionar sobre la manera de movilizarnos.<\/strong><\/p>\n<p>&nbsp;<\/p>\n<p>Nos leemos en dos semanas.<\/p>\n<p>&nbsp;<\/p>\n<article id=\"post-45791\" class=\"post-45791 post type-post status-publish format-standard has-post-thumbnail hentry category-informacion-general category-portada\">\n<div class=\"article-content clearfix\">\n<div class=\"entry-content clearfix\">\n<p><em>(*)\u00a0Ingeniero Civil-Tesista en\u00a0Seguridad Vial- Promotor Comunitario de\u00a0Seguridad Vial.<\/em><\/p>\n<div class=\"at-below-post addthis_tool\" data-url=\"https:\/\/cdnoticias.com\/index.php\/2022\/02\/06\/seguridad-vial-con-perspectiva-de-genero-las-mujeres-manejan-mejor\/\"><\/div>\n<\/div>\n<\/div>\n<\/article>\n<div class=\"code-block code-block-1\"><\/div>\n","protected":false},"excerpt":{"rendered":"<p>\u00bfLa bici es m\u00e1s lenta que el auto? \u00bfSiempre? En qu\u00e9 momentos la bicicleta se convierte en una opci\u00f3n viable<\/p>\n","protected":false},"author":6,"featured_media":47012,"comment_status":"closed","ping_status":"closed","sticky":false,"template":"","format":"standard","meta":{"_jetpack_memberships_contains_paid_content":false,"footnotes":""},"categories":[5,1],"tags":[],"class_list":["post-47006","post","type-post","status-publish","format-standard","has-post-thumbnail","hentry","category-informacion-general","category-portada"],"jetpack_featured_media_url":"https:\/\/i0.wp.com\/cdnoticias.com\/wp-content\/uploads\/2022\/02\/bic1-1170x600-1.jpg?fit=1170%2C600&ssl=1","jetpack_sharing_enabled":true,"_links":{"self":[{"href":"https:\/\/cdnoticias.com\/index.php\/wp-json\/wp\/v2\/posts\/47006","targetHints":{"allow":["GET"]}}],"collection":[{"href":"https:\/\/cdnoticias.com\/index.php\/wp-json\/wp\/v2\/posts"}],"about":[{"href":"https:\/\/cdnoticias.com\/index.php\/wp-json\/wp\/v2\/types\/post"}],"author":[{"embeddable":true,"href":"https:\/\/cdnoticias.com\/index.php\/wp-json\/wp\/v2\/users\/6"}],"replies":[{"embeddable":true,"href":"https:\/\/cdnoticias.com\/index.php\/wp-json\/wp\/v2\/comments?post=47006"}],"version-history":[{"count":0,"href":"https:\/\/cdnoticias.com\/index.php\/wp-json\/wp\/v2\/posts\/47006\/revisions"}],"wp:featuredmedia":[{"embeddable":true,"href":"https:\/\/cdnoticias.com\/index.php\/wp-json\/wp\/v2\/media\/47012"}],"wp:attachment":[{"href":"https:\/\/cdnoticias.com\/index.php\/wp-json\/wp\/v2\/media?parent=47006"}],"wp:term":[{"taxonomy":"category","embeddable":true,"href":"https:\/\/cdnoticias.com\/index.php\/wp-json\/wp\/v2\/categories?post=47006"},{"taxonomy":"post_tag","embeddable":true,"href":"https:\/\/cdnoticias.com\/index.php\/wp-json\/wp\/v2\/tags?post=47006"}],"curies":[{"name":"wp","href":"https:\/\/api.w.org\/{rel}","templated":true}]}}