{"id":47000,"date":"2024-01-17T14:56:30","date_gmt":"2024-01-17T17:56:30","guid":{"rendered":"https:\/\/centraldeportes.com.ar\/?p=47000"},"modified":"2025-02-12T23:30:17","modified_gmt":"2025-02-13T02:30:17","slug":"ciclismo-presencia-olavarriense-en-azul-y-las-flores","status":"publish","type":"post","link":"https:\/\/cdnoticias.com\/index.php\/2024\/01\/17\/ciclismo-presencia-olavarriense-en-azul-y-las-flores\/","title":{"rendered":"Ciclismo: presencia olavarriense en Azul y Las Flores"},"content":{"rendered":"<p>El Club Ciclista Azule\u00f1o volvi\u00f3 a la actividad con una jornada que estuvo acompa\u00f1ada de gran cantidad y calidad de ciclistas en las distintas categor\u00edas programadas que pusieron en juego el Gran Premio &#8220;D\u00eda del Empleado de Comercio&#8221;.<!--more--><\/p>\n<hr \/>\n<p>La actividad se desarroll\u00f3 el pasado jueves en el circuito de la Avenida Chaves, casi Ruta N\u00b051 y estuvo organizada por el Club Ciclista Azule\u00f1o.<\/p>\n<p>&nbsp;<\/p>\n<p>La carrera cont\u00f3 con la fiscalizaci\u00f3n de la Federaci\u00f3n del Centro y Mar y Sierra y estuvo reservada para las categor\u00edas \u00c9lite, Aficionados, Infantiles, Juniors, M\u00e1ster A, B, C, D y E y Damas.<\/p>\n<p>&nbsp;<\/p>\n<p>En la prueba principal de la jornada, tuvo como ganador al olavarriense Braian Ales, quien en la categor\u00eda elite, se impuso en la carrera en homenaje a Emilio Mazzotta, un reconocido ciclista que supo destacarse en la d\u00e9cada del &#8217;60 y &#8217;70.<\/p>\n<p>&nbsp;<\/p>\n<p>Adem\u00e1s, el pasado domingo con la organizaci\u00f3n de la Agrupaci\u00f3n Ciclismo Olavarriense Libre se desarroll\u00f3 un nuevo festival en la localidad bonaerense de Las Flores donde hubo triunfos de los olavarrienses Facundo Dumerauf y Oscar Valetutto en las diferentes categor\u00edas.<\/p>\n<p>&nbsp;<\/p>\n<p>Los resultados:<\/p>\n<p>Damas<br \/>\n1\u00b0 Tania Ponce de Le\u00f3n (Tapalqu\u00e9)<br \/>\n2\u00b0 Abril Azimonti (Azul)<br \/>\n3\u00b0 Luj\u00e1n Barra (Tapalqu\u00e9)<br \/>\n4\u00b0 Selva Pagano (Rauch)<br \/>\n5\u00b0 Lorena Vega (Olavarr\u00eda)<br \/>\n6\u00b0 Cielo Randazzo (Olavarr\u00eda)<\/p>\n<p>M\u00e1ster D<br \/>\n1\u00b0 Mario Dauria (Chivilcoy)<br \/>\n2\u00b0 Argentino Fontana (Carlos Casares)<br \/>\n3\u00b0 Gustavo Alborzen (Banfield)<\/p>\n<p>M\u00e1ster E<br \/>\n1 Juan Damico (Carlos Casares)<br \/>\n2 Pedro Arrozeres (Tandil)<br \/>\n3 Manuel Lende (Tandil)<\/p>\n<p>Mayores de 40 a\u00f1os de edad<br \/>\n1\u00b0 Hern\u00e1n Arias (Tapalqu\u00e9)<br \/>\n2\u00b0 Fabi\u00e1n Arrozeres (Tandil)<br \/>\n3\u00b0 Jos\u00e9 Barrag\u00e1n (Rauch)<br \/>\n4\u00b0 Leandro Dastugue (Olavarr\u00eda)<br \/>\n5\u00b0 Cristian Posse (Olavarr\u00eda)<\/p>\n<p>Menores de 40 a\u00f1os de edad<br \/>\n1\u00b0 Mateo Mu\u00f1oz (Olavarr\u00eda)<br \/>\n2\u00b0 Bautista Sequeira (Olavarr\u00eda)<br \/>\n3\u00b0 Adri\u00e1n Castro (Olavarr\u00eda)<br \/>\n4\u00b0 Santiago Erripa (Olavarr\u00eda)<br \/>\n5\u00b0 Mateo Ponce (Tapalqu\u00e9)<\/p>\n<p>M\u00e1ster C<br \/>\n1\u00b0 Rafael Erripa (Olavarr\u00eda)<br \/>\n2\u00b0 Sergio Fern\u00e1ndez (Mar del Plata)<br \/>\n3\u00b0 Carlos Piazza (Azul)<\/p>\n<p>M\u00e1ster B<br \/>\n1\u00b0 Federico G\u00f3mez (Tapalqu\u00e9)<br \/>\n2\u00b0 Jos\u00e9 Aguirre (Cachar\u00ed)<br \/>\n3\u00b0 Dami\u00e1n Calvo (Ayacucho)<br \/>\n4\u00b0 Marcos Sosa (Olavarr\u00eda)<br \/>\n5\u00b0 Pablo Contreras (Ayacucho)<br \/>\n6\u00b0 Mariano Erripa (Olavarr\u00eda)<br \/>\n7\u00b0 Marcos Ram\u00edrez (Olavarr\u00eda)<\/p>\n<p>\u00c9lite I y II<br \/>\n1\u00b0 Braian Ales (Olavarr\u00eda)<br \/>\n2\u00b0 Gonzalo Seoane (Cachar\u00ed)<br \/>\n3\u00b0 Juan Bonz\u00f3n (Mar del Plata)<br \/>\n4\u00b0 Yingo Cejas (Olavarr\u00eda)<br \/>\n5\u00b0 Esteban Rold\u00e1n (Olavarr\u00eda)<br \/>\n6\u00b0 Dami\u00e1n Astobiza (Bol\u00edvar)<br \/>\n7\u00b0 Facundo Dumerauf (Olavarr\u00eda)<\/p>\n","protected":false},"excerpt":{"rendered":"<p>El Club Ciclista Azule\u00f1o volvi\u00f3 a la actividad con una jornada que estuvo acompa\u00f1ada de gran cantidad y calidad de<\/p>\n","protected":false},"author":96739694,"featured_media":159409,"comment_status":"closed","ping_status":"closed","sticky":false,"template":"","format":"standard","meta":{"_jetpack_memberships_contains_paid_content":false,"footnotes":""},"categories":[30,1],"tags":[],"class_list":["post-47000","post","type-post","status-publish","format-standard","has-post-thumbnail","hentry","category-polideportivo","category-portada"],"jetpack_featured_media_url":"https:\/\/i0.wp.com\/cdnoticias.com\/wp-content\/uploads\/2024\/01\/52-3-777x436-1.jpg?fit=777%2C436&ssl=1","jetpack_sharing_enabled":true,"_links":{"self":[{"href":"https:\/\/cdnoticias.com\/index.php\/wp-json\/wp\/v2\/posts\/47000","targetHints":{"allow":["GET"]}}],"collection":[{"href":"https:\/\/cdnoticias.com\/index.php\/wp-json\/wp\/v2\/posts"}],"about":[{"href":"https:\/\/cdnoticias.com\/index.php\/wp-json\/wp\/v2\/types\/post"}],"author":[{"embeddable":true,"href":"https:\/\/cdnoticias.com\/index.php\/wp-json\/wp\/v2\/users\/96739694"}],"replies":[{"embeddable":true,"href":"https:\/\/cdnoticias.com\/index.php\/wp-json\/wp\/v2\/comments?post=47000"}],"version-history":[{"count":0,"href":"https:\/\/cdnoticias.com\/index.php\/wp-json\/wp\/v2\/posts\/47000\/revisions"}],"wp:featuredmedia":[{"embeddable":true,"href":"https:\/\/cdnoticias.com\/index.php\/wp-json\/wp\/v2\/media\/159409"}],"wp:attachment":[{"href":"https:\/\/cdnoticias.com\/index.php\/wp-json\/wp\/v2\/media?parent=47000"}],"wp:term":[{"taxonomy":"category","embeddable":true,"href":"https:\/\/cdnoticias.com\/index.php\/wp-json\/wp\/v2\/categories?post=47000"},{"taxonomy":"post_tag","embeddable":true,"href":"https:\/\/cdnoticias.com\/index.php\/wp-json\/wp\/v2\/tags?post=47000"}],"curies":[{"name":"wp","href":"https:\/\/api.w.org\/{rel}","templated":true}]}}