{"id":46959,"date":"2022-02-21T16:02:01","date_gmt":"2022-02-21T19:02:01","guid":{"rendered":"https:\/\/www.centraldenoticias.com.ar\/?p=46959"},"modified":"2022-02-21T16:02:01","modified_gmt":"2022-02-21T19:02:01","slug":"nuevas-propuestas-en-punto-digital-olavarria","status":"publish","type":"post","link":"https:\/\/cdnoticias.com\/index.php\/2022\/02\/21\/nuevas-propuestas-en-punto-digital-olavarria\/","title":{"rendered":"Nuevas propuestas en Punto Digital Olavarr\u00eda"},"content":{"rendered":"<p>Los cursos est\u00e1n vinculados al manejo de la tecnolog\u00eda y est\u00e1n destinados a todo p\u00fablico. <!--more--><\/p>\n<hr \/>\n<p>&nbsp;<\/p>\n<p>Desde la Direcci\u00f3n de Educaci\u00f3n, se dieron a conocer las<strong> nuevas propuestas impulsadas por el Punto Digital Olavarr\u00eda.<\/strong> Se trata de cursos que comprenden diferentes tem\u00e1ticas<strong> vinculadas al manejo de la tecnolog\u00eda y est\u00e1n destinados a todo p\u00fablico.<\/strong><\/p>\n<p>&nbsp;<\/p>\n<p>Los <strong>interesados<\/strong> pueden <strong>inscribirse<\/strong> en el<strong> Centro Cultural Municipal \u201cSan Jos\u00e9\u201d<\/strong> donde funciona la sede de Punto Digital, de<strong> martes a viernes<\/strong> de <strong>17:30 a 19:30<\/strong> o comunicarse al<strong> tel\u00e9fono<\/strong> <strong>2284-422099.<\/strong> Mail: <a href=\"mailto:punto.digital@olavarr%C3%ADa.gov.ar\">punto.digital@olavarr\u00eda.gov.ar<\/a>.<\/p>\n<p>&nbsp;<\/p>\n<p>Asimismo se recuerda que, en dicha sede, se puede <strong>tramitar la validaci\u00f3n de usuarios \u00abMi Argentina\u00bb<\/strong> y el S\u00edmbolo Internacional de acceso digital para <strong>libre tr\u00e1nsito y estacionamiento.<\/strong><\/p>\n<p>&nbsp;<\/p>\n<p>A continuaci\u00f3n se detalla la oferta de talleres:<\/p>\n<p>&nbsp;<\/p>\n<p><strong>\u2013 Inform\u00e1tica Nivel Inicial<\/strong><\/p>\n<p>Este curso est\u00e1 destinado a quienes<strong> no tienen conocimiento del uso de las computadoras, <\/strong>est\u00e1 especialmente dise\u00f1ado para <strong>Adultos Mayores<\/strong>. Este curso tiene como objetivo que los estudiantes conozcan el sistema operativo Windows, paquetes de oficina y un manejo general y seguro de Internet.<\/p>\n<p>Inicio: <strong>Jueves 3 de marzo<\/strong> (12 clases). Horario: <strong>19:00 a 20:00<\/strong>. <strong>Cupo limitado.<\/strong><\/p>\n<p>&nbsp;<\/p>\n<p><strong>\u2013 Presentaciones y sondeos interactivos<\/strong><\/p>\n<p>Este curso est\u00e1 <strong>destinado a p\u00fablico en general<\/strong>, pero seguramente ser\u00e1 de mucho inter\u00e9s y utilidad para <strong>estudiantes, docentes y profesionales<\/strong> que necesitan apoyaturas digitales en sus actividades. El mismo tiene como objetivo que los estudiantes conozcan en profundidad\u00a0 las\u00a0 siguientes aplicaciones <strong>Power Point, Prezzi, Mentimeter, Kahoot, Socreative<\/strong>, entre otros, los cuales se focalizan en presentaciones din\u00e1micas, pero tambi\u00e9n en actividades que permitan realizar sondeos de comprensi\u00f3n y\/o conocimientos previos sobre una determinada tem\u00e1tica.<\/p>\n<p>Inicio:<strong> martes 1\u00ba de marzo<\/strong> (8 clases). Horario: <strong>19:00 a 20:00<\/strong>. <strong>Cupo limitado.<\/strong><\/p>\n<p>&nbsp;<\/p>\n<p><strong>\u2013 Fotograf\u00eda y retoque digital<\/strong><\/p>\n<p>Este curso est\u00e1 destinado a aquellos que <strong>deseen profundizar sobre t\u00e9cnicas fotogr\u00e1ficas<\/strong> y uso de software para lograr los resultados deseados, utilizando las t\u00e9cnicas adecuadas. Si bien el curso tiene contenidos te\u00f3ricos, se focalizar\u00e1 sobre actividades pr\u00e1cticas, que permitan a los estudiantes <strong>producir contenido de calidad profesional,<\/strong> los cuales<strong> ser\u00e1n exhibidos en una galer\u00eda virtual<\/strong>, lo que permitir\u00e1 que se voten las 115 mejores producciones, para luego imprimirlas y <strong>realizar una muestra en el Centro Cultural.<\/strong><\/p>\n<p>Inicio: <strong>viernes 4 de marzo.<\/strong> Horario: 19:00 a 20:00. Cupo limitado.<\/p>\n","protected":false},"excerpt":{"rendered":"<p>Los cursos est\u00e1n vinculados al manejo de la tecnolog\u00eda y est\u00e1n destinados a todo p\u00fablico.<\/p>\n","protected":false},"author":6,"featured_media":44624,"comment_status":"closed","ping_status":"closed","sticky":false,"template":"","format":"standard","meta":{"_jetpack_memberships_contains_paid_content":false,"footnotes":""},"categories":[5],"tags":[],"class_list":["post-46959","post","type-post","status-publish","format-standard","has-post-thumbnail","hentry","category-informacion-general"],"jetpack_featured_media_url":"https:\/\/i0.wp.com\/cdnoticias.com\/wp-content\/uploads\/2022\/01\/Punto-digital.jpg?fit=640%2C427&ssl=1","jetpack_sharing_enabled":true,"_links":{"self":[{"href":"https:\/\/cdnoticias.com\/index.php\/wp-json\/wp\/v2\/posts\/46959","targetHints":{"allow":["GET"]}}],"collection":[{"href":"https:\/\/cdnoticias.com\/index.php\/wp-json\/wp\/v2\/posts"}],"about":[{"href":"https:\/\/cdnoticias.com\/index.php\/wp-json\/wp\/v2\/types\/post"}],"author":[{"embeddable":true,"href":"https:\/\/cdnoticias.com\/index.php\/wp-json\/wp\/v2\/users\/6"}],"replies":[{"embeddable":true,"href":"https:\/\/cdnoticias.com\/index.php\/wp-json\/wp\/v2\/comments?post=46959"}],"version-history":[{"count":0,"href":"https:\/\/cdnoticias.com\/index.php\/wp-json\/wp\/v2\/posts\/46959\/revisions"}],"wp:featuredmedia":[{"embeddable":true,"href":"https:\/\/cdnoticias.com\/index.php\/wp-json\/wp\/v2\/media\/44624"}],"wp:attachment":[{"href":"https:\/\/cdnoticias.com\/index.php\/wp-json\/wp\/v2\/media?parent=46959"}],"wp:term":[{"taxonomy":"category","embeddable":true,"href":"https:\/\/cdnoticias.com\/index.php\/wp-json\/wp\/v2\/categories?post=46959"},{"taxonomy":"post_tag","embeddable":true,"href":"https:\/\/cdnoticias.com\/index.php\/wp-json\/wp\/v2\/tags?post=46959"}],"curies":[{"name":"wp","href":"https:\/\/api.w.org\/{rel}","templated":true}]}}