{"id":46934,"date":"2022-02-19T11:10:42","date_gmt":"2022-02-19T14:10:42","guid":{"rendered":"https:\/\/www.centraldenoticias.com.ar\/?p=46934"},"modified":"2022-02-19T15:22:12","modified_gmt":"2022-02-19T18:22:12","slug":"esta-acusado-de-atropellar-y-matar-retuvieron-su-vehiculo-en-un-control-de-transito","status":"publish","type":"post","link":"https:\/\/cdnoticias.com\/index.php\/2022\/02\/19\/esta-acusado-de-atropellar-y-matar-retuvieron-su-vehiculo-en-un-control-de-transito\/","title":{"rendered":"Est\u00e1 acusado de atropellar y matar: retuvieron su veh\u00edculo en un control de tr\u00e1nsito"},"content":{"rendered":"<p>El hombre transitaba en la misma camioneta del siniestro ocurrido en 2020 con la licencia de conducir vencida.<!--more--><\/p>\n<hr \/>\n<p>En el marco de los controles de tr\u00e1nsito realizados en los \u00faltimos d\u00edas, se dio a conocer que <strong>un hombre acusado de atropellar y matar a una joven segu\u00eda transitando en el mismo rodado del siniestro y sin cumplir con la normativa<\/strong>.<\/p>\n<p>&nbsp;<\/p>\n<p>En ese sentido, personal de Control Urbano inform\u00f3 que este viernes hacia las 19 intercept\u00f3 en la v\u00eda p\u00fablica a un hombre cuya camioneta, <strong>una Ford Ranger, estuvo involucrada en un siniestro vial fatal registrado en marzo de 2020<\/strong>. La fallecida fue una joven de 17 a\u00f1os que transitaba en bicicleta.<\/p>\n<p>&nbsp;<\/p>\n<p><img data-recalc-dims=\"1\" loading=\"lazy\" decoding=\"async\" class=\"size-full wp-image-46938 aligncenter\" src=\"https:\/\/i0.wp.com\/cdnoticias.com\/wp-content\/uploads\/2022\/02\/control-de-transito-01.jpg?resize=800%2C445&#038;ssl=1\" alt=\"\" width=\"800\" height=\"445\" srcset=\"https:\/\/i0.wp.com\/cdnoticias.com\/wp-content\/uploads\/2022\/02\/control-de-transito-01.jpg?w=800&amp;ssl=1 800w, https:\/\/i0.wp.com\/cdnoticias.com\/wp-content\/uploads\/2022\/02\/control-de-transito-01.jpg?resize=300%2C167&amp;ssl=1 300w, https:\/\/i0.wp.com\/cdnoticias.com\/wp-content\/uploads\/2022\/02\/control-de-transito-01.jpg?resize=768%2C427&amp;ssl=1 768w\" sizes=\"auto, (max-width: 800px) 100vw, 800px\" \/><\/p>\n<p>&nbsp;<\/p>\n<blockquote><p>El conductor, un hombre de unos 80 a\u00f1os, era el mismo del siniestro de hace casi dos a\u00f1os. Los efectivos de Control Urbano establecieron que no pose\u00eda licencia de conducir apta: estaba vencida desde el a\u00f1o 2020.<\/p><\/blockquote>\n<p>&nbsp;<\/p>\n<p><strong>Se procedi\u00f3 al secuestro tanto de la camioneta como de la licencia<\/strong>.<\/p>\n<p>&nbsp;<\/p>\n<p>Por otro lado, se inform\u00f3 que en la madrugada de este s\u00e1bado se realizaron <strong>operativos de control de tr\u00e1nsito en Belgrano y San Martin, en Del Valle al 5500 y en San Martin al 2100<\/strong>.<\/p>\n<p>&nbsp;<\/p>\n<p>En total <strong>se labraron cuatro actas de infracci\u00f3n<\/strong> por circular sin luces, por falta de VTV, por falta de licencia de conducir y falta de seguro obligatorio.\u00a0Tambi\u00e9n se <strong>retuvieron dos licencias de conducir<\/strong>.<\/p>\n<p>&nbsp;<\/p>\n<p><img data-recalc-dims=\"1\" loading=\"lazy\" decoding=\"async\" class=\"size-full wp-image-46935 aligncenter\" src=\"https:\/\/i0.wp.com\/cdnoticias.com\/wp-content\/uploads\/2022\/02\/control-de-transito-02.jpg?resize=800%2C445&#038;ssl=1\" alt=\"\" width=\"800\" height=\"445\" srcset=\"https:\/\/i0.wp.com\/cdnoticias.com\/wp-content\/uploads\/2022\/02\/control-de-transito-02.jpg?w=1005&amp;ssl=1 1005w, https:\/\/i0.wp.com\/cdnoticias.com\/wp-content\/uploads\/2022\/02\/control-de-transito-02.jpg?resize=300%2C167&amp;ssl=1 300w, https:\/\/i0.wp.com\/cdnoticias.com\/wp-content\/uploads\/2022\/02\/control-de-transito-02.jpg?resize=768%2C427&amp;ssl=1 768w, https:\/\/i0.wp.com\/cdnoticias.com\/wp-content\/uploads\/2022\/02\/control-de-transito-02.jpg?resize=800%2C445&amp;ssl=1 800w\" sizes=\"auto, (max-width: 800px) 100vw, 800px\" \/><\/p>\n<p>&nbsp;<\/p>\n<p>Asimismo, ante la <strong>denuncia de un vecino por ruidos de m\u00fasica alta<\/strong>, personal se acerc\u00f3 a un local de Dorrego entre Brown y Lavalle donde se constataron diversas infracciones, entre ellas falta de habilitaci\u00f3n de REBA y falta de habilitaci\u00f3n municipal para funcionar como tal.<\/p>\n<p>&nbsp;<\/p>\n<p>Por \u00faltimo, se detallaron tambi\u00e9n los <strong>controles desarrollados en la madrugada del viernes<\/strong>. Se labraron dos actas de infracciones de tr\u00e1nsito por falta de licencia de conducir y VTV.<\/p>\n<p>&nbsp;<\/p>\n<p>Tambi\u00e9n fue <strong>secuestrada una moto<\/strong> cuyo conductor condujo hacia el personal policial sin provocar lesiones. Luego abandon\u00f3 el rodado en el medio de la calle en San Mart\u00edn entre Rivadavia y Moreno, e inmediatamente se dio a la fuga, ingresando a un local nocturno ubicado en las inmediaciones.<\/p>\n<p>&nbsp;<\/p>\n<p><img data-recalc-dims=\"1\" loading=\"lazy\" decoding=\"async\" class=\"size-full wp-image-46936 aligncenter\" src=\"https:\/\/i0.wp.com\/cdnoticias.com\/wp-content\/uploads\/2022\/02\/control-de-transito-03.jpg?resize=800%2C445&#038;ssl=1\" alt=\"\" width=\"800\" height=\"445\" srcset=\"https:\/\/i0.wp.com\/cdnoticias.com\/wp-content\/uploads\/2022\/02\/control-de-transito-03.jpg?w=800&amp;ssl=1 800w, https:\/\/i0.wp.com\/cdnoticias.com\/wp-content\/uploads\/2022\/02\/control-de-transito-03.jpg?resize=300%2C167&amp;ssl=1 300w, https:\/\/i0.wp.com\/cdnoticias.com\/wp-content\/uploads\/2022\/02\/control-de-transito-03.jpg?resize=768%2C427&amp;ssl=1 768w\" sizes=\"auto, (max-width: 800px) 100vw, 800px\" \/><\/p>\n<p>&nbsp;<\/p>\n<p>En tanto, se realiz\u00f3 un <strong>operativo de control en la calle Riobamba entre Belgrano y Necochea<\/strong> donde se labraron dos infracciones por transitar con m\u00fasica alta ocasionando molestias en la v\u00eda publica, y por modificaci\u00f3n en el sistema de tren delantero del veh\u00edculo.<\/p>\n<p>&nbsp;<\/p>\n<p>Todos estos operativos e intervenciones estuvieron a cargo de la <strong>Subsecretar\u00eda de Seguridad municipal que encabeza Mario Busto<\/strong>.<\/p>\n","protected":false},"excerpt":{"rendered":"<p>El hombre transitaba en la misma camioneta del siniestro ocurrido en 2020 con la licencia de conducir vencida.<\/p>\n","protected":false},"author":4,"featured_media":46937,"comment_status":"closed","ping_status":"closed","sticky":false,"template":"","format":"standard","meta":{"_jetpack_memberships_contains_paid_content":false,"footnotes":""},"categories":[14,1],"tags":[],"class_list":["post-46934","post","type-post","status-publish","format-standard","has-post-thumbnail","hentry","category-policiales","category-portada"],"jetpack_featured_media_url":"https:\/\/i0.wp.com\/cdnoticias.com\/wp-content\/uploads\/2022\/02\/control-de-transito-00.jpg?fit=800%2C445&ssl=1","jetpack_sharing_enabled":true,"_links":{"self":[{"href":"https:\/\/cdnoticias.com\/index.php\/wp-json\/wp\/v2\/posts\/46934","targetHints":{"allow":["GET"]}}],"collection":[{"href":"https:\/\/cdnoticias.com\/index.php\/wp-json\/wp\/v2\/posts"}],"about":[{"href":"https:\/\/cdnoticias.com\/index.php\/wp-json\/wp\/v2\/types\/post"}],"author":[{"embeddable":true,"href":"https:\/\/cdnoticias.com\/index.php\/wp-json\/wp\/v2\/users\/4"}],"replies":[{"embeddable":true,"href":"https:\/\/cdnoticias.com\/index.php\/wp-json\/wp\/v2\/comments?post=46934"}],"version-history":[{"count":0,"href":"https:\/\/cdnoticias.com\/index.php\/wp-json\/wp\/v2\/posts\/46934\/revisions"}],"wp:featuredmedia":[{"embeddable":true,"href":"https:\/\/cdnoticias.com\/index.php\/wp-json\/wp\/v2\/media\/46937"}],"wp:attachment":[{"href":"https:\/\/cdnoticias.com\/index.php\/wp-json\/wp\/v2\/media?parent=46934"}],"wp:term":[{"taxonomy":"category","embeddable":true,"href":"https:\/\/cdnoticias.com\/index.php\/wp-json\/wp\/v2\/categories?post=46934"},{"taxonomy":"post_tag","embeddable":true,"href":"https:\/\/cdnoticias.com\/index.php\/wp-json\/wp\/v2\/tags?post=46934"}],"curies":[{"name":"wp","href":"https:\/\/api.w.org\/{rel}","templated":true}]}}