{"id":46925,"date":"2022-02-19T09:27:33","date_gmt":"2022-02-19T12:27:33","guid":{"rendered":"https:\/\/www.centraldenoticias.com.ar\/?p=46925"},"modified":"2022-02-19T11:11:31","modified_gmt":"2022-02-19T14:11:31","slug":"se-confirmaron-las-identidades-de-las-personas-fallecidas-en-la-fabrica-de-explosivos","status":"publish","type":"post","link":"https:\/\/cdnoticias.com\/index.php\/2022\/02\/19\/se-confirmaron-las-identidades-de-las-personas-fallecidas-en-la-fabrica-de-explosivos\/","title":{"rendered":"Se confirmaron las identidades de las personas fallecidas en la f\u00e1brica de explosivos"},"content":{"rendered":"<p>A \u00faltima hora del viernes, fuentes de la investigaci\u00f3n confirmaron qui\u00e9nes eran las tres personas que estaban en el sector de la explosi\u00f3n e incendio. El despliegue en el sector de los hechos.<!--more--><\/p>\n<hr \/>\n<p>A \u00faltima hora del viernes, <strong>fuentes de la investigaci\u00f3n confirmaron qui\u00e9nes eran las tres personas que estaban en el sector de la explosi\u00f3n e incendio<\/strong> que <a href=\"https:\/\/cdnoticias.com\/index.php\/2022\/02\/18\/no-tenemos-total-certezas-de-las-causas-del-accidente-y-de-sus-consecuencias-definitivas\/\" target=\"_blank\" rel=\"noopener\">se registr\u00f3 hacia las 11 de la ma\u00f1ana del viernes<\/a> en la empresa <a href=\"https:\/\/cdnoticias.com\/index.php\/2022\/02\/18\/tragica-explosion-la-empresa-enaex-argentina-confirmo-la-muerte-de-tres-trabajadores\/\" target=\"_blank\" rel=\"noopener\">Enaex Argentina<\/a>.<\/p>\n<p>&nbsp;<\/p>\n<p>Los dos operarios de la empresa fueron identificados como<strong> Jos\u00e9 Lazarte y Carlos Sandoval<\/strong>, ambos de Olavarr\u00eda.<\/p>\n<p>&nbsp;<\/p>\n<p>La tercera v\u00edctima fatal es <strong>Jos\u00e9 Elvio Guimaraes<\/strong>, transportista de nacionalidad brasile\u00f1a.<\/p>\n<p>&nbsp;<\/p>\n<p>Cabe recordar que hubo <strong>una cuarta v\u00edctima, Alberto Manuel Leandro de 63 a\u00f1os, logr\u00f3 salir ileso<\/strong> del sector del siniestro. Tambi\u00e9n es un transportista brasile\u00f1o, quien alcanz\u00f3 a huir y refugiarse cuando se inici\u00f3 el incendio.<\/p>\n<p>&nbsp;<\/p>\n<p>El hombre <strong>fue atendido en el Hospital Municipal<\/strong> y qued\u00f3 internado en el observaci\u00f3n ya que estaba en shock tras lo sucedido.<\/p>\n<p>&nbsp;<\/p>\n<p><strong>El despliegue<\/strong><\/p>\n<p>&nbsp;<\/p>\n<p>En el lugar de los hechos, <strong>las labores se suspendieron pasadas las 20 del viernes<\/strong>: se indic\u00f3 que se esperaba que durante la noche se enfriara el sector para permitir la continuidad de las labores. La zona qued\u00f3 preservada y <strong>hacia las 7 de este s\u00e1bado los investigadores volvieron a trabajar<\/strong>.<\/p>\n<p>&nbsp;<\/p>\n<p><img data-recalc-dims=\"1\" loading=\"lazy\" decoding=\"async\" class=\"size-full wp-image-46855 aligncenter\" src=\"https:\/\/i0.wp.com\/cdnoticias.com\/wp-content\/uploads\/2022\/02\/incendio-fabrica-cientifica-01.jpg?resize=800%2C445&#038;ssl=1\" alt=\"\" width=\"800\" height=\"445\" srcset=\"https:\/\/i0.wp.com\/cdnoticias.com\/wp-content\/uploads\/2022\/02\/incendio-fabrica-cientifica-01.jpg?w=1022&amp;ssl=1 1022w, https:\/\/i0.wp.com\/cdnoticias.com\/wp-content\/uploads\/2022\/02\/incendio-fabrica-cientifica-01.jpg?resize=300%2C167&amp;ssl=1 300w, https:\/\/i0.wp.com\/cdnoticias.com\/wp-content\/uploads\/2022\/02\/incendio-fabrica-cientifica-01.jpg?resize=768%2C427&amp;ssl=1 768w, https:\/\/i0.wp.com\/cdnoticias.com\/wp-content\/uploads\/2022\/02\/incendio-fabrica-cientifica-01.jpg?resize=800%2C445&amp;ssl=1 800w\" sizes=\"auto, (max-width: 800px) 100vw, 800px\" \/><\/p>\n<p>&nbsp;<\/p>\n<p>Hasta ese momento estuvieron desempe\u00f1\u00e1ndose efectivos policiales de la <strong>Subcomisar\u00eda de Loma Negra, de la Direcci\u00f3n de Explosivos del Ministerio de Seguridad delegaci\u00f3n Azul<\/strong>, <strong>bomberos<\/strong> y el <strong>fiscal Miguel Angel Pi\u00f1eiro, de la UFI N\u00ba 10<\/strong> que interviene en el caso.<\/p>\n<p>&nbsp;<\/p>\n<p>En tanto, a lo largo de la jornada, trabajaron adem\u00e1s polic\u00edas de la <strong>Subcomisar\u00eda de Sierras Bayas, de la Estaci\u00f3n Departamental de Seguridad de Olavarr\u00eda, peritos de Polic\u00eda Cient\u00edfica y Polic\u00eda Ecol\u00f3gica<\/strong>.<\/p>\n<p>&nbsp;<\/p>\n<p>Tambi\u00e9n se present\u00f3 la <strong>Divisi\u00f3n Explosivos de Bomberos de Azul<\/strong>, dependiente de Polic\u00eda Bonaerense, que comand\u00f3 la labor tambi\u00e9n de los Bomberos Voluntarios de Olavarr\u00eda.<\/p>\n<p>&nbsp;<\/p>\n<p>Hasta el lugar <strong>se movilizaron seis dotaciones de bomberos<\/strong>. <em>Las unidades 27 y 22 del Destacamento 2 de Sierras Bayas, y las unidades 25, 18, 20 y 29 del Cuartel Central de Olavarr\u00eda<\/em>, todas a cargo de <strong>Adri\u00e1n Guevara, jefe de Defensa Civil de Olavarr\u00eda<\/strong>.<\/p>\n<p>&nbsp;<\/p>\n<p>Las tareas de los voluntarios iniciaron poco despu\u00e9s de las 11 y <strong>finalizaron a las 19.47 del viernes<\/strong>.<\/p>\n","protected":false},"excerpt":{"rendered":"<p>A \u00faltima hora del viernes, fuentes de la investigaci\u00f3n confirmaron qui\u00e9nes eran las tres personas que estaban en el sector<\/p>\n","protected":false},"author":4,"featured_media":46853,"comment_status":"closed","ping_status":"closed","sticky":false,"template":"","format":"standard","meta":{"_jetpack_memberships_contains_paid_content":false,"footnotes":""},"categories":[14,1],"tags":[],"class_list":["post-46925","post","type-post","status-publish","format-standard","has-post-thumbnail","hentry","category-policiales","category-portada"],"jetpack_featured_media_url":"https:\/\/i0.wp.com\/cdnoticias.com\/wp-content\/uploads\/2022\/02\/incendio-fabrica-08.jpg?fit=1108%2C616&ssl=1","jetpack_sharing_enabled":true,"_links":{"self":[{"href":"https:\/\/cdnoticias.com\/index.php\/wp-json\/wp\/v2\/posts\/46925","targetHints":{"allow":["GET"]}}],"collection":[{"href":"https:\/\/cdnoticias.com\/index.php\/wp-json\/wp\/v2\/posts"}],"about":[{"href":"https:\/\/cdnoticias.com\/index.php\/wp-json\/wp\/v2\/types\/post"}],"author":[{"embeddable":true,"href":"https:\/\/cdnoticias.com\/index.php\/wp-json\/wp\/v2\/users\/4"}],"replies":[{"embeddable":true,"href":"https:\/\/cdnoticias.com\/index.php\/wp-json\/wp\/v2\/comments?post=46925"}],"version-history":[{"count":0,"href":"https:\/\/cdnoticias.com\/index.php\/wp-json\/wp\/v2\/posts\/46925\/revisions"}],"wp:featuredmedia":[{"embeddable":true,"href":"https:\/\/cdnoticias.com\/index.php\/wp-json\/wp\/v2\/media\/46853"}],"wp:attachment":[{"href":"https:\/\/cdnoticias.com\/index.php\/wp-json\/wp\/v2\/media?parent=46925"}],"wp:term":[{"taxonomy":"category","embeddable":true,"href":"https:\/\/cdnoticias.com\/index.php\/wp-json\/wp\/v2\/categories?post=46925"},{"taxonomy":"post_tag","embeddable":true,"href":"https:\/\/cdnoticias.com\/index.php\/wp-json\/wp\/v2\/tags?post=46925"}],"curies":[{"name":"wp","href":"https:\/\/api.w.org\/{rel}","templated":true}]}}