{"id":46923,"date":"2022-02-19T09:12:47","date_gmt":"2022-02-19T12:12:47","guid":{"rendered":"https:\/\/www.centraldenoticias.com.ar\/?p=46923"},"modified":"2022-02-19T09:12:47","modified_gmt":"2022-02-19T12:12:47","slug":"nelva-irma-belletrutti-viuda-de-capecce-q-e-p-d","status":"publish","type":"post","link":"https:\/\/cdnoticias.com\/index.php\/2022\/02\/19\/nelva-irma-belletrutti-viuda-de-capecce-q-e-p-d\/","title":{"rendered":"Nelva Irma Belletrutti viuda de Capecce (Q.E.P.D.)"},"content":{"rendered":"<p>Falleci\u00f3 en Olavarr\u00eda el d\u00eda 18 febrero de 2022.<\/p>\n<p>&nbsp;<\/p>\n<p>Sus hijos Omar y Graciela Capecce. Sus hijos pol\u00edticos Maria Del Valle y Luis. Sus nietos Lucia, Mina y Santiago y dem\u00e1s deudos participan su fallecimiento.<\/p>\n<p>&nbsp;<\/p>\n<p>Velatorio: Espa\u00f1a 2942 departamento &#8220;D&#8221;. El velatorio se realizar\u00e1 de 12 a 16 horas. Responso: Capilla Ardiente. Inhumaci\u00f3n: Cementerio Loma de Paz, el domingo 20 de febrero a las 8:30 horas. Servicio adherido a Coopelectric.<\/p>\n<p>&nbsp;<\/p>\n<p>Vecino de Barrio Pueblo Nuevo.<\/p>\n<p>&nbsp;<\/p>\n<p>Lugar de nacimiento: Nacida en Bol\u00edvar.<\/p>\n<p>&nbsp;<\/p>\n<p>Actividad que desarrollaba: Jubilada y Pensionada.<\/p>\n","protected":false},"excerpt":{"rendered":"<p>Falleci\u00f3 en Olavarr\u00eda el d\u00eda 18 febrero de 2022. &nbsp; Sus hijos Omar y Graciela Capecce. Sus hijos pol\u00edticos Maria<\/p>\n","protected":false},"author":4,"featured_media":0,"comment_status":"closed","ping_status":"closed","sticky":false,"template":"","format":"standard","meta":{"_jetpack_memberships_contains_paid_content":false,"footnotes":""},"categories":[10],"tags":[],"class_list":["post-46923","post","type-post","status-publish","format-standard","hentry","category-necrologicas"],"jetpack_featured_media_url":"","jetpack_sharing_enabled":true,"_links":{"self":[{"href":"https:\/\/cdnoticias.com\/index.php\/wp-json\/wp\/v2\/posts\/46923","targetHints":{"allow":["GET"]}}],"collection":[{"href":"https:\/\/cdnoticias.com\/index.php\/wp-json\/wp\/v2\/posts"}],"about":[{"href":"https:\/\/cdnoticias.com\/index.php\/wp-json\/wp\/v2\/types\/post"}],"author":[{"embeddable":true,"href":"https:\/\/cdnoticias.com\/index.php\/wp-json\/wp\/v2\/users\/4"}],"replies":[{"embeddable":true,"href":"https:\/\/cdnoticias.com\/index.php\/wp-json\/wp\/v2\/comments?post=46923"}],"version-history":[{"count":0,"href":"https:\/\/cdnoticias.com\/index.php\/wp-json\/wp\/v2\/posts\/46923\/revisions"}],"wp:attachment":[{"href":"https:\/\/cdnoticias.com\/index.php\/wp-json\/wp\/v2\/media?parent=46923"}],"wp:term":[{"taxonomy":"category","embeddable":true,"href":"https:\/\/cdnoticias.com\/index.php\/wp-json\/wp\/v2\/categories?post=46923"},{"taxonomy":"post_tag","embeddable":true,"href":"https:\/\/cdnoticias.com\/index.php\/wp-json\/wp\/v2\/tags?post=46923"}],"curies":[{"name":"wp","href":"https:\/\/api.w.org\/{rel}","templated":true}]}}