{"id":46890,"date":"2022-02-18T16:37:00","date_gmt":"2022-02-18T19:37:00","guid":{"rendered":"https:\/\/www.centraldenoticias.com.ar\/?p=46890"},"modified":"2022-02-19T12:52:14","modified_gmt":"2022-02-19T15:52:14","slug":"por-la-magnitud-del-siniestro-nos-hace-prever-un-desenlace-fatal","status":"publish","type":"post","link":"https:\/\/cdnoticias.com\/index.php\/2022\/02\/18\/por-la-magnitud-del-siniestro-nos-hace-prever-un-desenlace-fatal\/","title":{"rendered":"\u201cPor la magnitud del siniestro nos hace prever un desenlace fatal\u201d"},"content":{"rendered":"<p>El Intendente Galli inform\u00f3 sobre los hechos sucedidos en la empresa de explosivos que tiene a tres personas desaparecidas y, extraoficialmente, a dos de estas tres personas fallecidas.<\/p>\n<hr \/>\n<p><!--more--><\/p>\n<p>Tras la<strong> impactante explosi\u00f3n en la empresa Enaex Argentina, el intendente Galli habl\u00f3 en conferencia de prensa a los medios locales y confirm\u00f3 que todav\u00eda no se pudieron acercar a los restos de la explosi\u00f3n en una f\u00e1brica de explosivos local<\/strong> <strong>y no confirm\u00f3 fallecidos, aunque dej\u00f3 en claro que hay tres personas desaparecidas y que ser\u00e1n buscadas por personal apostado en el lugar.<\/strong><\/p>\n<p>&nbsp;<\/p>\n<p>All\u00ed, el Intendente Galli fue el \u00fanico orador acompa\u00f1ado del Secretario de Gobierno Hilario Galli, el Secretario de Desarrollo Humano y Calidad de Vida Diego Robbiani y Cristian Waimann, subsecretario de Salud.<\/p>\n<p>&nbsp;<\/p>\n<p><img data-recalc-dims=\"1\" loading=\"lazy\" decoding=\"async\" class=\"aligncenter size-large wp-image-46893\" src=\"https:\/\/i0.wp.com\/cdnoticias.com\/wp-content\/uploads\/2022\/02\/WhatsApp-Image-2022-02-18-at-16.20.39.jpeg?resize=800%2C534&#038;ssl=1\" alt=\"\" width=\"800\" height=\"534\" srcset=\"https:\/\/i0.wp.com\/cdnoticias.com\/wp-content\/uploads\/2022\/02\/WhatsApp-Image-2022-02-18-at-16.20.39.jpeg?resize=1024%2C683&amp;ssl=1 1024w, https:\/\/i0.wp.com\/cdnoticias.com\/wp-content\/uploads\/2022\/02\/WhatsApp-Image-2022-02-18-at-16.20.39.jpeg?resize=300%2C200&amp;ssl=1 300w, https:\/\/i0.wp.com\/cdnoticias.com\/wp-content\/uploads\/2022\/02\/WhatsApp-Image-2022-02-18-at-16.20.39.jpeg?resize=768%2C512&amp;ssl=1 768w, https:\/\/i0.wp.com\/cdnoticias.com\/wp-content\/uploads\/2022\/02\/WhatsApp-Image-2022-02-18-at-16.20.39.jpeg?resize=1536%2C1024&amp;ssl=1 1536w, https:\/\/i0.wp.com\/cdnoticias.com\/wp-content\/uploads\/2022\/02\/WhatsApp-Image-2022-02-18-at-16.20.39.jpeg?resize=272%2C182&amp;ssl=1 272w, https:\/\/i0.wp.com\/cdnoticias.com\/wp-content\/uploads\/2022\/02\/WhatsApp-Image-2022-02-18-at-16.20.39.jpeg?w=1599&amp;ssl=1 1599w\" sizes=\"auto, (max-width: 800px) 100vw, 800px\" \/><\/p>\n<p>&nbsp;<\/p>\n<p>Galli explic\u00f3 que, hasta ahora,<strong> tienen confirmado que en el hecho hab\u00eda cuatro personas trabajando, de las cuales tres se encuentran desaparecidas y una logr\u00f3 sobrevivir tras, luego de percatarse de la explosi\u00f3n, <em>\u201ccorrer a campo traviesa hasta quedar a resguardo\u201d.<\/em><\/strong><\/p>\n<p>&nbsp;<\/p>\n<p>El sobreviviente,<em> \u201cest\u00e1 en estado de shock, se trata de un hombre de apellido Leandro, de 63 a\u00f1os y nacionalidad brasile\u00f1a. Seg\u00fan alcanz\u00f3 a relatar, estaba buscando una documentaci\u00f3n en el cami\u00f3n, escuch\u00f3 la explosi\u00f3n y sali\u00f3 corriendo a campo traviesa\u201d.<\/em><\/p>\n<p>&nbsp;<\/p>\n<blockquote><p>El jefe comunal admiti\u00f3 que <em><strong>\u201cEstamos angustiados porque la magnitud del siniestro nos hace prever un desenlace fatal\u201d.<\/strong> <\/em><\/p><\/blockquote>\n<p>&nbsp;<\/p>\n<p>Las otras tres personas son una de nacionalidad brasile\u00f1a que viajaba junto al camionero sobreviviente y dos empleados de la empresa.<\/p>\n<p>&nbsp;<\/p>\n<p><img data-recalc-dims=\"1\" loading=\"lazy\" decoding=\"async\" class=\"aligncenter size-large wp-image-46894\" src=\"https:\/\/i0.wp.com\/cdnoticias.com\/wp-content\/uploads\/2022\/02\/WhatsApp-Image-2022-02-18-at-16.10.56.jpeg?resize=800%2C600&#038;ssl=1\" alt=\"\" width=\"800\" height=\"600\" srcset=\"https:\/\/i0.wp.com\/cdnoticias.com\/wp-content\/uploads\/2022\/02\/WhatsApp-Image-2022-02-18-at-16.10.56.jpeg?resize=1024%2C768&amp;ssl=1 1024w, https:\/\/i0.wp.com\/cdnoticias.com\/wp-content\/uploads\/2022\/02\/WhatsApp-Image-2022-02-18-at-16.10.56.jpeg?resize=300%2C225&amp;ssl=1 300w, https:\/\/i0.wp.com\/cdnoticias.com\/wp-content\/uploads\/2022\/02\/WhatsApp-Image-2022-02-18-at-16.10.56.jpeg?resize=768%2C576&amp;ssl=1 768w, https:\/\/i0.wp.com\/cdnoticias.com\/wp-content\/uploads\/2022\/02\/WhatsApp-Image-2022-02-18-at-16.10.56.jpeg?resize=1536%2C1153&amp;ssl=1 1536w, https:\/\/i0.wp.com\/cdnoticias.com\/wp-content\/uploads\/2022\/02\/WhatsApp-Image-2022-02-18-at-16.10.56.jpeg?w=1599&amp;ssl=1 1599w\" sizes=\"auto, (max-width: 800px) 100vw, 800px\" \/><\/p>\n<p>&nbsp;<\/p>\n<p>Indic\u00f3 que<strong> a\u00fan<em> \u201cest\u00e1n con mucha incertidumbre<\/em><\/strong><em>\u201d<\/em> dado que <em>\u201cPolic\u00eda Cient\u00edfica no se puede acercar\u201d<\/em> dado que adem\u00e1s<strong> hubo un container con detonadores que se incendi\u00f3, y no<em> &#8220;a\u00fan no hay garant\u00edas de que haya nuevas detonaciones\u201d.<\/em><\/strong><\/p>\n<p>&nbsp;<\/p>\n<p>Adem\u00e1s, relat\u00f3 que hab\u00eda otras personas trabajando en el predio.<strong> Hab\u00eda empleados a 200 metros, una mujer dentro de la garita de acceso. Dos empleados dentro de la oficina y trabajadores realizando tareas en sectores m\u00e1s alejados. Todos ellos resultaron ilesos.<\/strong><\/p>\n","protected":false},"excerpt":{"rendered":"<p>El Intendente Galli inform\u00f3 sobre los hechos sucedidos en la empresa de explosivos que tiene a tres personas desaparecidas y,<\/p>\n","protected":false},"author":5,"featured_media":46892,"comment_status":"closed","ping_status":"closed","sticky":false,"template":"","format":"standard","meta":{"_jetpack_memberships_contains_paid_content":false,"footnotes":""},"categories":[14,1],"tags":[],"class_list":["post-46890","post","type-post","status-publish","format-standard","has-post-thumbnail","hentry","category-policiales","category-portada"],"jetpack_featured_media_url":"https:\/\/i0.wp.com\/cdnoticias.com\/wp-content\/uploads\/2022\/02\/WhatsApp-Image-2022-02-18-at-16.20.39-1.jpeg?fit=1599%2C1066&ssl=1","jetpack_sharing_enabled":true,"_links":{"self":[{"href":"https:\/\/cdnoticias.com\/index.php\/wp-json\/wp\/v2\/posts\/46890","targetHints":{"allow":["GET"]}}],"collection":[{"href":"https:\/\/cdnoticias.com\/index.php\/wp-json\/wp\/v2\/posts"}],"about":[{"href":"https:\/\/cdnoticias.com\/index.php\/wp-json\/wp\/v2\/types\/post"}],"author":[{"embeddable":true,"href":"https:\/\/cdnoticias.com\/index.php\/wp-json\/wp\/v2\/users\/5"}],"replies":[{"embeddable":true,"href":"https:\/\/cdnoticias.com\/index.php\/wp-json\/wp\/v2\/comments?post=46890"}],"version-history":[{"count":0,"href":"https:\/\/cdnoticias.com\/index.php\/wp-json\/wp\/v2\/posts\/46890\/revisions"}],"wp:featuredmedia":[{"embeddable":true,"href":"https:\/\/cdnoticias.com\/index.php\/wp-json\/wp\/v2\/media\/46892"}],"wp:attachment":[{"href":"https:\/\/cdnoticias.com\/index.php\/wp-json\/wp\/v2\/media?parent=46890"}],"wp:term":[{"taxonomy":"category","embeddable":true,"href":"https:\/\/cdnoticias.com\/index.php\/wp-json\/wp\/v2\/categories?post=46890"},{"taxonomy":"post_tag","embeddable":true,"href":"https:\/\/cdnoticias.com\/index.php\/wp-json\/wp\/v2\/tags?post=46890"}],"curies":[{"name":"wp","href":"https:\/\/api.w.org\/{rel}","templated":true}]}}