{"id":46868,"date":"2022-02-19T17:36:20","date_gmt":"2022-02-19T20:36:20","guid":{"rendered":"https:\/\/www.centraldenoticias.com.ar\/?p=46868"},"modified":"2022-02-19T17:36:20","modified_gmt":"2022-02-19T20:36:20","slug":"bruno-di-carlo-benitez-y-aguilera-deberian-dar-explicaciones","status":"publish","type":"post","link":"https:\/\/cdnoticias.com\/index.php\/2022\/02\/19\/bruno-di-carlo-benitez-y-aguilera-deberian-dar-explicaciones\/","title":{"rendered":"Bruno Di Carlo: \u201cBen\u00edtez y Aguilera deber\u00edan dar explicaciones\u201d"},"content":{"rendered":"<p style=\"font-weight: 400;\">El presidente del Consejo Escolar se refiri\u00f3 al edificio de artes visuales tras la demora en el inicio de la obra.<!--more--><\/p>\n<hr \/>\n<p>&nbsp;<\/p>\n<p style=\"font-weight: 400;\">El<strong> presidente del Consejo Escolar Bruno Di Carlo<\/strong> se refiri\u00f3 al <strong>no inicio de obra del nuevo edificio de la Escuela de Artes Visuales<\/strong> \u201cMiguel \u00c1ngel Galgano\u201d.<\/p>\n<p>&nbsp;<\/p>\n<p style=\"font-weight: 400;\">Al respecto, Di Carlo dijo:\u00a0\u201c<strong>estamos con mucha preocupaci\u00f3n<\/strong> porque el Jefe Distrital <strong>Julio Ben\u00edtez<\/strong> y el Subsecretario de Miner\u00eda <strong>Federico Aguilera<\/strong> <strong>prometieron el nuevo edificio de Artes Visuales<\/strong> y al d\u00eda de hoy el <strong>gobierno de la provincia de Buenos Aires no desembols\u00f3 la partida para el inicio de obra\u201d.<\/strong><\/p>\n<p>&nbsp;<\/p>\n<p style=\"font-weight: 400;\">En este sentido, Di Carlo expres\u00f3:\u00a0\u201c<strong>Ben\u00edtez y Aguilera deber\u00edan dar explicaciones de esta situaci\u00f3n<\/strong> que lamentablemente <strong>afecta a la comunidad educativa de dicha instituci\u00f3n.<\/strong> <strong>Estamos cansados de anuncios y promesas que no se cumplen\u201d.<\/strong><\/p>\n<p>&nbsp;<\/p>\n<p style=\"font-weight: 400;\">\u201cEl Municipio<strong> realiz\u00f3 la licitaci\u00f3n el pasado 29 de noviembre<\/strong> y, posteriormente, envi\u00f3 la documentaci\u00f3n requerida por el Subsecretario de Infraestructura Escolar <strong>Ariel Lambezat<\/strong>, quien especific\u00f3 c\u00f3mo iban a ser los desembolsos correspondientes\u201d,\u00a0agreg\u00f3.<\/p>\n<p>&nbsp;<\/p>\n<p style=\"font-weight: 400;\">Adem\u00e1s, el titular del Consejo Escolar explic\u00f3 que\u00a0\u201c<strong>desde la Provincia no hay respuestas favorables a los reclamos realizados por el Municipio para poder iniciar la obra.<\/strong> Fue la Secretar\u00eda de Desarrollo Humano y Calidad de Vida la que se comunic\u00f3 con Julio Ben\u00edtez para trabajar en conjunto y encontrar una soluci\u00f3n definitiva\u201d.<\/p>\n<p>&nbsp;<\/p>\n<p style=\"font-weight: 400;\">\u201cAnte la mala gesti\u00f3n del gobierno provincial tenemos el riesgo de que la empresa rescinda el contrato y tener que hacer nuevamente un proceso licitatorio que implicar\u00eda un <strong>nuevo presupuesto oficial actualizado<\/strong>, teniendo en cuenta la<strong> incontrolable inflaci\u00f3n que tiene nuestro pa\u00eds<\/strong>\u201d,\u00a0concluy\u00f3.<\/p>\n<p>&nbsp;<\/p>\n<p>Recordemos que<strong> Fabi\u00e1n Iglesias,<\/strong> director de la <strong>Escuela de Artes Visuales<\/strong> &#8220;Miguel \u00c1ngel Galgano\u201d, dialog\u00f3 con<strong><em> Central de Noticias\u00a0<\/em><\/strong>sobre la <a href=\"https:\/\/cdnoticias.com\/index.php\/2022\/02\/10\/nuevo-edificio-para-artes-visuales-no-hay-absolutamente-nada\/\" target=\"_blank\" rel=\"noopener\">situaci\u00f3n actual del edificio<\/a> y remarc\u00f3 que en el lugar <strong>\u201cNo hay absolutamente nada\u201d.<\/strong><\/p>\n<p>&nbsp;<\/p>\n","protected":false},"excerpt":{"rendered":"<p>El presidente del Consejo Escolar se refiri\u00f3 al edificio de artes visuales tras la demora en el inicio de la<\/p>\n","protected":false},"author":6,"featured_media":46869,"comment_status":"closed","ping_status":"closed","sticky":false,"template":"","format":"standard","meta":{"_jetpack_memberships_contains_paid_content":false,"footnotes":""},"categories":[4,1],"tags":[],"class_list":["post-46868","post","type-post","status-publish","format-standard","has-post-thumbnail","hentry","category-politica","category-portada"],"jetpack_featured_media_url":"https:\/\/i0.wp.com\/cdnoticias.com\/wp-content\/uploads\/2022\/02\/Bruno-Di-Carlo.jpg?fit=1772%2C1181&ssl=1","jetpack_sharing_enabled":true,"_links":{"self":[{"href":"https:\/\/cdnoticias.com\/index.php\/wp-json\/wp\/v2\/posts\/46868","targetHints":{"allow":["GET"]}}],"collection":[{"href":"https:\/\/cdnoticias.com\/index.php\/wp-json\/wp\/v2\/posts"}],"about":[{"href":"https:\/\/cdnoticias.com\/index.php\/wp-json\/wp\/v2\/types\/post"}],"author":[{"embeddable":true,"href":"https:\/\/cdnoticias.com\/index.php\/wp-json\/wp\/v2\/users\/6"}],"replies":[{"embeddable":true,"href":"https:\/\/cdnoticias.com\/index.php\/wp-json\/wp\/v2\/comments?post=46868"}],"version-history":[{"count":0,"href":"https:\/\/cdnoticias.com\/index.php\/wp-json\/wp\/v2\/posts\/46868\/revisions"}],"wp:featuredmedia":[{"embeddable":true,"href":"https:\/\/cdnoticias.com\/index.php\/wp-json\/wp\/v2\/media\/46869"}],"wp:attachment":[{"href":"https:\/\/cdnoticias.com\/index.php\/wp-json\/wp\/v2\/media?parent=46868"}],"wp:term":[{"taxonomy":"category","embeddable":true,"href":"https:\/\/cdnoticias.com\/index.php\/wp-json\/wp\/v2\/categories?post=46868"},{"taxonomy":"post_tag","embeddable":true,"href":"https:\/\/cdnoticias.com\/index.php\/wp-json\/wp\/v2\/tags?post=46868"}],"curies":[{"name":"wp","href":"https:\/\/api.w.org\/{rel}","templated":true}]}}