{"id":46866,"date":"2022-02-18T15:12:17","date_gmt":"2022-02-18T18:12:17","guid":{"rendered":"https:\/\/www.centraldenoticias.com.ar\/?p=46866"},"modified":"2022-02-18T16:37:27","modified_gmt":"2022-02-18T19:37:27","slug":"explosion-e-incendio-en-fabrica-de-explosivos-al-menos-dos-muertos-y-una-persona-desaparecida","status":"publish","type":"post","link":"https:\/\/cdnoticias.com\/index.php\/2022\/02\/18\/explosion-e-incendio-en-fabrica-de-explosivos-al-menos-dos-muertos-y-una-persona-desaparecida\/","title":{"rendered":"Explosi\u00f3n e incendio en f\u00e1brica de explosivos: al menos dos muertos y una persona desaparecida"},"content":{"rendered":"<p>As\u00ed confirmaron fuentes vinculadas al hecho a Central de Noticias. La persona herida fue trasladada solo por precauci\u00f3n al Hospital Municipal: logr\u00f3 resguardarse tras la violenta explosi\u00f3n. <!--more--><\/p>\n<hr \/>\n<p>Luego de empezar a conocerse algunos datos oficiales respecto a la<a href=\"https:\/\/cdnoticias.com\/index.php\/2022\/02\/18\/explosion-e-incendio-de-importantes-dimensiones-en-una-fabrica-de-explosivos\/\" target=\"_blank\" rel=\"noopener\"> impactante explosi\u00f3n e incendio en una f\u00e1brica de explosivos local<\/a>, se conoci\u00f3 que<strong> las tareas de rescate ahora se enfocan en una persona que se encuentran desaparecida, mientras que lamentablemente dos perdieron la vida.<\/strong><\/p>\n<p>&nbsp;<\/p>\n<p>Seg\u00fan se explic\u00f3, la explosi\u00f3n se habr\u00eda generado en la<strong> descarga de un cami\u00f3n con explosivos, aunque todav\u00eda se analizan otras posibles causas del hecho. Lo concreto es que en esa descarga se dio la explosi\u00f3n, y el conductor de dicho cami\u00f3n corri\u00f3 y logr\u00f3 resguardarse, resultando ileso. Solo por precauci\u00f3n fue trasladado al Hospital Municipal.<\/strong><\/p>\n<p>&nbsp;<\/p>\n<blockquote><p>Es un hombre de nacionalidad brasile\u00f1a y tiene alrededor de 50 a\u00f1os. Se encuentra \u201cen buen estado de salud\u201d en el centro de salud local.<\/p><\/blockquote>\n<p>&nbsp;<\/p>\n<p>En paralelo,<strong> fuerzas de seguridad habr\u00edan identificado a dos personas fallecidas, mientras que contin\u00faan las tareas para encontrar a una tercera que se encuentra desaparecida tras la explosi\u00f3n.<\/strong> Cabe se\u00f1alar que las tareas de b\u00fasqueda son complejas por la incertidumbre y complejidad del escenario.<\/p>\n<p>&nbsp;<\/p>\n<p><strong>Bomberos Voluntarios trabajan con un dron sobrevolando la zona y luego se acerca con los respectivos cuidados.<\/strong> Defensa Civil, la divisi\u00f3n explosivos de Bomberos y varios efectivos trabajan por estos minutos en el lugar, mientras que se apost\u00f3 un cord\u00f3n de 500 metros a la redonda por precauci\u00f3n.<\/p>\n<p>&nbsp;<\/p>\n<p>El Fiscal <strong>Miguel Pi\u00f1eiro de la UFI N\u00b010, actualmente de turno, se encuentra en el lugar para dar inicio a las primeras tareas de investigaci\u00f3n<\/strong> y dictaminar las primeras acciones judiciales.<\/p>\n","protected":false},"excerpt":{"rendered":"<p>As\u00ed confirmaron fuentes vinculadas al hecho a Central de Noticias. La persona herida fue trasladada solo por precauci\u00f3n al Hospital<\/p>\n","protected":false},"author":5,"featured_media":46855,"comment_status":"closed","ping_status":"closed","sticky":false,"template":"","format":"standard","meta":{"_jetpack_memberships_contains_paid_content":false,"footnotes":""},"categories":[14,1],"tags":[],"class_list":["post-46866","post","type-post","status-publish","format-standard","has-post-thumbnail","hentry","category-policiales","category-portada"],"jetpack_featured_media_url":"https:\/\/i0.wp.com\/cdnoticias.com\/wp-content\/uploads\/2022\/02\/incendio-fabrica-cientifica-01.jpg?fit=1022%2C568&ssl=1","jetpack_sharing_enabled":true,"_links":{"self":[{"href":"https:\/\/cdnoticias.com\/index.php\/wp-json\/wp\/v2\/posts\/46866","targetHints":{"allow":["GET"]}}],"collection":[{"href":"https:\/\/cdnoticias.com\/index.php\/wp-json\/wp\/v2\/posts"}],"about":[{"href":"https:\/\/cdnoticias.com\/index.php\/wp-json\/wp\/v2\/types\/post"}],"author":[{"embeddable":true,"href":"https:\/\/cdnoticias.com\/index.php\/wp-json\/wp\/v2\/users\/5"}],"replies":[{"embeddable":true,"href":"https:\/\/cdnoticias.com\/index.php\/wp-json\/wp\/v2\/comments?post=46866"}],"version-history":[{"count":0,"href":"https:\/\/cdnoticias.com\/index.php\/wp-json\/wp\/v2\/posts\/46866\/revisions"}],"wp:featuredmedia":[{"embeddable":true,"href":"https:\/\/cdnoticias.com\/index.php\/wp-json\/wp\/v2\/media\/46855"}],"wp:attachment":[{"href":"https:\/\/cdnoticias.com\/index.php\/wp-json\/wp\/v2\/media?parent=46866"}],"wp:term":[{"taxonomy":"category","embeddable":true,"href":"https:\/\/cdnoticias.com\/index.php\/wp-json\/wp\/v2\/categories?post=46866"},{"taxonomy":"post_tag","embeddable":true,"href":"https:\/\/cdnoticias.com\/index.php\/wp-json\/wp\/v2\/tags?post=46866"}],"curies":[{"name":"wp","href":"https:\/\/api.w.org\/{rel}","templated":true}]}}