{"id":46858,"date":"2022-02-18T16:08:47","date_gmt":"2022-02-18T19:08:47","guid":{"rendered":"https:\/\/www.centraldenoticias.com.ar\/?p=46858"},"modified":"2022-02-18T16:08:47","modified_gmt":"2022-02-18T19:08:47","slug":"este-viernes-se-presenta-un-libro-sobre-el-uso-de-la-miel","status":"publish","type":"post","link":"https:\/\/cdnoticias.com\/index.php\/2022\/02\/18\/este-viernes-se-presenta-un-libro-sobre-el-uso-de-la-miel\/","title":{"rendered":"Este viernes se presenta un libro sobre el uso de la miel"},"content":{"rendered":"<p>Ser\u00e1 en el espacio cultural Insurgente. Estar\u00e1 el autor de &#8220;La Miel, un mundo de nuevos e ignorados conocimientos&#8221;, Pascual Tancredi.<!--more--><\/p>\n<hr \/>\n<p>&nbsp;<\/p>\n<p>Este<strong> viernes a las 19:00 en el espacio cultural Insurgente<\/strong>, situado en Belgrano 3345, <strong>Pascual R. Tancredi presentar\u00e1 su libro &#8220;La Miel, un mundo de nuevos e ignorados conocimientos&#8221;.<\/strong><\/p>\n<p>&nbsp;<\/p>\n<p>Trata sobre el <strong>uso medicinal<\/strong> de los seis productos de la colmena con recetas caseras, para distintas afecciones y la cosm\u00e9tica.<\/p>\n<p>&nbsp;<\/p>\n<p>La actividad tiene <strong>entrada libre y gratuita<\/strong>, y habr\u00e1 <strong>servicio de cantina.<\/strong><\/p>\n<p>&nbsp;<\/p>\n<p>En la quinta edici\u00f3n y debido a que su autor se ha especializado en plantas medicinales, agreg\u00f3 <strong>la receta del &#8220;Micajenal&#8221;<\/strong>. Se trata de una preparaci\u00f3n que <strong>cura unas 45 afecciones<\/strong>; entre ellas la artritis, artrosis, reuma, reumatismo. Tambi\u00e9n el c\u00e1ncer de est\u00f3mago y de huesos.<\/p>\n<p>&nbsp;<\/p>\n<p>La obra, del autor azule\u00f1o <strong>Tancredi,<\/strong> fue <strong>declarada de inter\u00e9s comunitario<\/strong> por el <strong>Consejo Deliberante de Azul<\/strong>, seg\u00fan expediente 3.613 del a\u00f1o 2015. En el a\u00f1o 2020 fue declarado de Inter\u00e9s Legislativo por la Honorable C\u00e1mara de Diputados de la provincia de Buenos Aires. En <strong>2021 fue declarado de Inter\u00e9s Provincial y Cultural<\/strong> por los ministerios de Producci\u00f3n Ciencia y Tecnolog\u00eda y Desarrollo Agrario de la provincia de Buenos Aires.<\/p>\n","protected":false},"excerpt":{"rendered":"<p>Ser\u00e1 en el espacio cultural Insurgente. Estar\u00e1 el autor de &#8220;La Miel, un mundo de nuevos e ignorados conocimientos&#8221;, Pascual<\/p>\n","protected":false},"author":4,"featured_media":46859,"comment_status":"closed","ping_status":"closed","sticky":false,"template":"","format":"standard","meta":{"_jetpack_memberships_contains_paid_content":false,"footnotes":""},"categories":[9],"tags":[],"class_list":["post-46858","post","type-post","status-publish","format-standard","has-post-thumbnail","hentry","category-cultura"],"jetpack_featured_media_url":"https:\/\/i0.wp.com\/cdnoticias.com\/wp-content\/uploads\/2022\/02\/miel-libro-tancredi.jpg?fit=647%2C359&ssl=1","jetpack_sharing_enabled":true,"_links":{"self":[{"href":"https:\/\/cdnoticias.com\/index.php\/wp-json\/wp\/v2\/posts\/46858","targetHints":{"allow":["GET"]}}],"collection":[{"href":"https:\/\/cdnoticias.com\/index.php\/wp-json\/wp\/v2\/posts"}],"about":[{"href":"https:\/\/cdnoticias.com\/index.php\/wp-json\/wp\/v2\/types\/post"}],"author":[{"embeddable":true,"href":"https:\/\/cdnoticias.com\/index.php\/wp-json\/wp\/v2\/users\/4"}],"replies":[{"embeddable":true,"href":"https:\/\/cdnoticias.com\/index.php\/wp-json\/wp\/v2\/comments?post=46858"}],"version-history":[{"count":0,"href":"https:\/\/cdnoticias.com\/index.php\/wp-json\/wp\/v2\/posts\/46858\/revisions"}],"wp:featuredmedia":[{"embeddable":true,"href":"https:\/\/cdnoticias.com\/index.php\/wp-json\/wp\/v2\/media\/46859"}],"wp:attachment":[{"href":"https:\/\/cdnoticias.com\/index.php\/wp-json\/wp\/v2\/media?parent=46858"}],"wp:term":[{"taxonomy":"category","embeddable":true,"href":"https:\/\/cdnoticias.com\/index.php\/wp-json\/wp\/v2\/categories?post=46858"},{"taxonomy":"post_tag","embeddable":true,"href":"https:\/\/cdnoticias.com\/index.php\/wp-json\/wp\/v2\/tags?post=46858"}],"curies":[{"name":"wp","href":"https:\/\/api.w.org\/{rel}","templated":true}]}}