{"id":46842,"date":"2022-02-18T13:12:39","date_gmt":"2022-02-18T16:12:39","guid":{"rendered":"https:\/\/www.centraldenoticias.com.ar\/?p=46842"},"modified":"2022-02-18T14:39:15","modified_gmt":"2022-02-18T17:39:15","slug":"la-explosion-de-un-camion-habria-originado-el-siniestro-en-la-fabrica","status":"publish","type":"post","link":"https:\/\/cdnoticias.com\/index.php\/2022\/02\/18\/la-explosion-de-un-camion-habria-originado-el-siniestro-en-la-fabrica\/","title":{"rendered":"La explosi\u00f3n de un cami\u00f3n habr\u00eda originado el siniestro en la f\u00e1brica"},"content":{"rendered":"<p>Sigue el despliegue de personal de emergencias en las inmediaciones de la f\u00e1brica: ya se moviliz\u00f3 al menos una ambulancia. Se ubica frente a Canteras Argentinas.<!--more--><\/p>\n<hr \/>\n<p><strong>Sigue el despliegue de personal de emergencias y seguridad en las inmediaciones de la f\u00e1brica Enaex Argentina<\/strong> donde a las 11 de la ma\u00f1ana <a href=\"https:\/\/cdnoticias.com\/index.php\/2022\/02\/18\/explosion-e-incendio-de-importantes-dimensiones-en-una-fabrica-de-explosivos\/\" target=\"_blank\" rel=\"noopener\">una explosi\u00f3n deriv\u00f3 en un incendio de importantes proporciones<\/a>.<\/p>\n<p>&nbsp;<\/p>\n<blockquote><p><strong>Central de Noticias<\/strong> pudo saber que la primera versi\u00f3n de lo sucedido indica que la explosi\u00f3n de un cami\u00f3n que transportaba explosivos fue el inicio del siniestro y que a partir de ello tom\u00f3 fuego el polvor\u00edn.<\/p><\/blockquote>\n<p>&nbsp;<\/p>\n<p>Cabe recordar que<strong> fueron evacuadas las empresas y canteras vecinas de la f\u00e1brica afectada<\/strong>. Se ubica frente a la minera Canteras Argentinas, en inmediaciones del kil\u00f3metro 3 del Enlace N\u00e9stor Kirchner.<\/p>\n<p>&nbsp;<\/p>\n<p><img data-recalc-dims=\"1\" loading=\"lazy\" decoding=\"async\" class=\"size-full wp-image-46844 aligncenter\" src=\"https:\/\/i0.wp.com\/cdnoticias.com\/wp-content\/uploads\/2022\/02\/incendio-fabrica-04.jpg?resize=800%2C445&#038;ssl=1\" alt=\"\" width=\"800\" height=\"445\" srcset=\"https:\/\/i0.wp.com\/cdnoticias.com\/wp-content\/uploads\/2022\/02\/incendio-fabrica-04.jpg?w=853&amp;ssl=1 853w, https:\/\/i0.wp.com\/cdnoticias.com\/wp-content\/uploads\/2022\/02\/incendio-fabrica-04.jpg?resize=300%2C167&amp;ssl=1 300w, https:\/\/i0.wp.com\/cdnoticias.com\/wp-content\/uploads\/2022\/02\/incendio-fabrica-04.jpg?resize=768%2C428&amp;ssl=1 768w, https:\/\/i0.wp.com\/cdnoticias.com\/wp-content\/uploads\/2022\/02\/incendio-fabrica-04.jpg?resize=800%2C445&amp;ssl=1 800w\" sizes=\"auto, (max-width: 800px) 100vw, 800px\" \/><\/p>\n<p>&nbsp;<\/p>\n<p>En tanto, al punto de corte de tr\u00e1nsito se presentaron hasta el momento e<strong>l Subsecretario de Seguridad municipal, Mario Busto, dirigentes del sindicato AOMA, y un m\u00f3vil con empleados de la empresa Camuzzi Gas Pampeana.<\/strong><\/p>\n<p>&nbsp;<\/p>\n<p>Cabe se\u00f1alar que, tal como ya se inform\u00f3, <strong>trabajan varias dotaciones de Bomberos en el lugar<\/strong>, se presentaron efectivos policiales de las jurisdicciones Loma Negra y Sierras Bayas, y tambi\u00e9n se dispusieron varias ambulancias que, poco antes de las 13 comenzaron a movilizarse hacia el punto del incendio.<\/p>\n<p>&nbsp;<\/p>\n<div class=\"jetpack-video-wrapper\"><iframe loading=\"lazy\" title=\"La explosi\u00f3n de un cami\u00f3n habr\u00eda originado el siniestro en la f\u00e1brica en Olavarr\u00eda\" width=\"800\" height=\"450\" src=\"https:\/\/www.youtube.com\/embed\/Yf8UCWNOPLg?feature=oembed\" frameborder=\"0\" allow=\"accelerometer; autoplay; clipboard-write; encrypted-media; gyroscope; picture-in-picture\" allowfullscreen><\/iframe><\/div>\n<p>&nbsp;<\/p>\n<p><img data-recalc-dims=\"1\" loading=\"lazy\" decoding=\"async\" class=\"size-large wp-image-46846 aligncenter\" src=\"https:\/\/i0.wp.com\/cdnoticias.com\/wp-content\/uploads\/2022\/02\/incendio-fabrica-07.jpg?resize=800%2C445&#038;ssl=1\" alt=\"\" width=\"800\" height=\"445\" srcset=\"https:\/\/i0.wp.com\/cdnoticias.com\/wp-content\/uploads\/2022\/02\/incendio-fabrica-07.jpg?resize=1024%2C569&amp;ssl=1 1024w, https:\/\/i0.wp.com\/cdnoticias.com\/wp-content\/uploads\/2022\/02\/incendio-fabrica-07.jpg?resize=300%2C167&amp;ssl=1 300w, https:\/\/i0.wp.com\/cdnoticias.com\/wp-content\/uploads\/2022\/02\/incendio-fabrica-07.jpg?resize=768%2C427&amp;ssl=1 768w, https:\/\/i0.wp.com\/cdnoticias.com\/wp-content\/uploads\/2022\/02\/incendio-fabrica-07.jpg?resize=800%2C445&amp;ssl=1 800w, https:\/\/i0.wp.com\/cdnoticias.com\/wp-content\/uploads\/2022\/02\/incendio-fabrica-07.jpg?w=1152&amp;ssl=1 1152w\" sizes=\"auto, (max-width: 800px) 100vw, 800px\" \/><\/p>\n<p><img data-recalc-dims=\"1\" loading=\"lazy\" decoding=\"async\" class=\"size-large wp-image-46843 aligncenter\" src=\"https:\/\/i0.wp.com\/cdnoticias.com\/wp-content\/uploads\/2022\/02\/incendio-fabrica-05.jpg?resize=800%2C445&#038;ssl=1\" alt=\"\" width=\"800\" height=\"445\" srcset=\"https:\/\/i0.wp.com\/cdnoticias.com\/wp-content\/uploads\/2022\/02\/incendio-fabrica-05.jpg?resize=1024%2C569&amp;ssl=1 1024w, https:\/\/i0.wp.com\/cdnoticias.com\/wp-content\/uploads\/2022\/02\/incendio-fabrica-05.jpg?resize=300%2C167&amp;ssl=1 300w, https:\/\/i0.wp.com\/cdnoticias.com\/wp-content\/uploads\/2022\/02\/incendio-fabrica-05.jpg?resize=768%2C427&amp;ssl=1 768w, https:\/\/i0.wp.com\/cdnoticias.com\/wp-content\/uploads\/2022\/02\/incendio-fabrica-05.jpg?resize=800%2C445&amp;ssl=1 800w, https:\/\/i0.wp.com\/cdnoticias.com\/wp-content\/uploads\/2022\/02\/incendio-fabrica-05.jpg?w=1152&amp;ssl=1 1152w\" sizes=\"auto, (max-width: 800px) 100vw, 800px\" \/><\/p>\n","protected":false},"excerpt":{"rendered":"<p>Sigue el despliegue de personal de emergencias en las inmediaciones de la f\u00e1brica: ya se moviliz\u00f3 al menos una ambulancia.<\/p>\n","protected":false},"author":4,"featured_media":46845,"comment_status":"closed","ping_status":"closed","sticky":false,"template":"","format":"standard","meta":{"_jetpack_memberships_contains_paid_content":false,"footnotes":""},"categories":[14,1],"tags":[],"class_list":["post-46842","post","type-post","status-publish","format-standard","has-post-thumbnail","hentry","category-policiales","category-portada"],"jetpack_featured_media_url":"https:\/\/i0.wp.com\/cdnoticias.com\/wp-content\/uploads\/2022\/02\/incendio-fabrica-06.jpg?fit=1577%2C877&ssl=1","jetpack_sharing_enabled":true,"_links":{"self":[{"href":"https:\/\/cdnoticias.com\/index.php\/wp-json\/wp\/v2\/posts\/46842","targetHints":{"allow":["GET"]}}],"collection":[{"href":"https:\/\/cdnoticias.com\/index.php\/wp-json\/wp\/v2\/posts"}],"about":[{"href":"https:\/\/cdnoticias.com\/index.php\/wp-json\/wp\/v2\/types\/post"}],"author":[{"embeddable":true,"href":"https:\/\/cdnoticias.com\/index.php\/wp-json\/wp\/v2\/users\/4"}],"replies":[{"embeddable":true,"href":"https:\/\/cdnoticias.com\/index.php\/wp-json\/wp\/v2\/comments?post=46842"}],"version-history":[{"count":0,"href":"https:\/\/cdnoticias.com\/index.php\/wp-json\/wp\/v2\/posts\/46842\/revisions"}],"wp:featuredmedia":[{"embeddable":true,"href":"https:\/\/cdnoticias.com\/index.php\/wp-json\/wp\/v2\/media\/46845"}],"wp:attachment":[{"href":"https:\/\/cdnoticias.com\/index.php\/wp-json\/wp\/v2\/media?parent=46842"}],"wp:term":[{"taxonomy":"category","embeddable":true,"href":"https:\/\/cdnoticias.com\/index.php\/wp-json\/wp\/v2\/categories?post=46842"},{"taxonomy":"post_tag","embeddable":true,"href":"https:\/\/cdnoticias.com\/index.php\/wp-json\/wp\/v2\/tags?post=46842"}],"curies":[{"name":"wp","href":"https:\/\/api.w.org\/{rel}","templated":true}]}}