{"id":46834,"date":"2022-02-18T12:22:04","date_gmt":"2022-02-18T15:22:04","guid":{"rendered":"https:\/\/www.centraldenoticias.com.ar\/?p=46834"},"modified":"2022-02-18T14:23:35","modified_gmt":"2022-02-18T17:23:35","slug":"explosion-e-incendio-de-importantes-dimensiones-en-una-fabrica-de-explosivos","status":"publish","type":"post","link":"https:\/\/cdnoticias.com\/index.php\/2022\/02\/18\/explosion-e-incendio-de-importantes-dimensiones-en-una-fabrica-de-explosivos\/","title":{"rendered":"Explosi\u00f3n e incendio de importantes dimensiones en una f\u00e1brica de explosivos"},"content":{"rendered":"<p>Se inici\u00f3 hacia las 11 de este viernes. Concurrieron al menos tres unidades de Bomberos. \u201cEl Hospital est\u00e1 preparado\u201d se inform\u00f3. El humo afecta la circulaci\u00f3n por el Enlace N\u00e9stor Kirchner.<!--more--><\/p>\n<hr \/>\n<p><strong>Un incendio de importantes dimensiones se desat\u00f3 en la ma\u00f1ana de este viernes en una f\u00e1brica de explosivos ubicada en inmediaciones del Enlace N\u00e9stor Kirchner despu\u00e9s de que se sinti\u00f3 una fuerte explosi\u00f3n<\/strong>.<\/p>\n<p>&nbsp;<\/p>\n<p>Se pudo saber que se trata de la <strong>empresa Enaex Argentina<\/strong> donde el siniestro comenz\u00f3 hacia las 11 de la ma\u00f1ana. <strong>El lugar fue evacuado<\/strong>, al igual que empresas ubicadas en las inmediaciones.<\/p>\n<p>&nbsp;<\/p>\n<p><img data-recalc-dims=\"1\" loading=\"lazy\" decoding=\"async\" class=\"size-large wp-image-46836 aligncenter\" src=\"https:\/\/i0.wp.com\/cdnoticias.com\/wp-content\/uploads\/2022\/02\/incendio-fabrica-01.jpg?resize=800%2C445&#038;ssl=1\" alt=\"\" width=\"800\" height=\"445\" srcset=\"https:\/\/i0.wp.com\/cdnoticias.com\/wp-content\/uploads\/2022\/02\/incendio-fabrica-01.jpg?resize=1024%2C570&amp;ssl=1 1024w, https:\/\/i0.wp.com\/cdnoticias.com\/wp-content\/uploads\/2022\/02\/incendio-fabrica-01.jpg?resize=300%2C167&amp;ssl=1 300w, https:\/\/i0.wp.com\/cdnoticias.com\/wp-content\/uploads\/2022\/02\/incendio-fabrica-01.jpg?resize=768%2C427&amp;ssl=1 768w, https:\/\/i0.wp.com\/cdnoticias.com\/wp-content\/uploads\/2022\/02\/incendio-fabrica-01.jpg?resize=800%2C445&amp;ssl=1 800w, https:\/\/i0.wp.com\/cdnoticias.com\/wp-content\/uploads\/2022\/02\/incendio-fabrica-01.jpg?w=1152&amp;ssl=1 1152w\" sizes=\"auto, (max-width: 800px) 100vw, 800px\" \/><\/p>\n<p>&nbsp;<\/p>\n<p><strong>Concurrieron al lugar tres dotaciones de Bomberos<\/strong>. La Unidad N\u00b0 25 del Cuartel Central a cargo de Adri\u00e1n Guevara -titular de Defensa Civil municipal- y las Unidades 22 y 27 de Sierras Bayas fueron convocadas. En el lugar se observa que siguen llegando dotaciones.<\/p>\n<p>&nbsp;<\/p>\n<p><strong>Se presume que el incendio comenz\u00f3 en un polvor\u00edn<\/strong>. Cerca del mediod\u00eda se inform\u00f3 que estaba en proceso de evacuaci\u00f3n una cantera.<\/p>\n<p>&nbsp;<\/p>\n<p><img data-recalc-dims=\"1\" loading=\"lazy\" decoding=\"async\" class=\"size-large wp-image-46837 aligncenter\" src=\"https:\/\/i0.wp.com\/cdnoticias.com\/wp-content\/uploads\/2022\/02\/incendio-fabrica-02.jpg?resize=800%2C445&#038;ssl=1\" alt=\"\" width=\"800\" height=\"445\" srcset=\"https:\/\/i0.wp.com\/cdnoticias.com\/wp-content\/uploads\/2022\/02\/incendio-fabrica-02.jpg?resize=1024%2C569&amp;ssl=1 1024w, https:\/\/i0.wp.com\/cdnoticias.com\/wp-content\/uploads\/2022\/02\/incendio-fabrica-02.jpg?resize=300%2C167&amp;ssl=1 300w, https:\/\/i0.wp.com\/cdnoticias.com\/wp-content\/uploads\/2022\/02\/incendio-fabrica-02.jpg?resize=768%2C427&amp;ssl=1 768w, https:\/\/i0.wp.com\/cdnoticias.com\/wp-content\/uploads\/2022\/02\/incendio-fabrica-02.jpg?resize=800%2C445&amp;ssl=1 800w, https:\/\/i0.wp.com\/cdnoticias.com\/wp-content\/uploads\/2022\/02\/incendio-fabrica-02.jpg?w=1152&amp;ssl=1 1152w\" sizes=\"auto, (max-width: 800px) 100vw, 800px\" \/><\/p>\n<p>&nbsp;<\/p>\n<blockquote><p>Adem\u00e1s, por precauci\u00f3n, fueron enviadas tambi\u00e9n varias ambulancias y se destac\u00f3 que &#8220;el Hospital est\u00e1 preparado para lo que pueda llegar a haber\u201d.<\/p><\/blockquote>\n<p>&nbsp;<\/p>\n<p>En tanto, <strong>el humo afecta la circulaci\u00f3n por el Enlace N\u00e9stor Kirchner<\/strong> hasta donde se extendi\u00f3. Se pudo saber adem\u00e1s que toma intervenci\u00f3n la jurisdicci\u00f3n policial de Subcomisar\u00eda Loma Negra y tambi\u00e9n se hicieron presentes polic\u00edas de Subcomisar\u00eda Sierras Bayas.<\/p>\n<p>&nbsp;<\/p>\n<p><img data-recalc-dims=\"1\" loading=\"lazy\" decoding=\"async\" class=\"size-full wp-image-46838 aligncenter\" src=\"https:\/\/i0.wp.com\/cdnoticias.com\/wp-content\/uploads\/2022\/02\/incendio-fabrica-03.jpg?resize=800%2C445&#038;ssl=1\" alt=\"\" width=\"800\" height=\"445\" srcset=\"https:\/\/i0.wp.com\/cdnoticias.com\/wp-content\/uploads\/2022\/02\/incendio-fabrica-03.jpg?w=999&amp;ssl=1 999w, https:\/\/i0.wp.com\/cdnoticias.com\/wp-content\/uploads\/2022\/02\/incendio-fabrica-03.jpg?resize=300%2C167&amp;ssl=1 300w, https:\/\/i0.wp.com\/cdnoticias.com\/wp-content\/uploads\/2022\/02\/incendio-fabrica-03.jpg?resize=768%2C427&amp;ssl=1 768w, https:\/\/i0.wp.com\/cdnoticias.com\/wp-content\/uploads\/2022\/02\/incendio-fabrica-03.jpg?resize=800%2C445&amp;ssl=1 800w\" sizes=\"auto, (max-width: 800px) 100vw, 800px\" \/><\/p>\n<p>&nbsp;<\/p>\n<div class=\"jetpack-video-wrapper\"><iframe loading=\"lazy\" title=\"Explosi\u00f3n e incendio de importantes dimensiones en una f\u00e1brica de explosivos en Olavarr\u00eda\" width=\"800\" height=\"450\" src=\"https:\/\/www.youtube.com\/embed\/12WLcquXOZY?feature=oembed\" frameborder=\"0\" allow=\"accelerometer; autoplay; clipboard-write; encrypted-media; gyroscope; picture-in-picture\" allowfullscreen><\/iframe><\/div>\n","protected":false},"excerpt":{"rendered":"<p>Se inici\u00f3 hacia las 11 de este viernes. Concurrieron al menos tres unidades de Bomberos. \u201cEl Hospital est\u00e1 preparado\u201d se<\/p>\n","protected":false},"author":4,"featured_media":46835,"comment_status":"closed","ping_status":"closed","sticky":false,"template":"","format":"standard","meta":{"_jetpack_memberships_contains_paid_content":false,"footnotes":""},"categories":[14,1],"tags":[],"class_list":["post-46834","post","type-post","status-publish","format-standard","has-post-thumbnail","hentry","category-policiales","category-portada"],"jetpack_featured_media_url":"https:\/\/i0.wp.com\/cdnoticias.com\/wp-content\/uploads\/2022\/02\/incendio-fabrica-00.jpg?fit=1152%2C640&ssl=1","jetpack_sharing_enabled":true,"_links":{"self":[{"href":"https:\/\/cdnoticias.com\/index.php\/wp-json\/wp\/v2\/posts\/46834","targetHints":{"allow":["GET"]}}],"collection":[{"href":"https:\/\/cdnoticias.com\/index.php\/wp-json\/wp\/v2\/posts"}],"about":[{"href":"https:\/\/cdnoticias.com\/index.php\/wp-json\/wp\/v2\/types\/post"}],"author":[{"embeddable":true,"href":"https:\/\/cdnoticias.com\/index.php\/wp-json\/wp\/v2\/users\/4"}],"replies":[{"embeddable":true,"href":"https:\/\/cdnoticias.com\/index.php\/wp-json\/wp\/v2\/comments?post=46834"}],"version-history":[{"count":0,"href":"https:\/\/cdnoticias.com\/index.php\/wp-json\/wp\/v2\/posts\/46834\/revisions"}],"wp:featuredmedia":[{"embeddable":true,"href":"https:\/\/cdnoticias.com\/index.php\/wp-json\/wp\/v2\/media\/46835"}],"wp:attachment":[{"href":"https:\/\/cdnoticias.com\/index.php\/wp-json\/wp\/v2\/media?parent=46834"}],"wp:term":[{"taxonomy":"category","embeddable":true,"href":"https:\/\/cdnoticias.com\/index.php\/wp-json\/wp\/v2\/categories?post=46834"},{"taxonomy":"post_tag","embeddable":true,"href":"https:\/\/cdnoticias.com\/index.php\/wp-json\/wp\/v2\/tags?post=46834"}],"curies":[{"name":"wp","href":"https:\/\/api.w.org\/{rel}","templated":true}]}}