{"id":46776,"date":"2022-02-17T21:35:03","date_gmt":"2022-02-18T00:35:03","guid":{"rendered":"https:\/\/www.centraldenoticias.com.ar\/?p=46776"},"modified":"2022-02-17T21:42:08","modified_gmt":"2022-02-18T00:42:08","slug":"las-sierras-de-olavarria-srl-gano-la-licitacion-del-servicio-del-transporte-interurbano","status":"publish","type":"post","link":"https:\/\/cdnoticias.com\/index.php\/2022\/02\/17\/las-sierras-de-olavarria-srl-gano-la-licitacion-del-servicio-del-transporte-interurbano\/","title":{"rendered":"Las Sierras de Olavarr\u00eda SRL gan\u00f3 la licitaci\u00f3n del servicio del transporte interurbano"},"content":{"rendered":"<p>As\u00ed fue anunciado en una conferencia que cont\u00f3 con el intendente municipal, funcionarios y responsables de la firma.<!--more--><\/p>\n<hr \/>\n<p>En la tarde de este jueves el intendente Ezequiel Galli encabez\u00f3 una conferencia de prensa que tuvo como escenario el Centro Cultural San Jos\u00e9. All<strong>\u00ed se anunci\u00f3 la concesi\u00f3n del servicio de transporte interurbano por los pr\u00f3ximos 12 a\u00f1os quedar\u00e1 a cargo de la firma Las Sierras de Olavarr\u00eda SRL.<\/strong><\/p>\n<p>&nbsp;<\/p>\n<p>El jefe comunal estuvo acompa\u00f1ado por el secretario de Gobierno Hilario Galli, el subsecretario del \u00e1rea Emilio Vitale y los titulares de la empresa Marcelo y Germ\u00e1n Da Silva. &#8220;Venimos finalizando un viaje, valga la redundancia si hablamos de transporte. Un viaje que comenz\u00f3 hace muchos a\u00f1os, cuando nos toc\u00f3 asumir en la gesti\u00f3n en diciembre de 2015. Un viaje que tiene varios puntos para destacar, porque <strong>cuando nos toc\u00f3 asumir sab\u00edamos que \u00edbamos a tener desaf\u00edos importantes y que los transportes urbano e interurbano de pasajeros \u00edbamos a tener que concesionarlos en alg\u00fan momento\u201d<\/strong>, sostuvo el Intendente.<\/p>\n<p>&nbsp;<\/p>\n<p><img data-recalc-dims=\"1\" loading=\"lazy\" decoding=\"async\" class=\"alignnone size-full wp-image-46781\" src=\"https:\/\/i0.wp.com\/cdnoticias.com\/wp-content\/uploads\/2022\/02\/Galli-Da-Silva-Transporte-05.jpg?resize=800%2C445&#038;ssl=1\" alt=\"\" width=\"800\" height=\"445\" srcset=\"https:\/\/i0.wp.com\/cdnoticias.com\/wp-content\/uploads\/2022\/02\/Galli-Da-Silva-Transporte-05.jpg?w=800&amp;ssl=1 800w, https:\/\/i0.wp.com\/cdnoticias.com\/wp-content\/uploads\/2022\/02\/Galli-Da-Silva-Transporte-05.jpg?resize=300%2C167&amp;ssl=1 300w, https:\/\/i0.wp.com\/cdnoticias.com\/wp-content\/uploads\/2022\/02\/Galli-Da-Silva-Transporte-05.jpg?resize=768%2C427&amp;ssl=1 768w\" sizes=\"auto, (max-width: 800px) 100vw, 800px\" \/><\/p>\n<p>&nbsp;<\/p>\n<p>En este sentido, record\u00f3 qu<strong>e por entonces \u201cla gente cortaba un boleto papel y el Municipio no ten\u00eda datos certero<\/strong>s. Y cuando uno quiere implementar pol\u00edticas p\u00fablicas, lo m\u00e1s importantes son los datos para saber qu\u00e9 decisiones tomar. El Gobierno Nacional tom\u00f3 la decisi\u00f3n de implementar la SUBE en ciudades con m\u00e1s de 100 mil habitantes y eso nos dio datos de cu\u00e1nta gente viaja, de implementar las tarifas sociales a trav\u00e9s de la SUBE, con transparencia\u201d.<\/p>\n<p>&nbsp;<\/p>\n<p>Agreg\u00f3 que \u201cdespu\u00e9s de eso nos pusimos a <strong>trabajar en la implementaci\u00f3n del Boleto Estudiantil Gratuito y el Municipio<\/strong> acompa\u00f1\u00f3 a Estudiantes y empresas afront\u00e1ndolo, sabiendo cu\u00e1ntos son los chicos que viajan a la escuela, d\u00f3nde suben, d\u00f3nde bajan\u2026todo por tener informaci\u00f3n y datos\u201d.<\/p>\n<p>&nbsp;<\/p>\n<p><img data-recalc-dims=\"1\" loading=\"lazy\" decoding=\"async\" class=\"alignnone size-full wp-image-46784\" src=\"https:\/\/i0.wp.com\/cdnoticias.com\/wp-content\/uploads\/2022\/02\/Galli-Hilario-Ezequiel-Transporte-01.jpg?resize=800%2C445&#038;ssl=1\" alt=\"\" width=\"800\" height=\"445\" srcset=\"https:\/\/i0.wp.com\/cdnoticias.com\/wp-content\/uploads\/2022\/02\/Galli-Hilario-Ezequiel-Transporte-01.jpg?w=800&amp;ssl=1 800w, https:\/\/i0.wp.com\/cdnoticias.com\/wp-content\/uploads\/2022\/02\/Galli-Hilario-Ezequiel-Transporte-01.jpg?resize=300%2C167&amp;ssl=1 300w, https:\/\/i0.wp.com\/cdnoticias.com\/wp-content\/uploads\/2022\/02\/Galli-Hilario-Ezequiel-Transporte-01.jpg?resize=768%2C427&amp;ssl=1 768w\" sizes=\"auto, (max-width: 800px) 100vw, 800px\" \/><\/p>\n<p>&nbsp;<\/p>\n<p>Relat\u00f3 que \u201cluego trabajamos en la concesi\u00f3n del transporte p\u00fablico, d\u00e1ndole la posibilidad a los olavarrienses de tener una flota m\u00e1s moderna y <strong>ser la primera ciudad del pa\u00eds en tener una flota con 100% de accesibilidad para personas con discapacidad<\/strong>: un enorme desaf\u00edo y lo llevamos adelante con datos\u201d.<\/p>\n<p>&nbsp;<\/p>\n<p><strong>\u201cY lleg\u00f3 el momento del interurbano<\/strong>. Pudimos empezar a trabajar, tambi\u00e9n sobre los datos, armando una mesa interdisciplinaria, armando una mesa con el Concejo Deliberante, pudiendo hacer reuniones con vecinos y evaluar los datos que nos daban la pauta de c\u00f3mo viajan los olavarrienses que se trasladan a las localidades de Olavarr\u00eda. Llevamos adelante la Ordenanza, se aprob\u00f3, pudimos analizar todo lo que tiene que ver con el expediente, que es mucho m\u00e1s complejo que simplemente analizar una tarifa. Ac\u00e1 no gana la tarifa m\u00e1s baja. Hay que analizar situaciones econ\u00f3micas y financieras para el presente y el futuro, analizar recorridos, analizar la mejor oferta de flota\u201d, consider\u00f3.<\/p>\n<p>&nbsp;<\/p>\n<p>Tras ello anunci\u00f3 que <strong>\u201cLas Sierras de Olavarr\u00eda ser\u00e1 la empresa que a partir del 1\u00b0 de mayo llevar\u00e1 adelante la concesi\u00f3n del transporte interurbano de pasajeros, con una flota mucho m\u00e1s moderna\u201d<\/strong>.\u00a0\u201cY en un momento en el que el transporte en la Argentina est\u00e1 pasando un momento muy complejo. Por eso yo valoro que una empresa olavarriense con tanta trayectoria en el transporte p\u00fablico de pasajeros haya sido una de las tres empresas que se present\u00f3 para llevar adelante la tarea de transportar a vecinos y vecinas. Y realmente admiro el coraje y la convicci\u00f3n de llevar adelante una tarea tan compleja y delicada, y que hace a la vida diaria de 30mil personas que se trasladan de un punto a otro\u201d, concluy\u00f3.<\/p>\n<p>&nbsp;<\/p>\n<p><img data-recalc-dims=\"1\" loading=\"lazy\" decoding=\"async\" class=\"alignnone size-full wp-image-46782\" src=\"https:\/\/i0.wp.com\/cdnoticias.com\/wp-content\/uploads\/2022\/02\/Galli-Da-Silva-Transporte-06.jpg?resize=800%2C445&#038;ssl=1\" alt=\"\" width=\"800\" height=\"445\" srcset=\"https:\/\/i0.wp.com\/cdnoticias.com\/wp-content\/uploads\/2022\/02\/Galli-Da-Silva-Transporte-06.jpg?w=800&amp;ssl=1 800w, https:\/\/i0.wp.com\/cdnoticias.com\/wp-content\/uploads\/2022\/02\/Galli-Da-Silva-Transporte-06.jpg?resize=300%2C167&amp;ssl=1 300w, https:\/\/i0.wp.com\/cdnoticias.com\/wp-content\/uploads\/2022\/02\/Galli-Da-Silva-Transporte-06.jpg?resize=768%2C427&amp;ssl=1 768w\" sizes=\"auto, (max-width: 800px) 100vw, 800px\" \/><\/p>\n<p>&nbsp;<\/p>\n<p>El secretario de Gobierno Hilario Galli detall\u00f3 especificidades t\u00e9cnicas, como por ejemplo que se mantendr\u00e1 la planta de 26 trabajadores, respetando la antig\u00fcedad laboral en <strong>la actual empresa prestataria del servicio y que la flota tendr\u00e1 15 colectivos: todos con una antig\u00fcedad inferior a 10 a\u00f1os y 7 unidades ser\u00e1n 0Km<\/strong>. La frecuencia horaria tendr\u00e1 una amplitud de entre 40 minutos y una hora, el mismo cuadro de frecuencia que en la previa a la pandemia, aunque consider\u00f3 que puede haber algunas modificaciones \u201cque se dan de acuerdo a los usos y costumbres de los usuarios\u201d.<\/p>\n<p>&nbsp;<\/p>\n<p>Seguidamente detall\u00f3 las tarifas de las distintas l\u00edneas, que son las siguientes:<\/p>\n<p>&nbsp;<\/p>\n<p>L\u00ednea 509 (Olavarr\u00eda \u2013 Loma Negra)<\/p>\n<p>&nbsp;<\/p>\n<p>Boleto m\u00ednimo: $49.58 (Tarifa social $22.31)<\/p>\n<p>Loma Negra: $ 62.32 (Tarifa social $28.04)<\/p>\n<p>Villa Mi Serran\u00eda: $ 63.62 (Tarifa social $ 28.62)<\/p>\n<p>&nbsp;<\/p>\n<p>IDA<\/p>\n<p>&nbsp;<\/p>\n<p>Terminal de \u00f3mnibus de Olavarr\u00eda \u2013 Av. Pr\u00edngales- Av Colon \u2013 Alsina \u2013 Av. Del valle \u2013 Autopista Luciano Fortabat \u2013 Ruta Provincial 51 \u2013 Juan Pablo Primero \u2013 Almirante Brown \u2013 Libertad \u2013 Juan Becker \u2013 Luciano Fortabat \u2013 Ruta Provincial 51 \u2013 Don Enrique Vega (Villa Mi serran\u00eda)\u00a0 \u2013<\/p>\n<p>&nbsp;<\/p>\n<p>VUELTA<\/p>\n<p>&nbsp;<\/p>\n<p>Salida de Villa Mi Serran\u00eda por Ruta 51 hasta Av. Luciano Fortabat \u2013\u00a0 Plaza De la Eficiencia y el trabajo \u2013 Neuqu\u00e9n \u2013 Santa Elena \u2013 Av. Luciano Fortabat \u2013\u00a0 Becker \u2013\u00a0 Av. Libertad \u2013 Almirante Brown \u2013\u00a0 Juan Pablo I \u2013\u00a0 Ruta Provincial N\u00ba 51 \u2013 Autopista Luciano Fortabat \u2013\u00a0 Av. Del Valle \u2013\u00a0 Moreno \u2013\u00a0 Av. Col\u00f3n \u2013 Av. Pr\u00edngles hasta Terminal de \u00f3mnibus de la ciudad de Olavarr\u00eda.<\/p>\n<p>&nbsp;<\/p>\n<p><img data-recalc-dims=\"1\" loading=\"lazy\" decoding=\"async\" class=\"alignnone size-large wp-image-46775\" src=\"https:\/\/i0.wp.com\/cdnoticias.com\/wp-content\/uploads\/2022\/02\/transporteint03.jpg?resize=800%2C445&#038;ssl=1\" alt=\"\" width=\"800\" height=\"445\" srcset=\"https:\/\/i0.wp.com\/cdnoticias.com\/wp-content\/uploads\/2022\/02\/transporteint03.jpg?resize=1024%2C570&amp;ssl=1 1024w, https:\/\/i0.wp.com\/cdnoticias.com\/wp-content\/uploads\/2022\/02\/transporteint03.jpg?resize=300%2C167&amp;ssl=1 300w, https:\/\/i0.wp.com\/cdnoticias.com\/wp-content\/uploads\/2022\/02\/transporteint03.jpg?resize=768%2C427&amp;ssl=1 768w, https:\/\/i0.wp.com\/cdnoticias.com\/wp-content\/uploads\/2022\/02\/transporteint03.jpg?resize=800%2C445&amp;ssl=1 800w, https:\/\/i0.wp.com\/cdnoticias.com\/wp-content\/uploads\/2022\/02\/transporteint03.jpg?w=1529&amp;ssl=1 1529w\" sizes=\"auto, (max-width: 800px) 100vw, 800px\" \/><\/p>\n<p>&nbsp;<\/p>\n<p>L\u00ednea 510 (Olavarr\u00eda \u2013 Sierras Bayas)<\/p>\n<p>&nbsp;<\/p>\n<p>Boleto m\u00ednimo: $49.58 (Tarifa social $ 22.31)<\/p>\n<p>Sierras Bayas: $ 68.70 (Tarifa social $ 30.91)<\/p>\n<p>Colonia San Miguel: $ 73.80 (Tarifa social $ 33.21)<\/p>\n<p>IDA<\/p>\n<p>&nbsp;<\/p>\n<p>Terminal de \u00f3mnibus de la ciudad de Olavarr\u00eda \u2013 Av. Pr\u00edngales- Av. Colon \u2013Alsina \u2013 Av. Del valle \u2013 Luciano Fortabat \u2013 Ruta Provincial 51 \u2013 ingreso a Sierras bayas \u2013 DR. Manuel Smirnof \u2013\u00a0 Monse\u00f1or Cesar Canev\u00e1 \u2013 Napole\u00f3n Uriburu \u2013 Julio Argentino Roca \u2013 San Martin \u2013 Domingo Faustino Sarmiento \u2013 Miguel Ju\u00e1rez Celman \u2013 Maestro Mujica \u2013 Alfonso Aust \u2013 Federico Dieterle \u2013 11 de febrero \u2013 Miguel Ju\u00e1rez Celman\u00a0 \u2013 Domingo Faustino sarmiento \u2013 San Martin \u2013 Camino Ruta colonia San Miguel \u2013 Los Fundadores \u2013 San Miguel de Arcangel \u2013 San Martin \u2013 Santa Rosa \u2013 Regresando a la terminal de la Localidad en Av. Rivadavia.<\/p>\n<p>&nbsp;<\/p>\n<p>VUELTA<\/p>\n<p>&nbsp;<\/p>\n<p>Salida desde Cnia. San Miguel desde San Miguel Arc\u00e1ngel y Los Fundadores \u2013 Santa Rosa \u2013 Camino hacia Sierras Bayas \u2013 Terminal de la Localidad en Av. Rivadavia \u2013 Ambrosio Colombo \u2013 calle Roca \u2013 Napole\u00f3n Uriburu \u2013 Monse\u00f1or Cesar C\u00e1neva \u2013 Manuel Smirnof \u2013 Acceso a Sierras Bayas \u2013 Ruta Provincial 51 \u2013 Luciano Fortabat \u2013 Av. Del Valle \u2013 Moreno \u2013 Av. Colon \u2013 Av. Pr\u00edngles \u2013 terminal de \u00d3mnibus.<\/p>\n<p>&nbsp;<\/p>\n<p>L\u00ednea 514 (Olavarr\u00eda \u2013 Hinojo \u2013 Sierra Chica)<\/p>\n<p>&nbsp;<\/p>\n<p>Boleto m\u00ednimo: $ 49.58 (Tarifa social $ 22.31)<\/p>\n<p>Sierra Chica: $ 57.24 (Tarifa social $ 25.75)<\/p>\n<p>Hinojo: $ 63.62 (Tarifa social $ 28.62)<\/p>\n<p>Colonia Hinojo: $ 62.32 (Tarifa social $ 28.04)<\/p>\n<p>Sierra Chica a Hinojo: $ 57.24 (Tarifa social $ 25.75)<\/p>\n<p>B\u00b0 Cuarteles a Colonia Hinojo: $ 62.32 (Tarifa social $ 28.04)<\/p>\n<p>B\u00b0 Cuarteles a Hinojo: $ 57.24 (Tarifa social $ 25.75)<\/p>\n<p>IDA<\/p>\n<p>&nbsp;<\/p>\n<p>Salida desde la Terminal de la ciudad de Olavarr\u00eda por Av. Pr\u00edngles \u2013\u00a0 Av. Del Valle \u2013 Moreno \u2013 Av. Sarmiento \u2013 Av. Pr\u00edngles \u2013\u00a0 Av. Dante y Torcuato Emiliozzi \u2013 Camino Uni\u00f3n de los Pueblos\u00a0 hasta la localidad de Sierra Chica \u2013 Av. De los Fundadores \u2013 Av. Vezza D\u00b4Oglio \u2013 Av. Pedro Legorburu \u2013 Av. Centenario \u2013 Av. Uni\u00f3n de los Pueblos (Colonia Hinojo ingresando por Av. De Los Fundadores) \u2013 J. Scharce \u2013 Santa Mar\u00eda \u2013 Av. Uni\u00f3n de los Pueblos (Hinojo ingresando por Av. A. Colella) \u2013 Av. Libertad \u2013 Av. Crotto \u2013 Av. D. Spinetto.<\/p>\n<p>&nbsp;<\/p>\n<p>VUELTA<\/p>\n<p>&nbsp;<\/p>\n<p>Salida desde Av. D. Spinetto \u2013 Av. Crotto \u2013 Av. Libertad \u2013 Av. A. Colella (por esta hasta Camino Uni\u00f3n de los Pueblos, Colonia Hinojo) \u2013 Santa Mar\u00eda \u2013 J. Scharce \u2013 Av. De Los Fundadores (hasta Sierra Chica) \u2013 Av. Uni\u00f3n de los Pueblos \u2013 Av. Centenario \u2013 39 Bis \u2013 Julio Argentino Roca \u2013 calle 35 \u2013 Av. Centenario \u2013 Av. P. Legorburu \u2013 Av. Vezza D\u00b4Oglio \u2013 Av. De los Fundadores \u2013 Av. Dante y Torcuato Emiliozzi \u2013 Av. Pringles \u2013 Av. Sarmiento \u2013\u00a0 Rivadavia \u2013 Av. Col\u00f3n \u2013 Alsina \u2013 Av. Del Valle \u2013 Av. Pringles hasta Terminal de la ciudad de Olavarr\u00eda.<\/p>\n<p>&nbsp;<\/p>\n","protected":false},"excerpt":{"rendered":"<p>As\u00ed fue anunciado en una conferencia que cont\u00f3 con el intendente municipal, funcionarios y responsables de la firma.<\/p>\n","protected":false},"author":3,"featured_media":46783,"comment_status":"closed","ping_status":"closed","sticky":false,"template":"","format":"standard","meta":{"_jetpack_memberships_contains_paid_content":false,"footnotes":""},"categories":[5,1],"tags":[],"class_list":["post-46776","post","type-post","status-publish","format-standard","has-post-thumbnail","hentry","category-informacion-general","category-portada"],"jetpack_featured_media_url":"https:\/\/i0.wp.com\/cdnoticias.com\/wp-content\/uploads\/2022\/02\/Galli-Da-Silva-Transporte.jpg?fit=800%2C445&ssl=1","jetpack_sharing_enabled":true,"_links":{"self":[{"href":"https:\/\/cdnoticias.com\/index.php\/wp-json\/wp\/v2\/posts\/46776","targetHints":{"allow":["GET"]}}],"collection":[{"href":"https:\/\/cdnoticias.com\/index.php\/wp-json\/wp\/v2\/posts"}],"about":[{"href":"https:\/\/cdnoticias.com\/index.php\/wp-json\/wp\/v2\/types\/post"}],"author":[{"embeddable":true,"href":"https:\/\/cdnoticias.com\/index.php\/wp-json\/wp\/v2\/users\/3"}],"replies":[{"embeddable":true,"href":"https:\/\/cdnoticias.com\/index.php\/wp-json\/wp\/v2\/comments?post=46776"}],"version-history":[{"count":0,"href":"https:\/\/cdnoticias.com\/index.php\/wp-json\/wp\/v2\/posts\/46776\/revisions"}],"wp:featuredmedia":[{"embeddable":true,"href":"https:\/\/cdnoticias.com\/index.php\/wp-json\/wp\/v2\/media\/46783"}],"wp:attachment":[{"href":"https:\/\/cdnoticias.com\/index.php\/wp-json\/wp\/v2\/media?parent=46776"}],"wp:term":[{"taxonomy":"category","embeddable":true,"href":"https:\/\/cdnoticias.com\/index.php\/wp-json\/wp\/v2\/categories?post=46776"},{"taxonomy":"post_tag","embeddable":true,"href":"https:\/\/cdnoticias.com\/index.php\/wp-json\/wp\/v2\/tags?post=46776"}],"curies":[{"name":"wp","href":"https:\/\/api.w.org\/{rel}","templated":true}]}}