{"id":46746,"date":"2022-02-17T21:41:02","date_gmt":"2022-02-18T00:41:02","guid":{"rendered":"https:\/\/www.centraldenoticias.com.ar\/?p=46746"},"modified":"2022-02-18T08:24:18","modified_gmt":"2022-02-18T11:24:18","slug":"conflicto-uocra-sigue-el-reclamo-pero-por-ahora-sin-cortes-de-ruta","status":"publish","type":"post","link":"https:\/\/cdnoticias.com\/index.php\/2022\/02\/17\/conflicto-uocra-sigue-el-reclamo-pero-por-ahora-sin-cortes-de-ruta\/","title":{"rendered":"Conflicto Uocra: Sigue el reclamo pero, por ahora, sin cortes de ruta"},"content":{"rendered":"<p>Este jueves se llev\u00f3 a cabo una audiencia del Ministerio de Trabajo en La Plata pero no hubo acuerdo. Sigue la retenci\u00f3n de tareas en el obrador de Vialidad Nacional.<!--more--><\/p>\n<hr \/>\n<p><strong>Contin\u00faa sin acuerdo el conflicto entre la Uocra y la empresa Corredores Viales<\/strong> por mejoras en las condiciones laborales de una treintena de trabajadores que se desempe\u00f1an en el Obrador de Vialidad Nacional, que se encuentra ubicado en las cercan\u00edas de Azul, sobre la Ruta Nacional 3.<\/p>\n<p>&nbsp;<\/p>\n<p>Todo se inici\u00f3 el \u00faltimo mi\u00e9rcoles, con una <a href=\"https:\/\/cdnoticias.com\/index.php\/2022\/02\/16\/manifestacion-de-la-uocra-en-el-peaje-reclamo-por-condiciones-laborales\/\" target=\"_blank\" rel=\"noopener\">movilizaci\u00f3n que tuvo como epicentro el peaje ubicado en las cercan\u00edas de Hinojo, sobre la Ruta Nacional 226<\/a>. La protesta all\u00ed se explic\u00f3 no s\u00f3lo por la firma responsable del Corredor Vial 1, sino tambi\u00e9n por <strong>alrededor de una docena de los trabajadores afectados son de nuestra ciudad.<\/strong><\/p>\n<p>&nbsp;<\/p>\n<p><img data-recalc-dims=\"1\" loading=\"lazy\" decoding=\"async\" class=\"alignnone size-full wp-image-46735\" src=\"https:\/\/i0.wp.com\/cdnoticias.com\/wp-content\/uploads\/2022\/02\/1645104985.jpeg?resize=800%2C450&#038;ssl=1\" alt=\"\" width=\"800\" height=\"450\" srcset=\"https:\/\/i0.wp.com\/cdnoticias.com\/wp-content\/uploads\/2022\/02\/1645104985.jpeg?w=948&amp;ssl=1 948w, https:\/\/i0.wp.com\/cdnoticias.com\/wp-content\/uploads\/2022\/02\/1645104985.jpeg?resize=300%2C169&amp;ssl=1 300w, https:\/\/i0.wp.com\/cdnoticias.com\/wp-content\/uploads\/2022\/02\/1645104985.jpeg?resize=768%2C432&amp;ssl=1 768w\" sizes=\"auto, (max-width: 800px) 100vw, 800px\" \/><\/p>\n<p>&nbsp;<\/p>\n<p><a href=\"https:\/\/cdnoticias.com\/index.php\/2022\/02\/17\/trabajadores-de-la-uocra-cortaron-la-ruta-3-en-pedido-de-mejoras-laborales\/\" target=\"_blank\" rel=\"noopener\">Este jueves todo se traslad\u00f3, precisamente, a la Ruta Nacional 3<\/a>, frente al mencionado obrador. El dato relevante es que de manera paralela se desarroll\u00f3 en La Plata, m\u00e1s precisamente en la sede del<strong> Ministerio de Trabajo bonaerense, una audiencia de la que participaron ambas parte del conflicto<\/strong>. Se logr\u00f3 conocer que todo se inici\u00f3 alrededor de las 10 y se prolong\u00f3 hasta las 14, <strong>sin que se pudiera arribar a un acuerdo.<\/strong><\/p>\n<p>&nbsp;<\/p>\n<p>Se narr\u00f3 a este portal que el Ministerio de Trabajo dict\u00f3 un <strong>cuarto intermedio hasta el pr\u00f3ximo martes<\/strong>, cuando los representantes tanto sindicales como empresariales volver\u00e1n a reunirse.<\/p>\n<p>&nbsp;<\/p>\n<p>Desde UOCRA se expres\u00f3 que los trabajadores<strong> resolvieron en asamblea sostener el quite de colaboraci\u00f3n<\/strong> dentro del obrador hasta el d\u00eda de la nueva audiencia. No obstante, se aclar\u00f3 que,<strong> por ahora, no se realizar\u00e1n nuevas manifestaciones sobre las rutas nacionales 226 y 3.<\/strong><\/p>\n","protected":false},"excerpt":{"rendered":"<p>Este jueves se llev\u00f3 a cabo una audiencia del Ministerio de Trabajo en La Plata pero no hubo acuerdo. Sigue<\/p>\n","protected":false},"author":3,"featured_media":46633,"comment_status":"closed","ping_status":"closed","sticky":false,"template":"","format":"standard","meta":{"_jetpack_memberships_contains_paid_content":false,"footnotes":""},"categories":[5,1],"tags":[],"class_list":["post-46746","post","type-post","status-publish","format-standard","has-post-thumbnail","hentry","category-informacion-general","category-portada"],"jetpack_featured_media_url":"https:\/\/i0.wp.com\/cdnoticias.com\/wp-content\/uploads\/2022\/02\/protesta-uocra-peaje-03.jpg?fit=800%2C445&ssl=1","jetpack_sharing_enabled":true,"_links":{"self":[{"href":"https:\/\/cdnoticias.com\/index.php\/wp-json\/wp\/v2\/posts\/46746","targetHints":{"allow":["GET"]}}],"collection":[{"href":"https:\/\/cdnoticias.com\/index.php\/wp-json\/wp\/v2\/posts"}],"about":[{"href":"https:\/\/cdnoticias.com\/index.php\/wp-json\/wp\/v2\/types\/post"}],"author":[{"embeddable":true,"href":"https:\/\/cdnoticias.com\/index.php\/wp-json\/wp\/v2\/users\/3"}],"replies":[{"embeddable":true,"href":"https:\/\/cdnoticias.com\/index.php\/wp-json\/wp\/v2\/comments?post=46746"}],"version-history":[{"count":0,"href":"https:\/\/cdnoticias.com\/index.php\/wp-json\/wp\/v2\/posts\/46746\/revisions"}],"wp:featuredmedia":[{"embeddable":true,"href":"https:\/\/cdnoticias.com\/index.php\/wp-json\/wp\/v2\/media\/46633"}],"wp:attachment":[{"href":"https:\/\/cdnoticias.com\/index.php\/wp-json\/wp\/v2\/media?parent=46746"}],"wp:term":[{"taxonomy":"category","embeddable":true,"href":"https:\/\/cdnoticias.com\/index.php\/wp-json\/wp\/v2\/categories?post=46746"},{"taxonomy":"post_tag","embeddable":true,"href":"https:\/\/cdnoticias.com\/index.php\/wp-json\/wp\/v2\/tags?post=46746"}],"curies":[{"name":"wp","href":"https:\/\/api.w.org\/{rel}","templated":true}]}}