{"id":46726,"date":"2022-02-17T11:55:06","date_gmt":"2022-02-17T14:55:06","guid":{"rendered":"https:\/\/www.centraldenoticias.com.ar\/?p=46726"},"modified":"2022-02-17T11:55:06","modified_gmt":"2022-02-17T14:55:06","slug":"amelia-margarita-rossi-viuda-de-randazzo-titi-q-e-p-d","status":"publish","type":"post","link":"https:\/\/cdnoticias.com\/index.php\/2022\/02\/17\/amelia-margarita-rossi-viuda-de-randazzo-titi-q-e-p-d\/","title":{"rendered":"Amelia Margarita Rossi viuda de Randazzo &#8221;Titi&#8221; (Q.E.P.D.)"},"content":{"rendered":"<p>&nbsp;<\/p>\n<p>Falleci\u00f3 en Olavarr\u00eda el d\u00eda 17 febrero de 2022 a los 80 a\u00f1os de edad.<\/p>\n<p>&nbsp;<\/p>\n<p>Su hija Maria Eugenia Randazzo. Su hijo pol\u00edtico Carlos Antista. Sus nietos Mailen y Mateo Antista Randazzo. Su hermana Alicia Rossi. Sus hermanos pol\u00edticos Gabriel D\u00edaz, Mar\u00eda Alicia Randazzo, Jos\u00e9 Maria Randazzo y Susana Canelli. Sus sobrinos. Sus sobrinos pol\u00edticos. Sobrinos nietos y dem\u00e1s deudos participan de su fallecimiento.<\/p>\n<p>&nbsp;<\/p>\n<p>Velatorio: Espa\u00f1a 2942 departamento &#8221;C&#8221; jueves de 13 a 17. Responso: Capilla ardiente. Inhumaci\u00f3n: Cementerio Loma de Paz, viernes 18 a las 9:30. Servicio adherido a Coopelectric.<\/p>\n<p>&nbsp;<\/p>\n<p>Barrio en el que viv\u00eda: Pueblo Nuevo<\/p>\n<p>&nbsp;<\/p>\n<p>Lugar de nacimiento: Olavarr\u00eda<\/p>\n<p>&nbsp;<\/p>\n<p>Actividad que desarrollaba: Jubilada Docente<\/p>\n","protected":false},"excerpt":{"rendered":"<p>&nbsp; Falleci\u00f3 en Olavarr\u00eda el d\u00eda 17 febrero de 2022 a los 80 a\u00f1os de edad. &nbsp; Su hija Maria<\/p>\n","protected":false},"author":4,"featured_media":0,"comment_status":"closed","ping_status":"closed","sticky":false,"template":"","format":"standard","meta":{"_jetpack_memberships_contains_paid_content":false,"footnotes":""},"categories":[10],"tags":[],"class_list":["post-46726","post","type-post","status-publish","format-standard","hentry","category-necrologicas"],"jetpack_featured_media_url":"","jetpack_sharing_enabled":true,"_links":{"self":[{"href":"https:\/\/cdnoticias.com\/index.php\/wp-json\/wp\/v2\/posts\/46726","targetHints":{"allow":["GET"]}}],"collection":[{"href":"https:\/\/cdnoticias.com\/index.php\/wp-json\/wp\/v2\/posts"}],"about":[{"href":"https:\/\/cdnoticias.com\/index.php\/wp-json\/wp\/v2\/types\/post"}],"author":[{"embeddable":true,"href":"https:\/\/cdnoticias.com\/index.php\/wp-json\/wp\/v2\/users\/4"}],"replies":[{"embeddable":true,"href":"https:\/\/cdnoticias.com\/index.php\/wp-json\/wp\/v2\/comments?post=46726"}],"version-history":[{"count":0,"href":"https:\/\/cdnoticias.com\/index.php\/wp-json\/wp\/v2\/posts\/46726\/revisions"}],"wp:attachment":[{"href":"https:\/\/cdnoticias.com\/index.php\/wp-json\/wp\/v2\/media?parent=46726"}],"wp:term":[{"taxonomy":"category","embeddable":true,"href":"https:\/\/cdnoticias.com\/index.php\/wp-json\/wp\/v2\/categories?post=46726"},{"taxonomy":"post_tag","embeddable":true,"href":"https:\/\/cdnoticias.com\/index.php\/wp-json\/wp\/v2\/tags?post=46726"}],"curies":[{"name":"wp","href":"https:\/\/api.w.org\/{rel}","templated":true}]}}