{"id":46710,"date":"2022-02-17T09:53:32","date_gmt":"2022-02-17T12:53:32","guid":{"rendered":"https:\/\/www.centraldenoticias.com.ar\/?p=46710"},"modified":"2022-02-17T11:35:28","modified_gmt":"2022-02-17T14:35:28","slug":"este-jueves-se-conocera-la-adjudicacion-del-transporte-publico-interurbano","status":"publish","type":"post","link":"https:\/\/cdnoticias.com\/index.php\/2022\/02\/17\/este-jueves-se-conocera-la-adjudicacion-del-transporte-publico-interurbano\/","title":{"rendered":"Este jueves se conocer\u00e1 la adjudicaci\u00f3n del transporte p\u00fablico interurbano"},"content":{"rendered":"<p>El intendente brindar\u00e1 una conferencia de prensa. Fue convocada para esta tarde en el Centro Cultural Municipal.<!--more--><\/p>\n<hr \/>\n<p><strong>Este jueves se conocer\u00e1 la adjudicaci\u00f3n del transporte p\u00fablico interurbano de pasajeros<\/strong>, <a href=\"https:\/\/cdnoticias.com\/index.php\/2022\/01\/19\/tres-ofertas-de-empresas-locales-para-el-transporte-publico-interurbano\/\" target=\"_blank\" rel=\"noopener\">licitaci\u00f3n para la que hace casi un mes se presentaron tres ofertas de empresas locales<\/a>.<\/p>\n<p>&nbsp;<\/p>\n<p><img data-recalc-dims=\"1\" loading=\"lazy\" decoding=\"async\" class=\"aligncenter wp-image-44288\" src=\"https:\/\/i0.wp.com\/cdnoticias.com\/wp-content\/uploads\/2022\/01\/Gobierno-Licitacion-Transporte-interurbano-2-scaled-1.jpg?resize=600%2C325&#038;ssl=1\" alt=\"\" width=\"600\" height=\"325\" srcset=\"https:\/\/i0.wp.com\/cdnoticias.com\/wp-content\/uploads\/2022\/01\/Gobierno-Licitacion-Transporte-interurbano-2-scaled-1.jpg?resize=1024%2C554&amp;ssl=1 1024w, https:\/\/i0.wp.com\/cdnoticias.com\/wp-content\/uploads\/2022\/01\/Gobierno-Licitacion-Transporte-interurbano-2-scaled-1.jpg?resize=300%2C162&amp;ssl=1 300w, https:\/\/i0.wp.com\/cdnoticias.com\/wp-content\/uploads\/2022\/01\/Gobierno-Licitacion-Transporte-interurbano-2-scaled-1.jpg?resize=768%2C416&amp;ssl=1 768w, https:\/\/i0.wp.com\/cdnoticias.com\/wp-content\/uploads\/2022\/01\/Gobierno-Licitacion-Transporte-interurbano-2-scaled-1.jpg?resize=1536%2C832&amp;ssl=1 1536w, https:\/\/i0.wp.com\/cdnoticias.com\/wp-content\/uploads\/2022\/01\/Gobierno-Licitacion-Transporte-interurbano-2-scaled-1.jpg?resize=2048%2C1109&amp;ssl=1 2048w, https:\/\/i0.wp.com\/cdnoticias.com\/wp-content\/uploads\/2022\/01\/Gobierno-Licitacion-Transporte-interurbano-2-scaled-1.jpg?w=1600&amp;ssl=1 1600w, https:\/\/i0.wp.com\/cdnoticias.com\/wp-content\/uploads\/2022\/01\/Gobierno-Licitacion-Transporte-interurbano-2-scaled-1.jpg?w=2400&amp;ssl=1 2400w\" sizes=\"auto, (max-width: 600px) 100vw, 600px\" \/><\/p>\n<p>&nbsp;<\/p>\n<p>En ese sentido, se anunci\u00f3 que a las 18 en el Centro Cultural Municipal <strong>el intendente Ezequiel Galli encabezar\u00e1 una conferencia de prensa \u201cpara brindar anuncios sobre el transporte p\u00fablico\u201d<\/strong>.<\/p>\n<p>&nbsp;<\/p>\n<p>Cabe recordar que de <strong>las tres empresas que licitaron<\/strong>, una de ellas es la actual concesionaria, la segunda es la concesionaria del recorrido urbano y la tercera correspondi\u00f3 a una empresa que actualmente no presta servicio p\u00fablico.<\/p>\n","protected":false},"excerpt":{"rendered":"<p>El intendente brindar\u00e1 una conferencia de prensa. Fue convocada para esta tarde en el Centro Cultural Municipal.<\/p>\n","protected":false},"author":4,"featured_media":43964,"comment_status":"closed","ping_status":"closed","sticky":false,"template":"","format":"standard","meta":{"_jetpack_memberships_contains_paid_content":false,"footnotes":""},"categories":[5,1],"tags":[],"class_list":["post-46710","post","type-post","status-publish","format-standard","has-post-thumbnail","hentry","category-informacion-general","category-portada"],"jetpack_featured_media_url":"https:\/\/i0.wp.com\/cdnoticias.com\/wp-content\/uploads\/2022\/01\/Galli-Conferencia-scaled.jpg?fit=2560%2C1424&ssl=1","jetpack_sharing_enabled":true,"_links":{"self":[{"href":"https:\/\/cdnoticias.com\/index.php\/wp-json\/wp\/v2\/posts\/46710","targetHints":{"allow":["GET"]}}],"collection":[{"href":"https:\/\/cdnoticias.com\/index.php\/wp-json\/wp\/v2\/posts"}],"about":[{"href":"https:\/\/cdnoticias.com\/index.php\/wp-json\/wp\/v2\/types\/post"}],"author":[{"embeddable":true,"href":"https:\/\/cdnoticias.com\/index.php\/wp-json\/wp\/v2\/users\/4"}],"replies":[{"embeddable":true,"href":"https:\/\/cdnoticias.com\/index.php\/wp-json\/wp\/v2\/comments?post=46710"}],"version-history":[{"count":0,"href":"https:\/\/cdnoticias.com\/index.php\/wp-json\/wp\/v2\/posts\/46710\/revisions"}],"wp:featuredmedia":[{"embeddable":true,"href":"https:\/\/cdnoticias.com\/index.php\/wp-json\/wp\/v2\/media\/43964"}],"wp:attachment":[{"href":"https:\/\/cdnoticias.com\/index.php\/wp-json\/wp\/v2\/media?parent=46710"}],"wp:term":[{"taxonomy":"category","embeddable":true,"href":"https:\/\/cdnoticias.com\/index.php\/wp-json\/wp\/v2\/categories?post=46710"},{"taxonomy":"post_tag","embeddable":true,"href":"https:\/\/cdnoticias.com\/index.php\/wp-json\/wp\/v2\/tags?post=46710"}],"curies":[{"name":"wp","href":"https:\/\/api.w.org\/{rel}","templated":true}]}}