{"id":4669,"date":"2020-10-22T21:02:35","date_gmt":"2020-10-23T00:02:35","guid":{"rendered":"http:\/\/www.centraldenoticias.com.ar\/?p=4669"},"modified":"2020-10-23T08:15:39","modified_gmt":"2020-10-23T11:15:39","slug":"anuncian-la-construccion-de-un-nuevo-edificio-para-el-jardin-n-928","status":"publish","type":"post","link":"https:\/\/cdnoticias.com\/index.php\/2020\/10\/22\/anuncian-la-construccion-de-un-nuevo-edificio-para-el-jardin-n-928\/","title":{"rendered":"Anuncian la construcci\u00f3n de un nuevo edificio para el Jard\u00edn N\u00b0 928"},"content":{"rendered":"<p>&nbsp;<\/p>\n<p>As\u00ed lo comunic\u00f3 el subsecretario de Miner\u00eda, Federico Aguilera. La obra tendr\u00e1 un valor aproximado de 40 millones de pesos y se realizar\u00e1 con fondos nacionales. El Jefe de Educaci\u00f3n Distrital Julio Ben\u00edtez, indic\u00f3 que<em> \u201cera una obra que hab\u00eda quedado inconclusa de la gesti\u00f3n anterior\u201d<\/em>. <strong>Adem\u00e1s habl\u00f3 del impacto de las pol\u00edticas p\u00fablicas en la tarea educativa.<\/strong><!--more--><\/p>\n<hr \/>\n<p>Este jueves el subsecretario de Miner\u00eda, Federico Aguilera<strong> anunci\u00f3 a trav\u00e9s de redes sociales la construcci\u00f3n de un nuevo edificio para el Jard\u00edn de Infantes N\u00b0 928, ubicado en el barrio AOMA.<\/strong><\/p>\n<p>&nbsp;<\/p>\n<p><em>\u201cEs una linda y grata noticia el anuncio de la construcci\u00f3n de un nuevo edificio para el jard\u00edn de infantes n\u00b0928 de nuestra ciudad. La inversi\u00f3n ser\u00e1 de $39.084.896,24 y se realizar\u00e1 con fondos del Programa de Apoyo a la Pol\u00edtica de Mejoramiento de la Equidad Educativa de Naci\u00f3n\u201d, <\/em>asegur\u00f3.<\/p>\n<p>&nbsp;<\/p>\n<blockquote class=\"twitter-tweet\" data-width=\"550\" data-dnt=\"true\">\n<p lang=\"es\" dir=\"ltr\">Es una linda y grata noticia el anuncio de la construcci\u00f3n de un nuevo edificio para el jard\u00edn de infantes n\u00b0928 de nuestra ciudad. La inversi\u00f3n ser\u00e1 de $39.084.896,24 y se realizar\u00e1 con fondos del Programa de Apoyo a la Pol\u00edtica de Mejoramiento de la Equidad Educativa de Naci\u00f3n.<\/p>\n<p>&mdash; Federico Aguilera (@FedericoAguile5) <a href=\"https:\/\/twitter.com\/FedericoAguile5\/status\/1319325890212487170?ref_src=twsrc%5Etfw\">October 22, 2020<\/a><\/p><\/blockquote>\n<p><script async src=\"https:\/\/platform.twitter.com\/widgets.js\" charset=\"utf-8\"><\/script><\/p>\n<p>&nbsp;<\/p>\n<p>En di\u00e1logo con Central de Noticias, <strong>Julio Ben\u00edtez Jefe Distrital de Educaci\u00f3n<\/strong> cont\u00f3 que <em>\u201cse hab\u00edan presentado dos obras por el \u201cPlan Tres Mil Jardines\u201d, de la gesti\u00f3n anterior, que no se construyeron\u201d. \u00a0<\/em><\/p>\n<p>&nbsp;<\/p>\n<p>Indic\u00f3 que en esta oportunidad, <strong><em>\u201cla actualidad gesti\u00f3n asumi\u00f3 la responsabilidad de llevar adelante la construcci\u00f3n. En el caso del Jard\u00edn 928 se licit\u00f3 la obra para la futura construcci\u00f3n en un predio a uno de los lados del lugar donde funciona actualmente el jard\u00edn\u201d.<\/em><\/strong><\/p>\n<p>&nbsp;<\/p>\n<p><img data-recalc-dims=\"1\" loading=\"lazy\" decoding=\"async\" class=\"alignnone size-full wp-image-4672\" src=\"https:\/\/i0.wp.com\/cdnoticias.com\/wp-content\/uploads\/2020\/10\/jardin928.jpg?resize=800%2C584&#038;ssl=1\" alt=\"\" width=\"800\" height=\"584\" srcset=\"https:\/\/i0.wp.com\/cdnoticias.com\/wp-content\/uploads\/2020\/10\/jardin928.jpg?w=1032&amp;ssl=1 1032w, https:\/\/i0.wp.com\/cdnoticias.com\/wp-content\/uploads\/2020\/10\/jardin928.jpg?resize=300%2C219&amp;ssl=1 300w, https:\/\/i0.wp.com\/cdnoticias.com\/wp-content\/uploads\/2020\/10\/jardin928.jpg?resize=768%2C561&amp;ssl=1 768w, https:\/\/i0.wp.com\/cdnoticias.com\/wp-content\/uploads\/2020\/10\/jardin928.jpg?resize=1024%2C748&amp;ssl=1 1024w\" sizes=\"auto, (max-width: 800px) 100vw, 800px\" \/><\/p>\n<p>&nbsp;<\/p>\n<p><strong>El impacto de las obras de infraestructura en la tarea educativa<\/strong><\/p>\n<p>&nbsp;<\/p>\n<p><em>\u201cLa construcci\u00f3n de un nuevo edificio es de un fuerte impacto para el sistema educativo del distrito y para la comunidad educativa del jard\u00edn que va a estrenar una nueva obra, con las condiciones edilicias necesarias y suficientes para poder <strong>desarrollar toda la tarea educativa<\/strong>\u201d<\/em>, se\u00f1al\u00f3 Ben\u00edtez.<\/p>\n<p>&nbsp;<\/p>\n<p>Respecto al anuncio realizado este jueves, asegur\u00f3 que<strong><em> \u201csiempre es bienvenida toda obra de infraestructura porque implica el desarrollo de una pol\u00edtica p\u00fablica\u201d.<\/em><\/strong><\/p>\n<p>&nbsp;<\/p>\n<p>Adem\u00e1s, resalt\u00f3 el valor del<strong><em> \u201cimpacto pedag\u00f3gico\u201d<\/em> <\/strong>que resulta de un mejoramiento de lo material.<em> \u201cNo solo estamos hablando de infraestructura sino de un impacto pedag\u00f3gico y de pol\u00edticas p\u00fablicas. <strong>Estamos hablando de sue\u00f1os que se empiezan a concretar con el apoyo de una gesti\u00f3n en un territorio, eso hace retomar la esperanza<\/strong>\u201d<\/em>, concluy\u00f3.<\/p>\n<p>&nbsp;<\/p>\n<p><img data-recalc-dims=\"1\" loading=\"lazy\" decoding=\"async\" class=\"alignnone size-full wp-image-4674\" src=\"https:\/\/i0.wp.com\/cdnoticias.com\/wp-content\/uploads\/2020\/10\/jardin928-2.jpg?resize=800%2C448&#038;ssl=1\" alt=\"\" width=\"800\" height=\"448\" srcset=\"https:\/\/i0.wp.com\/cdnoticias.com\/wp-content\/uploads\/2020\/10\/jardin928-2.jpg?w=1032&amp;ssl=1 1032w, https:\/\/i0.wp.com\/cdnoticias.com\/wp-content\/uploads\/2020\/10\/jardin928-2.jpg?resize=300%2C168&amp;ssl=1 300w, https:\/\/i0.wp.com\/cdnoticias.com\/wp-content\/uploads\/2020\/10\/jardin928-2.jpg?resize=768%2C430&amp;ssl=1 768w, https:\/\/i0.wp.com\/cdnoticias.com\/wp-content\/uploads\/2020\/10\/jardin928-2.jpg?resize=1024%2C574&amp;ssl=1 1024w\" sizes=\"auto, (max-width: 800px) 100vw, 800px\" \/><\/p>\n<p>&nbsp;<\/p>\n<p><strong>El Programa Nacional<\/strong><\/p>\n<p>&nbsp;<\/p>\n<p>El <strong>Programa de Apoyo a la Pol\u00edtica de Mejoramiento de la Equidad Educativa<\/strong> es una pol\u00edtica impulsada por el gobierno nacional cuyo objetivo general es el de dar apoyo a la pol\u00edtica educativa nacional.<\/p>\n<p>&nbsp;<\/p>\n<p>La finalidad es incrementar la cobertura escolar en educaci\u00f3n inicial y secundaria; mejorar los aprendizajes en educaci\u00f3n primaria; mejorar la eficiencia interna (retenci\u00f3n y promoci\u00f3n) en secundaria; y mejorar los procesos de gesti\u00f3n y uso de la informaci\u00f3n educativa para el monitoreo.<\/p>\n","protected":false},"excerpt":{"rendered":"<p>&nbsp; As\u00ed lo comunic\u00f3 el subsecretario de Miner\u00eda, Federico Aguilera. La obra tendr\u00e1 un valor aproximado de 40 millones de<\/p>\n","protected":false},"author":2,"featured_media":4673,"comment_status":"closed","ping_status":"closed","sticky":false,"template":"","format":"standard","meta":{"_jetpack_memberships_contains_paid_content":false,"footnotes":""},"categories":[5,1],"tags":[],"class_list":["post-4669","post","type-post","status-publish","format-standard","has-post-thumbnail","hentry","category-informacion-general","category-portada"],"jetpack_featured_media_url":"https:\/\/i0.wp.com\/cdnoticias.com\/wp-content\/uploads\/2020\/10\/jardin928-1.jpg?fit=1032%2C710&ssl=1","jetpack_sharing_enabled":true,"_links":{"self":[{"href":"https:\/\/cdnoticias.com\/index.php\/wp-json\/wp\/v2\/posts\/4669","targetHints":{"allow":["GET"]}}],"collection":[{"href":"https:\/\/cdnoticias.com\/index.php\/wp-json\/wp\/v2\/posts"}],"about":[{"href":"https:\/\/cdnoticias.com\/index.php\/wp-json\/wp\/v2\/types\/post"}],"author":[{"embeddable":true,"href":"https:\/\/cdnoticias.com\/index.php\/wp-json\/wp\/v2\/users\/2"}],"replies":[{"embeddable":true,"href":"https:\/\/cdnoticias.com\/index.php\/wp-json\/wp\/v2\/comments?post=4669"}],"version-history":[{"count":0,"href":"https:\/\/cdnoticias.com\/index.php\/wp-json\/wp\/v2\/posts\/4669\/revisions"}],"wp:featuredmedia":[{"embeddable":true,"href":"https:\/\/cdnoticias.com\/index.php\/wp-json\/wp\/v2\/media\/4673"}],"wp:attachment":[{"href":"https:\/\/cdnoticias.com\/index.php\/wp-json\/wp\/v2\/media?parent=4669"}],"wp:term":[{"taxonomy":"category","embeddable":true,"href":"https:\/\/cdnoticias.com\/index.php\/wp-json\/wp\/v2\/categories?post=4669"},{"taxonomy":"post_tag","embeddable":true,"href":"https:\/\/cdnoticias.com\/index.php\/wp-json\/wp\/v2\/tags?post=4669"}],"curies":[{"name":"wp","href":"https:\/\/api.w.org\/{rel}","templated":true}]}}