{"id":46688,"date":"2022-02-16T19:46:13","date_gmt":"2022-02-16T22:46:13","guid":{"rendered":"https:\/\/www.centraldenoticias.com.ar\/?p=46688"},"modified":"2022-02-16T19:46:13","modified_gmt":"2022-02-16T22:46:13","slug":"negaron-la-excarcelacion-de-un-hombre-acusado-de-reiterados-hurtos","status":"publish","type":"post","link":"https:\/\/cdnoticias.com\/index.php\/2022\/02\/16\/negaron-la-excarcelacion-de-un-hombre-acusado-de-reiterados-hurtos\/","title":{"rendered":"Negaron la excarcelaci\u00f3n de un hombre acusado de reiterados hurtos"},"content":{"rendered":"<p>Precisamente, ese fue uno de los argumento para rechazar el planteo de excarcelaci\u00f3n elevado desde la defensa.<!--more--><\/p>\n<hr \/>\n<p>En las \u00faltimas horas la juez de Garant\u00edas Fabiana San Rom\u00e1n <strong>rechaz\u00f3 el planteo de excarcelaci\u00f3n que hab\u00eda sido elevado desde la defensa de un hombre que se encuentra acusado de \u201churtos reiterados\u201d<\/strong>, y quien fuera detenido d\u00edas atr\u00e1s, en el marco de un <a href=\"https:\/\/cdnoticias.com\/index.php\/2022\/02\/12\/en-un-allanamiento-detuvieron-a-un-hombre-con-reiterados-antecedentes\/\" target=\"_blank\" rel=\"noopener\">allanamiento realizado sobre avenida Alberdi al 4200<\/a>.<\/p>\n<p>&nbsp;<\/p>\n<p>Se trata de Rub\u00e9n Dar\u00edo Cervino, a quien se lo vincula como autor de varios il\u00edcitos ocurridos recientemente. En ello se fundament\u00f3 el secuestro de numerosos elementos durante el procedimiento en el que se concret\u00f3 su captura.\u00a0 Entre otras cosas, <strong>se incautaron prendas de vestir que lo vincular\u00eda con esos hechos, adem\u00e1s de otras prendas sobre las que no se pudo acreditar propiedad<\/strong>, lo que dio inicio a actuaciones complementarias.<\/p>\n<p>&nbsp;<\/p>\n<p>Las pesquisas en su contra son llevadas a cabo por la <strong>fiscal\u00eda 7, que lidera el fiscal Christian Url\u00e9zaga y desde donde tambi\u00e9n se plante\u00f3 el rechazo a la excarcelaci\u00f3n<\/strong>, algo que fue acompa\u00f1ado en la resoluci\u00f3n emitida en las \u00faltimas horas desde el Juzgado de Garant\u00edas local N\u00b0 1.<\/p>\n","protected":false},"excerpt":{"rendered":"<p>Precisamente, ese fue uno de los argumento para rechazar el planteo de excarcelaci\u00f3n elevado desde la defensa.<\/p>\n","protected":false},"author":3,"featured_media":46336,"comment_status":"closed","ping_status":"closed","sticky":false,"template":"","format":"standard","meta":{"_jetpack_memberships_contains_paid_content":false,"footnotes":""},"categories":[14,1],"tags":[],"class_list":["post-46688","post","type-post","status-publish","format-standard","has-post-thumbnail","hentry","category-policiales","category-portada"],"jetpack_featured_media_url":"https:\/\/i0.wp.com\/cdnoticias.com\/wp-content\/uploads\/2022\/02\/WhatsApp-Image-2022-02-12-at-11.38.27.jpeg?fit=1280%2C618&ssl=1","jetpack_sharing_enabled":true,"_links":{"self":[{"href":"https:\/\/cdnoticias.com\/index.php\/wp-json\/wp\/v2\/posts\/46688","targetHints":{"allow":["GET"]}}],"collection":[{"href":"https:\/\/cdnoticias.com\/index.php\/wp-json\/wp\/v2\/posts"}],"about":[{"href":"https:\/\/cdnoticias.com\/index.php\/wp-json\/wp\/v2\/types\/post"}],"author":[{"embeddable":true,"href":"https:\/\/cdnoticias.com\/index.php\/wp-json\/wp\/v2\/users\/3"}],"replies":[{"embeddable":true,"href":"https:\/\/cdnoticias.com\/index.php\/wp-json\/wp\/v2\/comments?post=46688"}],"version-history":[{"count":0,"href":"https:\/\/cdnoticias.com\/index.php\/wp-json\/wp\/v2\/posts\/46688\/revisions"}],"wp:featuredmedia":[{"embeddable":true,"href":"https:\/\/cdnoticias.com\/index.php\/wp-json\/wp\/v2\/media\/46336"}],"wp:attachment":[{"href":"https:\/\/cdnoticias.com\/index.php\/wp-json\/wp\/v2\/media?parent=46688"}],"wp:term":[{"taxonomy":"category","embeddable":true,"href":"https:\/\/cdnoticias.com\/index.php\/wp-json\/wp\/v2\/categories?post=46688"},{"taxonomy":"post_tag","embeddable":true,"href":"https:\/\/cdnoticias.com\/index.php\/wp-json\/wp\/v2\/tags?post=46688"}],"curies":[{"name":"wp","href":"https:\/\/api.w.org\/{rel}","templated":true}]}}