{"id":46660,"date":"2022-02-16T17:19:58","date_gmt":"2022-02-16T20:19:58","guid":{"rendered":"https:\/\/www.centraldenoticias.com.ar\/?p=46660"},"modified":"2022-02-16T20:40:28","modified_gmt":"2022-02-16T23:40:28","slug":"diego-robbiani-no-tenemos-nada-que-esconder","status":"publish","type":"post","link":"https:\/\/cdnoticias.com\/index.php\/2022\/02\/16\/diego-robbiani-no-tenemos-nada-que-esconder\/","title":{"rendered":"Diego Robbiani: \u201cNo tenemos nada que esconder\u201d"},"content":{"rendered":"<p>El secretario de Desarrollo Humano y Calidad de Vida explic\u00f3 la decisi\u00f3n de presentarse ante la fiscal que lleva la causa de venta ilegal de terrenos. Los audios viralizados y su v\u00ednculo con Claudio Peralta.<!--more--><\/p>\n<hr \/>\n<p>El<strong> secretario de Desarrollo Humano y Calidad de Vida<\/strong> en di\u00e1logo con Central Radio que se emite por Radio Sapiens (FM 102.7) luego de <a href=\"https:\/\/cdnoticias.com\/index.php\/2022\/02\/15\/diego-robbiani-es-una-operacion-politica-en-contra-de-ezequiel\/\" target=\"_blank\" rel=\"noopener\">declarar en la justicia en la causa por la venta de terrenos.<\/a><\/p>\n<p>&nbsp;<\/p>\n<p>\u201cAparecieron hace unos d\u00edas unos audios entre el abogado Sergio Rold\u00e1n y el due\u00f1o del medio Verte, Emilio Moriones haciendo referencia de que <strong>por cuestiones personales me iban a incorporar como sea a la causa de venta ilegal de terrenos<\/strong>\u201d, relat\u00f3 el funcionario.<\/p>\n<p>&nbsp;<\/p>\n<p>Ante este hecho, Robbiani afirm\u00f3 que \u201cresolv\u00ed <strong>presentarme ante la fiscal Paula Serrano<\/strong> y poner en conocimiento a la fiscal de que desde la mitad del a\u00f1o 2019 hasta la mitad del a\u00f1o 2020 conoc\u00ed a la persona que hoy se se\u00f1ala como presunta estafadora\u201d.<\/p>\n<p>&nbsp;<\/p>\n<p><iframe loading=\"lazy\" src=\"https:\/\/www.ivoox.com\/player_ej_82362871_6_1.html?c1=0b3c73\" width=\"100%\" height=\"200\" frameborder=\"0\" scrolling=\"no\" allowfullscreen=\"allowfullscreen\"><\/iframe><\/p>\n<p>&nbsp;<\/p>\n<p>En ese sentido, asegur\u00f3 que la decisi\u00f3n de presentarse ante la fiscal fue tomada<strong> en conjunto con el intendente Ezequiel Galli<\/strong>: \u201cNo tenemos nada que esconder, nada que ocultar y todo por demostrar. Ezequiel me dijo que me presente y yo tom\u00e9 tambi\u00e9n esa decisi\u00f3n como abogado, por eso fuimos directamente a la fiscal\u00eda para hacer este tipo de presentaci\u00f3n, una declaraci\u00f3n testimonial\u201d.<\/p>\n<p>&nbsp;<\/p>\n<p>Describi\u00f3 que<strong> su contacto con Claudio Peralta fue en su car\u00e1cter de \u201cl\u00edder barrial\u201d<\/strong> ya que esta persona \u201ccolabor\u00f3 en ese rol con la entrega de alimentos durante la pandemia con el fin de llegar a toda la comunidad.<strong> Este fue mi \u00fanico contacto con \u00e9l<\/strong>\u201d.<\/p>\n<p>&nbsp;<\/p>\n<blockquote class=\"twitter-tweet\" data-width=\"550\" data-dnt=\"true\">\n<p lang=\"es\" dir=\"ltr\">\ud83d\udcfbAHORA: El secretario de Desarrollo Humano y Calidad  de Vida <a href=\"https:\/\/twitter.com\/robbiani_diego?ref_src=twsrc%5Etfw\">@robbiani_diego<\/a> en di\u00e1logo con <a href=\"https:\/\/twitter.com\/hashtag\/CentralRadio?src=hash&amp;ref_src=twsrc%5Etfw\">#CentralRadio<\/a> por <a href=\"https:\/\/twitter.com\/FmSapiens?ref_src=twsrc%5Etfw\">@FmSapiens<\/a> luego de declarar en la justicia en la causa por la venta de terrenos. <a href=\"https:\/\/t.co\/zWxfNSgkdL\">pic.twitter.com\/zWxfNSgkdL<\/a><\/p>\n<p>&mdash; Central de Noticias &#8211; Olavarr\u00eda (@cdnolavarria) <a href=\"https:\/\/twitter.com\/cdnolavarria\/status\/1494030596900900875?ref_src=twsrc%5Etfw\">February 16, 2022<\/a><\/p><\/blockquote>\n<p><script async src=\"https:\/\/platform.twitter.com\/widgets.js\" charset=\"utf-8\"><\/script><\/p>\n<p>&nbsp;<\/p>\n<p>Consultado sobre las im\u00e1genes en las que aparece junto a la persona se\u00f1alada como el vendedor de terrenos detall\u00f3 que \u201cen mi recorrida no solamente durante la campa\u00f1a sino como funcionario, los vecinos se sacan fotos, las entidades se sacan fotos permanentemente. <strong>Hay fotos que son del cierre de campa\u00f1a de 2019, hay fotos que son en un acto p\u00fablico por el tema de las cloacas el a\u00f1o pasado cuando yo era candidato a senador<\/strong>\u201d.<\/p>\n<p>&nbsp;<\/p>\n<p><strong>\u201cFotos va a haber siempre, no solamente con Claudio Peralta sino tambi\u00e9n con otros l\u00edderes barriales y con instituciones\u201d<\/strong> y agreg\u00f3: \u201cest\u00e1 bien claro que esto es una operatoria con intenciones pol\u00edticas, con intenciones de da\u00f1ar mi imagen, con intenciones de armar algo que no existe\u201d.<\/p>\n<p>&nbsp;<\/p>\n<p><strong>\u201cSon audios a mi criterio intimidatorios\u201d<\/strong> asegur\u00f3. \u201cSe est\u00e1 tratando de llevar este hecho a otro barro con intenci\u00f3n de confundir a la opini\u00f3n p\u00fablica y<strong> dejarlo a Ezequiel diezmado en su capital que es la honestidad y la transparencia<\/strong>\u201d.<\/p>\n<p>&nbsp;<\/p>\n<p>Por \u00faltimo, indic\u00f3 que \u201cla justicia es el lugar donde tiene que resolverse este conflicto que no nos olvidemos que <strong>tiene a varias familias afectas que han puesto patrimonio en manos de una persona que los enga\u00f1\u00f3<\/strong>. La justicia est\u00e1 esperando que baje toda esta espuma y poder trabajar tranquila\u201d.<\/p>\n<p>&nbsp;<\/p>\n","protected":false},"excerpt":{"rendered":"<p>El secretario de Desarrollo Humano y Calidad de Vida explic\u00f3 la decisi\u00f3n de presentarse ante la fiscal que lleva la<\/p>\n","protected":false},"author":5,"featured_media":31971,"comment_status":"closed","ping_status":"closed","sticky":false,"template":"","format":"standard","meta":{"_jetpack_memberships_contains_paid_content":false,"footnotes":""},"categories":[4,1],"tags":[],"class_list":["post-46660","post","type-post","status-publish","format-standard","has-post-thumbnail","hentry","category-politica","category-portada"],"jetpack_featured_media_url":"https:\/\/i0.wp.com\/cdnoticias.com\/wp-content\/uploads\/2021\/09\/Robbiani08.jpg?fit=4608%2C3072&ssl=1","jetpack_sharing_enabled":true,"_links":{"self":[{"href":"https:\/\/cdnoticias.com\/index.php\/wp-json\/wp\/v2\/posts\/46660","targetHints":{"allow":["GET"]}}],"collection":[{"href":"https:\/\/cdnoticias.com\/index.php\/wp-json\/wp\/v2\/posts"}],"about":[{"href":"https:\/\/cdnoticias.com\/index.php\/wp-json\/wp\/v2\/types\/post"}],"author":[{"embeddable":true,"href":"https:\/\/cdnoticias.com\/index.php\/wp-json\/wp\/v2\/users\/5"}],"replies":[{"embeddable":true,"href":"https:\/\/cdnoticias.com\/index.php\/wp-json\/wp\/v2\/comments?post=46660"}],"version-history":[{"count":0,"href":"https:\/\/cdnoticias.com\/index.php\/wp-json\/wp\/v2\/posts\/46660\/revisions"}],"wp:featuredmedia":[{"embeddable":true,"href":"https:\/\/cdnoticias.com\/index.php\/wp-json\/wp\/v2\/media\/31971"}],"wp:attachment":[{"href":"https:\/\/cdnoticias.com\/index.php\/wp-json\/wp\/v2\/media?parent=46660"}],"wp:term":[{"taxonomy":"category","embeddable":true,"href":"https:\/\/cdnoticias.com\/index.php\/wp-json\/wp\/v2\/categories?post=46660"},{"taxonomy":"post_tag","embeddable":true,"href":"https:\/\/cdnoticias.com\/index.php\/wp-json\/wp\/v2\/tags?post=46660"}],"curies":[{"name":"wp","href":"https:\/\/api.w.org\/{rel}","templated":true}]}}