{"id":46655,"date":"2022-02-17T09:27:19","date_gmt":"2022-02-17T12:27:19","guid":{"rendered":"https:\/\/www.centraldenoticias.com.ar\/?p=46655"},"modified":"2022-02-17T09:27:19","modified_gmt":"2022-02-17T12:27:19","slug":"abre-la-inscripcion-al-laboratorio-de-idiomas-en-la-facultad-de-ciencias-sociales","status":"publish","type":"post","link":"https:\/\/cdnoticias.com\/index.php\/2022\/02\/17\/abre-la-inscripcion-al-laboratorio-de-idiomas-en-la-facultad-de-ciencias-sociales\/","title":{"rendered":"Abre la inscripci\u00f3n al Laboratorio de Idiomas en la Facultad de Ciencias Sociales"},"content":{"rendered":"<p>Las cursadas inician la semana del 14 de marzo bajo la modalidad virtual.\u00a0Se dictar\u00e1n diferentes niveles de Alem\u00e1n, Portugu\u00e9s, Ingl\u00e9s e Ingl\u00e9s para adolescentes, Franc\u00e9s, Italiano, adem\u00e1s de Lengua de Se\u00f1as y Mapuzung\u00fan, idioma y cultura mapuche.<!--more--><\/p>\n<hr \/>\n<p>&nbsp;<\/p>\n<p>Todos los cursos <strong>comenzar\u00e1n a dictarse la semana del 14 de marzo<\/strong> y tienen una<strong> duraci\u00f3n anual o cuatrimestral<\/strong>, a excepci\u00f3n de<strong> alem\u00e1n,<\/strong> que es de <strong>modalidad intensivo. <\/strong><\/p>\n<p>&nbsp;<\/p>\n<p>Los contenidos del laboratorio de idiomas est\u00e1n estandarizados con el <strong>Marco Com\u00fan Europeo de Referencia<\/strong> por lo cual <strong>las certificaciones son reconocidas por diversas instituciones de todo el mundo.<\/strong><\/p>\n<p>&nbsp;<\/p>\n<p>&#8220;Este marco com\u00fan proporciona una <strong>base para el aprendizaje de las distintas lenguas<\/strong> que permiten a los estudiantes <strong>comunicarse de manera eficaz en pos de favorecer la movilidad internacional, el conocimiento de nuevas culturas<\/strong>, una mejora en las <strong>relaciones de trabajo y acceso a becas en el extranjero<\/strong>, entre otras&#8221; se indic\u00f3.<\/p>\n<p>&nbsp;<\/p>\n<p>Para el caso de <strong>los cursos<\/strong> de los que se<strong> dictar\u00e1n las segundas partes,<\/strong> es requisito obligatorio que quienes se inscriban cuenten con <strong>conocimiento previo del idioma a inscribirse.<\/strong><\/p>\n<p>&nbsp;<\/p>\n<p><img data-recalc-dims=\"1\" loading=\"lazy\" decoding=\"async\" class=\"aligncenter wp-image-46656\" src=\"https:\/\/i0.wp.com\/cdnoticias.com\/wp-content\/uploads\/2022\/02\/Laboratorio-de-Idiomas.png?resize=500%2C500&#038;ssl=1\" alt=\"\" width=\"500\" height=\"500\" srcset=\"https:\/\/i0.wp.com\/cdnoticias.com\/wp-content\/uploads\/2022\/02\/Laboratorio-de-Idiomas.png?w=1000&amp;ssl=1 1000w, https:\/\/i0.wp.com\/cdnoticias.com\/wp-content\/uploads\/2022\/02\/Laboratorio-de-Idiomas.png?resize=300%2C300&amp;ssl=1 300w, https:\/\/i0.wp.com\/cdnoticias.com\/wp-content\/uploads\/2022\/02\/Laboratorio-de-Idiomas.png?resize=150%2C150&amp;ssl=1 150w, https:\/\/i0.wp.com\/cdnoticias.com\/wp-content\/uploads\/2022\/02\/Laboratorio-de-Idiomas.png?resize=768%2C768&amp;ssl=1 768w\" sizes=\"auto, (max-width: 500px) 100vw, 500px\" \/><\/p>\n<p>&nbsp;<\/p>\n<p><strong>Cursos anuales:<\/strong><\/p>\n<p><strong>Franc\u00e9s<\/strong> A1.1 -principiante, primera parte-. Martes de 14:00 a 16:00, a cargo de la Prof. Erika Ipp\u00f3lito.<\/p>\n<p><strong>Ingl\u00e9s para adolescentes<\/strong> A2 -elemental-. Lunes y jueves de 18:00 a 19:30, a cargo de la prof. Florencia De Felice.<\/p>\n<p><strong>Ingl\u00e9s para adolescentes<\/strong> B1 -Intermedio-. Mi\u00e9rcoles y viernes de 18:00 a 19:30, a cargo de la prof. Florencia De Felice.<\/p>\n<p><strong>Italiano<\/strong> A1 -principiante-. Mi\u00e9rcoles de 18:00 a 20:00, a cargo del Prof. Mart\u00edn Senyar.<\/p>\n<p><strong>Italiano<\/strong> A2 -elemental-. Mi\u00e9rcoles de 16:00 a 18:00, a cargo del Prof. Mart\u00edn Senyar.<\/p>\n<p><strong>Italiano<\/strong> A2.2 -elemental, segunda parte-. Martes de 16:00 a 18:00, a cargo del Prof. Mart\u00edn Senyar.<\/p>\n<p><strong>Portugu\u00e9s<\/strong> A1 -principiante-. Mi\u00e9rcoles de 17:00 a 19:00, a cargo de la Prof. Diva Alves.<\/p>\n<p><strong>Portugu\u00e9s<\/strong> A2 -elemental-. Mi\u00e9rcoles de 13:00 a 15:00, a cargo de la Prof. Diva Alves.<\/p>\n<p>&nbsp;<\/p>\n<p><strong>Cursos cuatrimestrales:<\/strong><\/p>\n<p><strong>Alem\u00e1n para viajeros<\/strong>. Lunes y mi\u00e9rcoles de 14:00 a 15:00 a cargo de la Prof. Patricia Herr.<\/p>\n<p><strong>Alem\u00e1n<\/strong> A1.1 intensivo -principiante, primera parte-. Lunes y mi\u00e9rcoles de 18:00 a 19:00, a cargo de la Prof. Patricia Herr.<\/p>\n<p><strong>Alem\u00e1n<\/strong> A1.2 intensivo -principiante, segunda parte-. Lunes y mi\u00e9rcoles de 19:00 a 20:00, a cargo de la Prof. Patricia Herr.<\/p>\n<p><strong>Alem\u00e1n<\/strong> A2.1 intensivo -elemental, primera parte-. Martes y jueves de 18:00 a 19:00, a cargo de la Prof. Patricia Herr.<\/p>\n<p><strong>Alem\u00e1n<\/strong> A2.2 Intensivo-elemental, segunda parte-. Martes y jueves de 19:00 a 20:00, a cargo de la Prof. Patricia Herr.<\/p>\n<p><strong>Franc\u00e9s<\/strong> A1.2 -principiante, segunda parte-. Mi\u00e9rcoles de 14:00 a 16:00, a cargo de la Prof. Erika Ipp\u00f3lito.<\/p>\n<p><strong>Ingl\u00e9s<\/strong> A1.1 &#8211; principiante, primera parte-. Viernes de 16:00 a 17:45, a cargo de la Prof. Jimena Urruti.<\/p>\n<p><strong>Ingl\u00e9s<\/strong> A2.1 -elemental, segunda parte-. Mi\u00e9rcoles de 16:00 a 17:45, a cargo de la Prof. Jimena Urruti.<\/p>\n<p><strong>Ingl\u00e9s<\/strong> A2+.1 -elemental superior, primera parte-. Mi\u00e9rcoles de 18:00 a 19:45, a cargo de la Prof. Jimena Urruti.<\/p>\n<p><strong>Ingl\u00e9s<\/strong> B1.2 -Intermedio, segunda parte-. Viernes de 14:00 a 15:45, a cargo de la Prof. Jimena Urruti.<\/p>\n<p><strong>Ingl\u00e9s para viajeros<\/strong>. Jueves de 18:15 a 19:45, a cargo de la Prof. Jimena Urruti.<\/p>\n<p><strong>Lengua de Se\u00f1as<\/strong> A1.1 -principiante, primera parte-. Martes de 18:00 a 19:30, a cargo de la Prof. Noelia D\u00edaz.<\/p>\n<p><strong>Mapuzung\u00fan nivel I.<\/strong> Mi\u00e9rcoles de 18:30 a 20:30, a cargo de Mirta Mill\u00e1n, Guillermo Aramburu y Dar\u00edo Pu\u00f1alef.<\/p>\n<p><strong>Mapuzung\u00fan nivel<\/strong> A2.2. Viernes de 18:30 a 20:30, a cargo de Mirta Mill\u00e1n, Guillermo Aramburu y Dar\u00edo Pu\u00f1alef.<\/p>\n<p>&nbsp;<\/p>\n<p><strong>Inscripci\u00f3n<\/strong><\/p>\n<p>&nbsp;<\/p>\n<p>Para hacer efectiva la inscripci\u00f3n se deben completar <strong>dos etapas:<\/strong> la primera es el<strong> registro online por medio del formulario disponible<\/strong><a href=\"https:\/\/docs.google.com\/forms\/d\/e\/1FAIpQLSexoo-b8mKsGBOc8-m1315LY7yKxxjZThLdyZuErZWA70Lc4Q\/viewform\" target=\"_blank\" rel=\"noopener\"> aqu\u00ed<\/a><strong>,<\/strong> y la segunda se cumplimenta con el <strong>pago correspondiente al curso elegido mediante la opci\u00f3n de pago de facturaci\u00f3n electr\u00f3nica,<\/strong> a partir de lo cual recibir\u00e1 mensualmente la factura que debe abonar por Red Banelco, Red Link, Pago F\u00e1cil o Pago Mis Cuentas.<\/p>\n<p>&nbsp;<\/p>\n<p><strong>Tarifas<\/strong><\/p>\n<p>Las<strong> cuotas deben ser abonadas mensualmente entre los d\u00edas 1 y 10 de cada mes.<\/strong><\/p>\n<p>&nbsp;<\/p>\n<p>El <strong>precio de los cursos anuales<\/strong> (8 cuotas) y<strong> cuatrimestrales<\/strong> (4 cuotas) es de<strong> $1700<\/strong> (consulte descuentos y beneficios al correo idiomas@soc.unicen.edu.ar). Para los <strong>Docentes y No Docentes UNICEN<\/strong> el precio es de<strong> $1400<\/strong> y para <strong>Estudiantes UNICEN es de $850.<\/strong><\/p>\n<p>&nbsp;<\/p>\n<p>Dada la <strong>carga horaria y modalidad intensiva del Curso de Alem\u00e1n e Ingl\u00e9s para Adolescentes<\/strong>, el precio por cada cuota mensual es de Externos: <strong>$2500<\/strong> (consulte descuentos y beneficios al correo idiomas@soc.unicen.edu.ar). Para los\/as estudiantes de la UNICEN el precio es de<strong> $1150<\/strong>, mientras que para Docentes\/No Docentes UNICEN es de $<strong>2000<\/strong>.<\/p>\n<p>&nbsp;<\/p>\n","protected":false},"excerpt":{"rendered":"<p>Las cursadas inician la semana del 14 de marzo bajo la modalidad virtual.\u00a0Se dictar\u00e1n diferentes niveles de Alem\u00e1n, Portugu\u00e9s, Ingl\u00e9s<\/p>\n","protected":false},"author":6,"featured_media":13601,"comment_status":"closed","ping_status":"closed","sticky":false,"template":"","format":"standard","meta":{"_jetpack_memberships_contains_paid_content":false,"footnotes":""},"categories":[5,1],"tags":[],"class_list":["post-46655","post","type-post","status-publish","format-standard","has-post-thumbnail","hentry","category-informacion-general","category-portada"],"jetpack_featured_media_url":"https:\/\/i0.wp.com\/cdnoticias.com\/wp-content\/uploads\/2021\/02\/frentefacso.jpg?fit=800%2C357&ssl=1","jetpack_sharing_enabled":true,"_links":{"self":[{"href":"https:\/\/cdnoticias.com\/index.php\/wp-json\/wp\/v2\/posts\/46655","targetHints":{"allow":["GET"]}}],"collection":[{"href":"https:\/\/cdnoticias.com\/index.php\/wp-json\/wp\/v2\/posts"}],"about":[{"href":"https:\/\/cdnoticias.com\/index.php\/wp-json\/wp\/v2\/types\/post"}],"author":[{"embeddable":true,"href":"https:\/\/cdnoticias.com\/index.php\/wp-json\/wp\/v2\/users\/6"}],"replies":[{"embeddable":true,"href":"https:\/\/cdnoticias.com\/index.php\/wp-json\/wp\/v2\/comments?post=46655"}],"version-history":[{"count":0,"href":"https:\/\/cdnoticias.com\/index.php\/wp-json\/wp\/v2\/posts\/46655\/revisions"}],"wp:featuredmedia":[{"embeddable":true,"href":"https:\/\/cdnoticias.com\/index.php\/wp-json\/wp\/v2\/media\/13601"}],"wp:attachment":[{"href":"https:\/\/cdnoticias.com\/index.php\/wp-json\/wp\/v2\/media?parent=46655"}],"wp:term":[{"taxonomy":"category","embeddable":true,"href":"https:\/\/cdnoticias.com\/index.php\/wp-json\/wp\/v2\/categories?post=46655"},{"taxonomy":"post_tag","embeddable":true,"href":"https:\/\/cdnoticias.com\/index.php\/wp-json\/wp\/v2\/tags?post=46655"}],"curies":[{"name":"wp","href":"https:\/\/api.w.org\/{rel}","templated":true}]}}