{"id":46642,"date":"2022-02-16T13:12:18","date_gmt":"2022-02-16T16:12:18","guid":{"rendered":"https:\/\/www.centraldenoticias.com.ar\/?p=46642"},"modified":"2022-02-16T13:12:18","modified_gmt":"2022-02-16T16:12:18","slug":"reunion-de-seguridad-con-vecinos-del-barrio-sarmiento","status":"publish","type":"post","link":"https:\/\/cdnoticias.com\/index.php\/2022\/02\/16\/reunion-de-seguridad-con-vecinos-del-barrio-sarmiento\/","title":{"rendered":"Reuni\u00f3n de seguridad con vecinos del barrio Sarmiento"},"content":{"rendered":"<p>Autoridades de la Subsecretar\u00eda de Seguridad municipal y de dependencias policiales mantuvieron un encuentro. Prevenci\u00f3n y colocaci\u00f3n de c\u00e1maras, entre los temas tratados.<!--more--><\/p>\n<hr \/>\n<p><strong>El martes por la tarde se llev\u00f3 a cabo una reuni\u00f3n con vecinos del barrio Sarmiento<\/strong>, donde particip\u00f3 personal de la Subsecretar\u00eda de Seguridad municipal, el jefe de Comisar\u00eda Primera y el Jefe del Comando de Patrullas.<\/p>\n<p>&nbsp;<\/p>\n<p><img data-recalc-dims=\"1\" loading=\"lazy\" decoding=\"async\" class=\"size-full wp-image-46643 aligncenter\" src=\"https:\/\/i0.wp.com\/cdnoticias.com\/wp-content\/uploads\/2022\/02\/reunion-de-seguridad-barrio-sarmiento-00.jpg?resize=800%2C445&#038;ssl=1\" alt=\"\" width=\"800\" height=\"445\" srcset=\"https:\/\/i0.wp.com\/cdnoticias.com\/wp-content\/uploads\/2022\/02\/reunion-de-seguridad-barrio-sarmiento-00.jpg?w=800&amp;ssl=1 800w, https:\/\/i0.wp.com\/cdnoticias.com\/wp-content\/uploads\/2022\/02\/reunion-de-seguridad-barrio-sarmiento-00.jpg?resize=300%2C167&amp;ssl=1 300w, https:\/\/i0.wp.com\/cdnoticias.com\/wp-content\/uploads\/2022\/02\/reunion-de-seguridad-barrio-sarmiento-00.jpg?resize=768%2C427&amp;ssl=1 768w\" sizes=\"auto, (max-width: 800px) 100vw, 800px\" \/><\/p>\n<p>&nbsp;<\/p>\n<p>El eje de la reuni\u00f3n <strong>fueron las \u201cformas preventivas de trabajar en equipo\u201d de las dependencias ya mencionadas<\/strong>, para desalentar algunos il\u00edcitos, en virtud de hechos de orden delictual registrados en los \u00faltimos d\u00edas en el sector.<\/p>\n<p>&nbsp;<\/p>\n<p>\u201cSe trat\u00f3 la posibilidad de contemplar la <strong>colocaci\u00f3n de algunas c\u00e1maras de seguridad<\/strong> para ser monitoreadas desde el Centro de Monitoreo Municipal\u201d agreg\u00f3 la subsecretar\u00eda de Seguridad, a cargo de Mario Busto.<\/p>\n","protected":false},"excerpt":{"rendered":"<p>Autoridades de la Subsecretar\u00eda de Seguridad municipal y de dependencias policiales mantuvieron un encuentro. Prevenci\u00f3n y colocaci\u00f3n de c\u00e1maras, entre<\/p>\n","protected":false},"author":4,"featured_media":46644,"comment_status":"closed","ping_status":"closed","sticky":false,"template":"","format":"standard","meta":{"_jetpack_memberships_contains_paid_content":false,"footnotes":""},"categories":[5,1],"tags":[],"class_list":["post-46642","post","type-post","status-publish","format-standard","has-post-thumbnail","hentry","category-informacion-general","category-portada"],"jetpack_featured_media_url":"https:\/\/i0.wp.com\/cdnoticias.com\/wp-content\/uploads\/2022\/02\/reunion-de-seguridad-barrio-sarmiento-01.jpg?fit=800%2C445&ssl=1","jetpack_sharing_enabled":true,"_links":{"self":[{"href":"https:\/\/cdnoticias.com\/index.php\/wp-json\/wp\/v2\/posts\/46642","targetHints":{"allow":["GET"]}}],"collection":[{"href":"https:\/\/cdnoticias.com\/index.php\/wp-json\/wp\/v2\/posts"}],"about":[{"href":"https:\/\/cdnoticias.com\/index.php\/wp-json\/wp\/v2\/types\/post"}],"author":[{"embeddable":true,"href":"https:\/\/cdnoticias.com\/index.php\/wp-json\/wp\/v2\/users\/4"}],"replies":[{"embeddable":true,"href":"https:\/\/cdnoticias.com\/index.php\/wp-json\/wp\/v2\/comments?post=46642"}],"version-history":[{"count":0,"href":"https:\/\/cdnoticias.com\/index.php\/wp-json\/wp\/v2\/posts\/46642\/revisions"}],"wp:featuredmedia":[{"embeddable":true,"href":"https:\/\/cdnoticias.com\/index.php\/wp-json\/wp\/v2\/media\/46644"}],"wp:attachment":[{"href":"https:\/\/cdnoticias.com\/index.php\/wp-json\/wp\/v2\/media?parent=46642"}],"wp:term":[{"taxonomy":"category","embeddable":true,"href":"https:\/\/cdnoticias.com\/index.php\/wp-json\/wp\/v2\/categories?post=46642"},{"taxonomy":"post_tag","embeddable":true,"href":"https:\/\/cdnoticias.com\/index.php\/wp-json\/wp\/v2\/tags?post=46642"}],"curies":[{"name":"wp","href":"https:\/\/api.w.org\/{rel}","templated":true}]}}