{"id":46640,"date":"2022-02-16T12:12:47","date_gmt":"2022-02-16T15:12:47","guid":{"rendered":"https:\/\/www.centraldenoticias.com.ar\/?p=46640"},"modified":"2022-02-16T16:18:35","modified_gmt":"2022-02-16T19:18:35","slug":"manifestacion-de-la-uocra-en-el-peaje-reclamo-por-condiciones-laborales","status":"publish","type":"post","link":"https:\/\/cdnoticias.com\/index.php\/2022\/02\/16\/manifestacion-de-la-uocra-en-el-peaje-reclamo-por-condiciones-laborales\/","title":{"rendered":"Manifestaci\u00f3n de la UOCRA en el peaje: reclamo por condiciones laborales"},"content":{"rendered":"<p>Es una protesta conjunta entre las seccionales Azul y Olavarr\u00eda del sindicato. \u201cEsperamos una respuesta positiva de la empresa\u201d dijeron. Reducci\u00f3n de tr\u00e1nsito sobre ruta 226.<!--more--><\/p>\n<hr \/>\n<p><strong>Una manifestaci\u00f3n impulsada por las seccionales Azul y Olavarr\u00eda del sindicato UOCRA comenz\u00f3 en la ma\u00f1ana de este mi\u00e9rcoles en el peaje de Hinojo<\/strong>, sobre la ruta 226. La medida deriva en la <strong>reducci\u00f3n del tr\u00e1nsito, ya que los manifestantes dejaron habilitado un solo carril de circulaci\u00f3n por cada mano<\/strong> y aplican cortes parciales a la circulaci\u00f3n. No se descart\u00f3 que la medida se extienda tambi\u00e9n a Tandil.<\/p>\n<p>&nbsp;<\/p>\n<p><strong>Central de Noticias<\/strong> habl\u00f3 con <strong>Ignacio Gim\u00e9nez, el secretario general de la UOCRA Olavarr\u00eda<\/strong> quien se\u00f1al\u00f3 que inform\u00f3 que <strong>\u201choy empez\u00f3 esta protesta por un reclamo leg\u00edtimo de los trabajadores del peaje, estamos reclamando las condiciones laborales que no se cumplen\u201d<\/strong>. Apunt\u00f3 contra la concesionaria del peaje, Concesiones Viales S.A, y agreg\u00f3 \u201cesperamos una respuesta positiva de la empresa\u201d.<\/p>\n<p>&nbsp;<\/p>\n<p><img data-recalc-dims=\"1\" loading=\"lazy\" decoding=\"async\" class=\"size-full wp-image-46635 aligncenter\" src=\"https:\/\/i0.wp.com\/cdnoticias.com\/wp-content\/uploads\/2022\/02\/protesta-uocra-peaje-05.jpg?resize=800%2C444&#038;ssl=1\" alt=\"\" width=\"800\" height=\"444\" srcset=\"https:\/\/i0.wp.com\/cdnoticias.com\/wp-content\/uploads\/2022\/02\/protesta-uocra-peaje-05.jpg?w=800&amp;ssl=1 800w, https:\/\/i0.wp.com\/cdnoticias.com\/wp-content\/uploads\/2022\/02\/protesta-uocra-peaje-05.jpg?resize=300%2C167&amp;ssl=1 300w, https:\/\/i0.wp.com\/cdnoticias.com\/wp-content\/uploads\/2022\/02\/protesta-uocra-peaje-05.jpg?resize=768%2C426&amp;ssl=1 768w\" sizes=\"auto, (max-width: 800px) 100vw, 800px\" \/><\/p>\n<p>&nbsp;<\/p>\n<blockquote><p>Se\u00f1al\u00f3 que los afectados son 30 empleados que se desempe\u00f1an en el obrador ubicado en el Municipio de Azul. Se trata de trabajadores de Olavarr\u00eda, Hinojo y Azul. \u201cSon compa\u00f1eros que trabajan en el mantenimiento de la ruta todo el a\u00f1o\u201d explic\u00f3. Indic\u00f3 que los incumplimientos de la empresa incluyen \u201cno les dan ropa de trabajo\u201d, \u201cno se cumplen medidas de seguridad e higiene\u201d, \u201cno les dan barbijos\u201d, \u201cno se cumple el protocolo sanitario\u201d, entre otros aspectos.<\/p><\/blockquote>\n<p>&nbsp;<\/p>\n<p>Gim\u00e9nez dej\u00f3 en claro que<strong> ya hubo una negociaci\u00f3n con la empresa en el marco del Ministerio de Trabajo en Azul<\/strong> con la seccional del sindicato de la vecina localidad, \u201cpero hasta ahora no se cumple con las condiciones\u201d. Con ese panorama es que este mi\u00e9rcoles se inici\u00f3 la manifestaci\u00f3n en ruta 226.<\/p>\n<p>&nbsp;<\/p>\n<p><img data-recalc-dims=\"1\" loading=\"lazy\" decoding=\"async\" class=\"size-full wp-image-46632 aligncenter\" src=\"https:\/\/i0.wp.com\/cdnoticias.com\/wp-content\/uploads\/2022\/02\/protesta-uocra-peaje-02.jpg?resize=720%2C400&#038;ssl=1\" alt=\"\" width=\"720\" height=\"400\" srcset=\"https:\/\/i0.wp.com\/cdnoticias.com\/wp-content\/uploads\/2022\/02\/protesta-uocra-peaje-02.jpg?w=720&amp;ssl=1 720w, https:\/\/i0.wp.com\/cdnoticias.com\/wp-content\/uploads\/2022\/02\/protesta-uocra-peaje-02.jpg?resize=300%2C167&amp;ssl=1 300w\" sizes=\"auto, (max-width: 720px) 100vw, 720px\" \/><\/p>\n<p>&nbsp;<\/p>\n<blockquote><p>\u00bfHasta cu\u00e1ndo se va a extender? \u201cDepende de la respuesta que d\u00e9 la empresa hacia los trabajadores, el tiempo lo manejan ellos\u201d respondi\u00f3 el secretario general de la seccional Olavarr\u00eda. A\u00f1adi\u00f3 que a\u00fan no recibieron ning\u00fan llamado, pero saben que \u201calguien de la concesi\u00f3n\u201d lleg\u00f3 hasta Hinojo y esperan un contacto para dialogar.<\/p><\/blockquote>\n<p>&nbsp;<\/p>\n<p>A su vez, se aclar\u00f3 que las tareas de mantenimiento se centralizan desde Tandil con lo que <strong>Gim\u00e9nez adelant\u00f3 que \u201cvan a ir ampliando el reclamo\u201d<\/strong>.<\/p>\n<p>&nbsp;<\/p>\n<p><img data-recalc-dims=\"1\" loading=\"lazy\" decoding=\"async\" class=\"size-full wp-image-46633 aligncenter\" src=\"https:\/\/i0.wp.com\/cdnoticias.com\/wp-content\/uploads\/2022\/02\/protesta-uocra-peaje-03.jpg?resize=800%2C445&#038;ssl=1\" alt=\"\" width=\"800\" height=\"445\" srcset=\"https:\/\/i0.wp.com\/cdnoticias.com\/wp-content\/uploads\/2022\/02\/protesta-uocra-peaje-03.jpg?w=800&amp;ssl=1 800w, https:\/\/i0.wp.com\/cdnoticias.com\/wp-content\/uploads\/2022\/02\/protesta-uocra-peaje-03.jpg?resize=300%2C167&amp;ssl=1 300w, https:\/\/i0.wp.com\/cdnoticias.com\/wp-content\/uploads\/2022\/02\/protesta-uocra-peaje-03.jpg?resize=768%2C427&amp;ssl=1 768w\" sizes=\"auto, (max-width: 800px) 100vw, 800px\" \/><\/p>\n","protected":false},"excerpt":{"rendered":"<p>Es una protesta conjunta entre las seccionales Azul y Olavarr\u00eda del sindicato. \u201cEsperamos una respuesta positiva de la empresa\u201d dijeron.<\/p>\n","protected":false},"author":4,"featured_media":46630,"comment_status":"closed","ping_status":"closed","sticky":false,"template":"","format":"standard","meta":{"_jetpack_memberships_contains_paid_content":false,"footnotes":""},"categories":[5,1],"tags":[],"class_list":["post-46640","post","type-post","status-publish","format-standard","has-post-thumbnail","hentry","category-informacion-general","category-portada"],"jetpack_featured_media_url":"https:\/\/i0.wp.com\/cdnoticias.com\/wp-content\/uploads\/2022\/02\/protesta-uocra-peaje-00.jpg?fit=800%2C445&ssl=1","jetpack_sharing_enabled":true,"_links":{"self":[{"href":"https:\/\/cdnoticias.com\/index.php\/wp-json\/wp\/v2\/posts\/46640","targetHints":{"allow":["GET"]}}],"collection":[{"href":"https:\/\/cdnoticias.com\/index.php\/wp-json\/wp\/v2\/posts"}],"about":[{"href":"https:\/\/cdnoticias.com\/index.php\/wp-json\/wp\/v2\/types\/post"}],"author":[{"embeddable":true,"href":"https:\/\/cdnoticias.com\/index.php\/wp-json\/wp\/v2\/users\/4"}],"replies":[{"embeddable":true,"href":"https:\/\/cdnoticias.com\/index.php\/wp-json\/wp\/v2\/comments?post=46640"}],"version-history":[{"count":0,"href":"https:\/\/cdnoticias.com\/index.php\/wp-json\/wp\/v2\/posts\/46640\/revisions"}],"wp:featuredmedia":[{"embeddable":true,"href":"https:\/\/cdnoticias.com\/index.php\/wp-json\/wp\/v2\/media\/46630"}],"wp:attachment":[{"href":"https:\/\/cdnoticias.com\/index.php\/wp-json\/wp\/v2\/media?parent=46640"}],"wp:term":[{"taxonomy":"category","embeddable":true,"href":"https:\/\/cdnoticias.com\/index.php\/wp-json\/wp\/v2\/categories?post=46640"},{"taxonomy":"post_tag","embeddable":true,"href":"https:\/\/cdnoticias.com\/index.php\/wp-json\/wp\/v2\/tags?post=46640"}],"curies":[{"name":"wp","href":"https:\/\/api.w.org\/{rel}","templated":true}]}}