{"id":46637,"date":"2022-02-16T12:03:37","date_gmt":"2022-02-16T15:03:37","guid":{"rendered":"https:\/\/www.centraldenoticias.com.ar\/?p=46637"},"modified":"2022-02-16T12:13:27","modified_gmt":"2022-02-16T15:13:27","slug":"ultiman-detalles-para-el-inicio-de-los-corsos-oficiales-2022","status":"publish","type":"post","link":"https:\/\/cdnoticias.com\/index.php\/2022\/02\/16\/ultiman-detalles-para-el-inicio-de-los-corsos-oficiales-2022\/","title":{"rendered":"Ultiman detalles para el inicio de los Corsos Oficiales 2022"},"content":{"rendered":"<p>Comenzar\u00e1n este viernes en el Cors\u00f3dromo Municipal \u201cGabriel Antonio\u201d. Se presentar\u00e1n 12 agrupaciones, integrantes de programas municipales, y la participaci\u00f3n de m\u00e1s de 50 instituciones locales. <!--more--><\/p>\n<hr \/>\n<p>Quedan pocos d\u00edas para la realizaci\u00f3n de los <strong>Corsos Oficiales 2022, que se desarrollar\u00e1n en el Cors\u00f3dromo Municipal \u201cGabriel Antonio\u201d los d\u00edas 18, 19 y 20 de febrero, desde las 21:00 horas.<\/strong><\/p>\n<p>&nbsp;<\/p>\n<p>La propuesta art\u00edstica estar\u00e1 a cargo de las <strong>doce agrupaciones que, durante estas tres noches, brindar\u00e1n su alegr\u00eda, color y m\u00fasica.<\/strong> En esta ocasi\u00f3n, participan: Daii Yar\u00e1, Gres Salguero, Insaciables, Amizade Samba, Arrebatando L\u00e1grimas, Comodines de Febrero, Bah\u00eda Ba, Derramando Alegr\u00eda, Los Leones, El color de tu coraz\u00f3n, Sambos Caporales, Laten Las Lonjas y Vip Samba.<\/p>\n<p>&nbsp;<\/p>\n<p>Tambi\u00e9n se sumar\u00e1n al desfile del viernes los<strong> Centros de D\u00eda Municipales, el Programa Callejeada, Verano Dorano, quienes tambi\u00e9n estar\u00e1n el domingo, y las colonias de verano del Club El Fort\u00edn y del Sindicato de Empleados Municipales \u201cVerano Feliz\u201d.<\/strong><\/p>\n<p>&nbsp;<\/p>\n<p>Asimismo, <strong>m\u00e1s de 50 instituciones locales tendr\u00e1n a su cargo la venta de espuma, comida y el alquiler de las sillas<\/strong>, lo cual les permitir\u00e1 obtener una ayuda econ\u00f3mica para llevar adelante las actividades de todo el a\u00f1o.<\/p>\n<p>&nbsp;<\/p>\n<p>Como todos los a\u00f1os, y<strong> con el objetivo de mantener la limpieza del predio entre todos, habr\u00e1 sorteos y premios para aquellos que devuelvan los tarros de espuma en los puestos y reciban un bono a cambio.<\/strong><\/p>\n<p>&nbsp;<\/p>\n<p>Finalmente, el d\u00eda domingo y luego de la quema del Momo,<strong> se realizar\u00e1 un cierre musical que estar\u00e1 a cargo de la banda local \u201cLos Profes Rockers\u201d.<\/strong><\/p>\n<p>&nbsp;<\/p>\n<p>Ser\u00e1n tres jornadas para disfrutar en familia de esta tradicional fiesta de Olavarr\u00eda.<\/p>\n<p>&nbsp;<\/p>\n<p><span style=\"text-decoration: underline;\"><strong>Cortes de calle<\/strong><\/span><\/p>\n<p>&nbsp;<\/p>\n<p>Desde la Subsecretar\u00eda de Seguridad y la Direcci\u00f3n de Control Urbano dieron a conocer los cortes de calles programados durante los tres d\u00edas de Corsos Oficiales.<\/p>\n<p>&nbsp;<\/p>\n<p>Los mismos ser\u00e1n los d\u00edas 18, 19 y 20 a partir de las 18 horas:<\/p>\n<p>&nbsp;<\/p>\n<ul>\n<li>Jun\u00edn y Necochea<\/li>\n<li>Jun\u00edn y San Mart\u00edn<\/li>\n<li>Guisasola y San Mart\u00edn<\/li>\n<li>Belgrano y Pourtal\u00e9<\/li>\n<li>Dorrego y Pourtal\u00e9<\/li>\n<li>Necochea y Pourtal\u00e9<\/li>\n<li>Sgto Cabral y Pourtal\u00e9<\/li>\n<li>\u00c1lvaro Barros y Pourtal\u00e9<\/li>\n<li>Col\u00f3n y Guisasola<\/li>\n<\/ul>\n<p>&nbsp;<\/p>\n<p><span style=\"text-decoration: underline;\"><strong>Instituciones con venta de comida<\/strong><\/span><\/p>\n<p>&nbsp;<\/p>\n<ul>\n<li>Hogar de Ni\u00f1as San Jos\u00e9<\/li>\n<li>El Fort\u00edn Tradicionalista<\/li>\n<li>Club El Fort\u00edn<\/li>\n<li>Club \u00c1lvaro Barros<\/li>\n<li>CEF N\u00ba 401<\/li>\n<li>Agrupaci\u00f3n Fiat 600<\/li>\n<li>Capilla Ntra. Sra. de Guadalupe<\/li>\n<li>Los Robles<\/li>\n<li>Juntemos Las Manos<\/li>\n<li>Gres Salgueros<\/li>\n<li>Nuevos Lagos y Caminos Olavarr\u00eda<\/li>\n<li>Club Hurac\u00e1n Blanca grande<\/li>\n<li>Club El Provincial<\/li>\n<li>Club Racing<\/li>\n<li>Gauchos Peregrinos San Cayetano<\/li>\n<li>Pe\u00f1a San Lorenzo<\/li>\n<li>Club Embajadores<\/li>\n<li>Centro deportivo Pueyrred\u00f3n<\/li>\n<li>Club Estudiantes<\/li>\n<li>Pe\u00f1i Mapu<\/li>\n<li>Club Alberdi<\/li>\n<li>Bahia Ba<\/li>\n<\/ul>\n<p>&nbsp;<\/p>\n<p><span style=\"text-decoration: underline;\"><strong>Instituciones con venta de espuma<\/strong><\/span><\/p>\n<p>&nbsp;<\/p>\n<ul>\n<li>Comedor Manitos Sucias<\/li>\n<li>Pe\u00f1a Boca Junior<\/li>\n<li>Escuela N\u00ba 8<\/li>\n<li>EES N\u00ba 20<\/li>\n<li>El Fort\u00edn Tradicionalista<\/li>\n<li>La Casa de Miryan<\/li>\n<li>Rotary San Vicente<\/li>\n<li>Club El Fortin<\/li>\n<li>Gres Salgueros<\/li>\n<li>Jard\u00edn N\u00ba 928<\/li>\n<li>CORIM<\/li>\n<li>Nuevos Lagos y Caminos de Olavarr\u00eda<\/li>\n<li>Club Estudiantes<\/li>\n<li>Laten Las Lonjas<\/li>\n<li>Club El Provincial<\/li>\n<li>Sociedad de Fomento \u201cMaestros Argentinos\u201d<\/li>\n<li>Batucada El Color de tu Coraz\u00f3n<\/li>\n<li>Club \u00c1lvaro Barros<\/li>\n<li>Sociedad Fomento Mariano Moreno<\/li>\n<li>Club Pueblo Nuevo<\/li>\n<li>Sociedad de Fomento \u201c25 de Noviembre\u201d<\/li>\n<\/ul>\n<p>&nbsp;<\/p>\n<p><span style=\"text-decoration: underline;\"><strong>Alquiler de sillas<\/strong><\/span><\/p>\n<p>&nbsp;<\/p>\n<ul>\n<li>El Color de tu coraz\u00f3n<\/li>\n<li>Club Boca Junior<\/li>\n<li>Club Estudiantes<\/li>\n<li>Sociedad de Fomento Mariano Moreno<\/li>\n<li>El Provincial<\/li>\n<li>Manitos Sucias<\/li>\n<li>Capilla Santa Isabel<\/li>\n<li>Talleres Protegidos<\/li>\n<li>Club El Fort\u00edn<\/li>\n<li>Sociedad de Fomento \u201c12 de Octubre\u201d<\/li>\n<li>Sociedad de Fomento \u201cMaestros Argentinos\u201d<\/li>\n<\/ul>\n","protected":false},"excerpt":{"rendered":"<p>Comenzar\u00e1n este viernes en el Cors\u00f3dromo Municipal \u201cGabriel Antonio\u201d. Se presentar\u00e1n 12 agrupaciones, integrantes de programas municipales, y la participaci\u00f3n<\/p>\n","protected":false},"author":2,"featured_media":46638,"comment_status":"closed","ping_status":"closed","sticky":false,"template":"","format":"standard","meta":{"_jetpack_memberships_contains_paid_content":false,"footnotes":""},"categories":[5,1],"tags":[],"class_list":["post-46637","post","type-post","status-publish","format-standard","has-post-thumbnail","hentry","category-informacion-general","category-portada"],"jetpack_featured_media_url":"https:\/\/i0.wp.com\/cdnoticias.com\/wp-content\/uploads\/2022\/02\/Galeria-Corsos-Noche-II-31-1024x683-1.jpg?fit=1024%2C683&ssl=1","jetpack_sharing_enabled":true,"_links":{"self":[{"href":"https:\/\/cdnoticias.com\/index.php\/wp-json\/wp\/v2\/posts\/46637","targetHints":{"allow":["GET"]}}],"collection":[{"href":"https:\/\/cdnoticias.com\/index.php\/wp-json\/wp\/v2\/posts"}],"about":[{"href":"https:\/\/cdnoticias.com\/index.php\/wp-json\/wp\/v2\/types\/post"}],"author":[{"embeddable":true,"href":"https:\/\/cdnoticias.com\/index.php\/wp-json\/wp\/v2\/users\/2"}],"replies":[{"embeddable":true,"href":"https:\/\/cdnoticias.com\/index.php\/wp-json\/wp\/v2\/comments?post=46637"}],"version-history":[{"count":0,"href":"https:\/\/cdnoticias.com\/index.php\/wp-json\/wp\/v2\/posts\/46637\/revisions"}],"wp:featuredmedia":[{"embeddable":true,"href":"https:\/\/cdnoticias.com\/index.php\/wp-json\/wp\/v2\/media\/46638"}],"wp:attachment":[{"href":"https:\/\/cdnoticias.com\/index.php\/wp-json\/wp\/v2\/media?parent=46637"}],"wp:term":[{"taxonomy":"category","embeddable":true,"href":"https:\/\/cdnoticias.com\/index.php\/wp-json\/wp\/v2\/categories?post=46637"},{"taxonomy":"post_tag","embeddable":true,"href":"https:\/\/cdnoticias.com\/index.php\/wp-json\/wp\/v2\/tags?post=46637"}],"curies":[{"name":"wp","href":"https:\/\/api.w.org\/{rel}","templated":true}]}}