{"id":46622,"date":"2022-02-16T11:08:34","date_gmt":"2022-02-16T14:08:34","guid":{"rendered":"https:\/\/www.centraldenoticias.com.ar\/?p=46622"},"modified":"2022-02-16T11:08:34","modified_gmt":"2022-02-16T14:08:34","slug":"corte-de-calles-en-microcentro-por-tareas-de-conservacion","status":"publish","type":"post","link":"https:\/\/cdnoticias.com\/index.php\/2022\/02\/16\/corte-de-calles-en-microcentro-por-tareas-de-conservacion\/","title":{"rendered":"Corte de calles en microcentro por \u201ctareas de conservaci\u00f3n\u201d"},"content":{"rendered":"<p>El tr\u00e1nsito est\u00e1 interrumpido en el sector de V\u00e9lez Sarsfield y Espa\u00f1a este mi\u00e9rcoles. <!--more--><\/p>\n<hr \/>\n<p>En la ma\u00f1ana de este mi\u00e9rcoles, <strong>personal municipal trabaj\u00f3 en \u201ctareas de conservaci\u00f3n\u201d de calles en microcentro, con cortes de calles hasta tanto terminar dichas tareas.<\/strong><\/p>\n<p>&nbsp;<\/p>\n<blockquote><p>Dicho corte se realiz\u00f3 en la esquina de las calles Bol\u00edvar y V\u00e9lez Sarsfield.<\/p><\/blockquote>\n<p>&nbsp;<\/p>\n<p>Se pidi\u00f3 a los conductores<strong> respetar las se\u00f1ales de tr\u00e1nsito y mantener cuidados a la hora de circular por la zona.<\/strong><\/p>\n","protected":false},"excerpt":{"rendered":"<p>El tr\u00e1nsito est\u00e1 interrumpido en el sector de V\u00e9lez Sarsfield y Espa\u00f1a este mi\u00e9rcoles.<\/p>\n","protected":false},"author":2,"featured_media":46623,"comment_status":"closed","ping_status":"closed","sticky":false,"template":"","format":"standard","meta":{"_jetpack_memberships_contains_paid_content":false,"footnotes":""},"categories":[5,1],"tags":[],"class_list":["post-46622","post","type-post","status-publish","format-standard","has-post-thumbnail","hentry","category-informacion-general","category-portada"],"jetpack_featured_media_url":"https:\/\/i0.wp.com\/cdnoticias.com\/wp-content\/uploads\/2022\/02\/FLtzBcyWUAIDtjO.jpg?fit=1600%2C890&ssl=1","jetpack_sharing_enabled":true,"_links":{"self":[{"href":"https:\/\/cdnoticias.com\/index.php\/wp-json\/wp\/v2\/posts\/46622","targetHints":{"allow":["GET"]}}],"collection":[{"href":"https:\/\/cdnoticias.com\/index.php\/wp-json\/wp\/v2\/posts"}],"about":[{"href":"https:\/\/cdnoticias.com\/index.php\/wp-json\/wp\/v2\/types\/post"}],"author":[{"embeddable":true,"href":"https:\/\/cdnoticias.com\/index.php\/wp-json\/wp\/v2\/users\/2"}],"replies":[{"embeddable":true,"href":"https:\/\/cdnoticias.com\/index.php\/wp-json\/wp\/v2\/comments?post=46622"}],"version-history":[{"count":0,"href":"https:\/\/cdnoticias.com\/index.php\/wp-json\/wp\/v2\/posts\/46622\/revisions"}],"wp:featuredmedia":[{"embeddable":true,"href":"https:\/\/cdnoticias.com\/index.php\/wp-json\/wp\/v2\/media\/46623"}],"wp:attachment":[{"href":"https:\/\/cdnoticias.com\/index.php\/wp-json\/wp\/v2\/media?parent=46622"}],"wp:term":[{"taxonomy":"category","embeddable":true,"href":"https:\/\/cdnoticias.com\/index.php\/wp-json\/wp\/v2\/categories?post=46622"},{"taxonomy":"post_tag","embeddable":true,"href":"https:\/\/cdnoticias.com\/index.php\/wp-json\/wp\/v2\/tags?post=46622"}],"curies":[{"name":"wp","href":"https:\/\/api.w.org\/{rel}","templated":true}]}}