{"id":46616,"date":"2022-02-16T09:27:24","date_gmt":"2022-02-16T12:27:24","guid":{"rendered":"https:\/\/www.centraldenoticias.com.ar\/?p=46616"},"modified":"2022-02-16T12:12:38","modified_gmt":"2022-02-16T15:12:38","slug":"covid-la-vacunacion-con-refuerzos-es-libre-para-mayores-de-30-anos","status":"publish","type":"post","link":"https:\/\/cdnoticias.com\/index.php\/2022\/02\/16\/covid-la-vacunacion-con-refuerzos-es-libre-para-mayores-de-30-anos\/","title":{"rendered":"Covid: la vacunaci\u00f3n con refuerzos es libre para mayores de 30 a\u00f1os"},"content":{"rendered":"<p>Lo anunci\u00f3 el gobernador Axel Kicillof en Tandil. Tambi\u00e9n adelant\u00f3 la realizaci\u00f3n de la segunda edici\u00f3n de la Noche de las Vacunas para el pr\u00f3ximo 25 de febrero.<!--more--><\/p>\n<hr \/>\n<p><strong>\u201cEl programa de vacunaci\u00f3n libre, universal, gratuita y federal se extiende a partir de ma\u00f1ana, en dosis de refuerzo, para los y las mayores de 30 a\u00f1os en toda la Provincia<\/strong>, siempre que hayan completado sus esquemas hace al menos cuatro meses\u201d, anunci\u00f3 en la tarde del martes <strong>el gobernador de la provincia de Buenos Aires, Axel Kicillof<\/strong>.<\/p>\n<p>&nbsp;<\/p>\n<p>Encabez\u00f3 la <strong>conferencia \u201cVerano en la Provincia\u201d en la ciudad de Tandil<\/strong>. Estuvo acompa\u00f1ado por <em>los ministros de Salud, Nicol\u00e1s Kreplak; de Producci\u00f3n, Ciencia e Innovaci\u00f3n Tecnol\u00f3gica, Augusto Costa; Desarrollo Agrario, Javier Rodr\u00edguez; y el intendente local, Miguel \u00c1ngel Lunghi<\/em>.<\/p>\n<p>&nbsp;<\/p>\n<p><img data-recalc-dims=\"1\" loading=\"lazy\" decoding=\"async\" class=\"size-full wp-image-46618 aligncenter\" src=\"https:\/\/i0.wp.com\/cdnoticias.com\/wp-content\/uploads\/2022\/02\/kicillof-en-tandil-01.jpg?resize=800%2C445&#038;ssl=1\" alt=\"\" width=\"800\" height=\"445\" srcset=\"https:\/\/i0.wp.com\/cdnoticias.com\/wp-content\/uploads\/2022\/02\/kicillof-en-tandil-01.jpg?w=800&amp;ssl=1 800w, https:\/\/i0.wp.com\/cdnoticias.com\/wp-content\/uploads\/2022\/02\/kicillof-en-tandil-01.jpg?resize=300%2C167&amp;ssl=1 300w, https:\/\/i0.wp.com\/cdnoticias.com\/wp-content\/uploads\/2022\/02\/kicillof-en-tandil-01.jpg?resize=768%2C427&amp;ssl=1 768w\" sizes=\"auto, (max-width: 800px) 100vw, 800px\" \/><\/p>\n<p>&nbsp;<\/p>\n<p><strong>\u201cEstamos frente a una temporada espl\u00e9ndida, que es r\u00e9cord en los \u00faltimos diez a\u00f1os en todos los municipios<\/strong>, y que es producto del enorme esfuerzo, dedicaci\u00f3n y compromiso que tuvo el pueblo de la provincia de Buenos Aires cuando decidi\u00f3 vacunarse\u201d, asegur\u00f3 Kicillof, al tiempo que destac\u00f3 que \u201cel inmenso movimiento en los centros tur\u00edsticos bonaerenses compensa los tiempos que tuvieron que afrontar sectores como la hoteler\u00eda, la gastronom\u00eda y el entretenimiento que fueron fuertemente golpeados por la pandemia, y que han podido sobrevivir gracias a las pol\u00edticas p\u00fablicas que les brindaron asistencia y acompa\u00f1amiento\u201d.<\/p>\n<p>&nbsp;<\/p>\n<p>En este marco, el Gobernador anunci\u00f3 adem\u00e1s la realizaci\u00f3n de una nueva edici\u00f3n de <strong>\u201cLa Noche de las Vacunas\u201d que se llevar\u00e1 a cabo el viernes 25 de febrero<\/strong>, con motivo del inicio de los carnavales. Se trata de una jornada especial durante la cual <strong>funcionar\u00e1n m\u00e1s de 100 postas de vacunaci\u00f3n fijas e itinerantes entre las 20 y las 00 horas, en todo el territorio provincial<\/strong>. La actividad se desplegar\u00e1 en conjunto con el Instituto Cultural de la Provincia de Buenos Aires y, durante el operativo sanitario, se ofrecer\u00e1n shows, bandas en vivo y n\u00fameros art\u00edsticos.<\/p>\n<p>&nbsp;<\/p>\n<p><img data-recalc-dims=\"1\" loading=\"lazy\" decoding=\"async\" class=\"size-full wp-image-46617 aligncenter\" src=\"https:\/\/i0.wp.com\/cdnoticias.com\/wp-content\/uploads\/2022\/02\/kicillof-en-tandil-00.jpg?resize=800%2C445&#038;ssl=1\" alt=\"\" width=\"800\" height=\"445\" srcset=\"https:\/\/i0.wp.com\/cdnoticias.com\/wp-content\/uploads\/2022\/02\/kicillof-en-tandil-00.jpg?w=800&amp;ssl=1 800w, https:\/\/i0.wp.com\/cdnoticias.com\/wp-content\/uploads\/2022\/02\/kicillof-en-tandil-00.jpg?resize=300%2C167&amp;ssl=1 300w, https:\/\/i0.wp.com\/cdnoticias.com\/wp-content\/uploads\/2022\/02\/kicillof-en-tandil-00.jpg?resize=768%2C427&amp;ssl=1 768w\" sizes=\"auto, (max-width: 800px) 100vw, 800px\" \/><\/p>\n<p>&nbsp;<\/p>\n<p>Durante <a href=\"https:\/\/cdnoticias.com\/index.php\/2022\/02\/05\/importante-convocatoria-en-la-la-noche-de-las-vacunas\/\" target=\"_blank\" rel=\"noopener\">la primera edici\u00f3n de \u201cLa Noche de las Vacunas\u201d<\/a> se aplicaron 26.702 dosis en solo cuatro horas.<\/p>\n<p>&nbsp;<\/p>\n<blockquote><p>En este sentido, Kicillof destac\u00f3 que \u201cla primera edici\u00f3n de la Noche de las Vacunas fue un r\u00e9cord absoluto\u201d, y agreg\u00f3: \u201cTenemos que seguir vacunando a la mayor cantidad de personas, porque fue la vacuna la que nos permiti\u00f3 tener esta temporada incre\u00edble y va a ser la que nos va a permitir volver a clases de forma segura\u201d.<\/p><\/blockquote>\n<p>&nbsp;<\/p>\n<p>Durante la conferencia,<strong> el ministro de Salud Nicol\u00e1s Kreplak<\/strong> brind\u00f3 detalles acerca de las medidas que se implementar\u00e1n de cara al <strong>inicio del ciclo lectivo<\/strong>: \u201cEstamos trabajando con todos los distritos, y con cada una de las escuelas y sindicatos para tener un protocolo de vuelta a clases seguras\u201d, se\u00f1al\u00f3.<\/p>\n<p>&nbsp;<\/p>\n<blockquote><p>\u201cSe eliminar\u00e1n las burbujas pero seguiremos con la estrategia de la ventilaci\u00f3n cruzada y el uso de barbijo obligatorio desde la primaria para que la presencialidad contin\u00fae en un 100%\u201d, indic\u00f3 Kreplak al tiempo que destac\u00f3 que \u201cse realizar\u00e1 el monitoreo de los niveles de di\u00f3xido de carbono en las aulas\u201d, y resalt\u00f3 la importancia de completar los esquemas de vacunaci\u00f3n, tanto contra el COVID como de las vacunas que forman parte del calendario nacional.<\/p><\/blockquote>\n<p>&nbsp;<\/p>\n<p>Por su parte, <strong>Costa se refiri\u00f3 al \u00e9xito de la temporada tur\u00edstica en la Provincia<\/strong> y destac\u00f3: \u201cEstamos iniciando el tramo final de la temporada, consolidando los n\u00fameros que ten\u00edamos hasta el momento y ratificando que es la de mejor registro en los \u00faltimos 10 a\u00f1os\u201d, y subray\u00f3: \u201cEn la primera quincena de febrero eligieron la provincia 1.600.000 turistas y acumulados desde el inicio de la temporada ya tenemos 7.600.000 que nos visitaron, lo que implica <strong>un 17% m\u00e1s que el promedio de los \u00faltimos cinco a\u00f1os<\/strong>\u201d.<\/p>\n<p>&nbsp;<\/p>\n<p>Asimismo, el Ministro sostuvo que <strong>\u201cnos proponemos que esta temporada se extienda a todos los destinos y durante todo el a\u00f1o\u201d<\/strong>. En este sentido, se refiri\u00f3 al Programa de viajes de egresados para estudiantes secundarios: \u201cYa tenemos m\u00e1s de 36.000 estudiantes inscriptos que van a viajar durante marzo, abril y mayo por diferentes destinos bonaerenses\u201d. \u201cEsta es una experiencia \u00fanica en la vida y la Provincia la est\u00e1 garantizando\u201d, sostuvo.<\/p>\n<p>&nbsp;<\/p>\n<p><img data-recalc-dims=\"1\" loading=\"lazy\" decoding=\"async\" class=\"size-full wp-image-46619 aligncenter\" src=\"https:\/\/i0.wp.com\/cdnoticias.com\/wp-content\/uploads\/2022\/02\/kicillof-en-tandil-02.jpg?resize=800%2C445&#038;ssl=1\" alt=\"\" width=\"800\" height=\"445\" srcset=\"https:\/\/i0.wp.com\/cdnoticias.com\/wp-content\/uploads\/2022\/02\/kicillof-en-tandil-02.jpg?w=800&amp;ssl=1 800w, https:\/\/i0.wp.com\/cdnoticias.com\/wp-content\/uploads\/2022\/02\/kicillof-en-tandil-02.jpg?resize=300%2C167&amp;ssl=1 300w, https:\/\/i0.wp.com\/cdnoticias.com\/wp-content\/uploads\/2022\/02\/kicillof-en-tandil-02.jpg?resize=768%2C427&amp;ssl=1 768w\" sizes=\"auto, (max-width: 800px) 100vw, 800px\" \/><\/p>\n<p>&nbsp;<\/p>\n<p>A su turno, el ministro de Desarrollo Agrario, Javier Rodr\u00edguez, anunci\u00f3 la <strong>apertura de la segunda convocatoria al programa de desarrollo rural bonaerense<\/strong>, que financia el asesoramiento t\u00e9cnico de proyectos de grupos de productores que quieran incorporar nuevas tecnolog\u00edas a su actividad, agregar valor a sus producciones o iniciar la transici\u00f3n hacia formas de producci\u00f3n m\u00e1s sustentables.<\/p>\n<p>&nbsp;<\/p>\n<blockquote><p>&#8220;Desde la Provincia queremos acompa\u00f1ar a todas las producciones agropecuarias y agroalimentarias bonaerenses para que puedan avanzar en el agregado de valor local y la industrializaci\u00f3n de la producci\u00f3n primaria, y as\u00ed generar m\u00e1s empleo y un desarrollo equitativo en los 135 distritos\u201d. \u201cQueremos que cada bonaerense tenga las mismas oportunidades para poder desarrollarse en el lugar en donde naci\u00f3&#8221;, se\u00f1al\u00f3 Rodr\u00edguez.<\/p><\/blockquote>\n<p>&nbsp;<\/p>\n<p>Antes de la conferencia, el Gobernador hizo <strong>entrega al intendente municipal de cuatro m\u00f3viles 4&#215;4 destinados al patrullaje rural de la zona<\/strong>, y anunci\u00f3 que \u201cya est\u00e1n prontos a egresar los primeros mil agentes de la Polic\u00eda Rural bonaerense\u201d.<\/p>\n<p>&nbsp;<\/p>\n<p>Al respecto, <strong>Lunghi<\/strong> explic\u00f3 que \u201cTandil tiene una sociedad comprometida con el trabajo, emprendedora y con una econom\u00eda diversificada\u201d, y afirm\u00f3: \u201cNuestro distrito logr\u00f3 seguir creciendo porque hemos trabajado siempre en una gesti\u00f3n asociada con el sector privado y el Estado, con colaboraci\u00f3n del Gobierno Nacional y provincial, y un v\u00ednculo basado en la democracia y el respeto\u201d.<\/p>\n","protected":false},"excerpt":{"rendered":"<p>Lo anunci\u00f3 el gobernador Axel Kicillof en Tandil. Tambi\u00e9n adelant\u00f3 la realizaci\u00f3n de la segunda edici\u00f3n de la Noche de<\/p>\n","protected":false},"author":4,"featured_media":46620,"comment_status":"closed","ping_status":"closed","sticky":false,"template":"","format":"standard","meta":{"_jetpack_memberships_contains_paid_content":false,"footnotes":""},"categories":[6],"tags":[],"class_list":["post-46616","post","type-post","status-publish","format-standard","has-post-thumbnail","hentry","category-nacionales"],"jetpack_featured_media_url":"https:\/\/i0.wp.com\/cdnoticias.com\/wp-content\/uploads\/2022\/02\/kicillof-en-tandil-03.jpg?fit=800%2C445&ssl=1","jetpack_sharing_enabled":true,"_links":{"self":[{"href":"https:\/\/cdnoticias.com\/index.php\/wp-json\/wp\/v2\/posts\/46616","targetHints":{"allow":["GET"]}}],"collection":[{"href":"https:\/\/cdnoticias.com\/index.php\/wp-json\/wp\/v2\/posts"}],"about":[{"href":"https:\/\/cdnoticias.com\/index.php\/wp-json\/wp\/v2\/types\/post"}],"author":[{"embeddable":true,"href":"https:\/\/cdnoticias.com\/index.php\/wp-json\/wp\/v2\/users\/4"}],"replies":[{"embeddable":true,"href":"https:\/\/cdnoticias.com\/index.php\/wp-json\/wp\/v2\/comments?post=46616"}],"version-history":[{"count":0,"href":"https:\/\/cdnoticias.com\/index.php\/wp-json\/wp\/v2\/posts\/46616\/revisions"}],"wp:featuredmedia":[{"embeddable":true,"href":"https:\/\/cdnoticias.com\/index.php\/wp-json\/wp\/v2\/media\/46620"}],"wp:attachment":[{"href":"https:\/\/cdnoticias.com\/index.php\/wp-json\/wp\/v2\/media?parent=46616"}],"wp:term":[{"taxonomy":"category","embeddable":true,"href":"https:\/\/cdnoticias.com\/index.php\/wp-json\/wp\/v2\/categories?post=46616"},{"taxonomy":"post_tag","embeddable":true,"href":"https:\/\/cdnoticias.com\/index.php\/wp-json\/wp\/v2\/tags?post=46616"}],"curies":[{"name":"wp","href":"https:\/\/api.w.org\/{rel}","templated":true}]}}