{"id":46596,"date":"2022-02-16T08:15:39","date_gmt":"2022-02-16T11:15:39","guid":{"rendered":"https:\/\/www.centraldenoticias.com.ar\/?p=46596"},"modified":"2022-02-16T12:03:47","modified_gmt":"2022-02-16T15:03:47","slug":"ya-son-14-las-denuncias-por-presuntas-estafas-en-la-venta-terrenos","status":"publish","type":"post","link":"https:\/\/cdnoticias.com\/index.php\/2022\/02\/16\/ya-son-14-las-denuncias-por-presuntas-estafas-en-la-venta-terrenos\/","title":{"rendered":"Ya son 14 las denuncias por presuntas estafas en la venta terrenos"},"content":{"rendered":"<p>En lo que va de la semana se sumaron 4 denuncias a la investigaci\u00f3n que lidera la fiscal Mar\u00eda Paula Serrano.<!--more--><\/p>\n<hr \/>\n<p>A la par de la pol\u00e9mica que crece y crece en las redes sociales, en el recinto de justicia local no se detienen las tareas en el marco de la investigaci\u00f3n que pretende<strong> dilucidar las condiciones y, m\u00e1s a\u00fan, los actores implicados en la venta ilegal de terrenos en el partido de Olavarr\u00eda.<\/strong><\/p>\n<p>&nbsp;<\/p>\n<p><em><strong>Central de Noticias<\/strong><\/em> dialog\u00f3 con fuentes ligadas a la investigaci\u00f3n quienes confiaron que<strong> ya son 14 las denuncias que integran la causa unificada que lidera la fiscal Mar\u00eda Paula Serrano<\/strong>, quien por orden del Fiscal General Marcelo Sobrino se encuentra abocada de manera exclusiva a esa instrucci\u00f3n.<\/p>\n<p>&nbsp;<\/p>\n<p>Vale recordar que a fines de la semana pasada, precisamente en el momento en el que <a href=\"https:\/\/cdnoticias.com\/index.php\/2022\/02\/12\/venta-de-terrenos-la-investigacion-quedo-radicada-en-la-fiscalia-4\/\" target=\"_blank\" rel=\"noopener\">se determin\u00f3 que la UFI N\u00b0 4 lidere la instrucci\u00f3n<\/a>, eran s\u00f3lo 10 las denuncias radicadas, por lo que<strong> ya son 4 las radicadas en lo que va de la presente semana.<\/strong><\/p>\n<p>&nbsp;<\/p>\n<p><img data-recalc-dims=\"1\" loading=\"lazy\" decoding=\"async\" class=\"alignnone size-full wp-image-42281\" src=\"https:\/\/i0.wp.com\/cdnoticias.com\/wp-content\/uploads\/2021\/12\/fiscalia.jpg?resize=800%2C445&#038;ssl=1\" alt=\"\" width=\"800\" height=\"445\" srcset=\"https:\/\/i0.wp.com\/cdnoticias.com\/wp-content\/uploads\/2021\/12\/fiscalia.jpg?w=800&amp;ssl=1 800w, https:\/\/i0.wp.com\/cdnoticias.com\/wp-content\/uploads\/2021\/12\/fiscalia.jpg?resize=300%2C167&amp;ssl=1 300w, https:\/\/i0.wp.com\/cdnoticias.com\/wp-content\/uploads\/2021\/12\/fiscalia.jpg?resize=768%2C427&amp;ssl=1 768w\" sizes=\"auto, (max-width: 800px) 100vw, 800px\" \/><\/p>\n<p>&nbsp;<\/p>\n<p>A la par, sigue la recolecci\u00f3n de elementos de prueba, con especial \u00e9nfasis en declaraciones testimoniales. Asimismo, <a href=\"https:\/\/cdnoticias.com\/index.php\/2022\/02\/14\/audios-viralizados-ya-forman-parte-de-la-causa-por-la-venta-de-ilegal-de-terrenos\/\" target=\"_blank\" rel=\"noopener\">tal como se agreg\u00f3 a este portal<\/a>, cada uno de<strong> los audios que van ganando estado p\u00fablico en las \u00faltimas horas ya est\u00e1n en manos de la justicia. Inclusive, trascendi\u00f3 que tendr\u00edan a\u00fan m\u00e1s audios<\/strong>, producto de los elementos que van acercando cada uno de los denunciantes y testigos citados a la sede judicial local.<\/p>\n<p>&nbsp;<\/p>\n<p>En ese sentido, se agreg\u00f3 que toda vecina o vecino que haya sido damnificado o est\u00e9 en conocimiento de datos de relevancia <strong>puede acercarse al edificio ubicado sobre Rufino Fal entre Espa\u00f1a y Lamadrid, en el barrio Mariano Moreno.<\/strong><\/p>\n<p>&nbsp;<\/p>\n<p>Por \u00faltimo, vale dar cuenta que <strong>al momento la causa no tiene personas formalmente acusadas<\/strong>. Por estas horas los esfuerzos est\u00e1n abocados en poder cosechar la mayor informaci\u00f3n y evidencia posible para determinar conductas y responsabilidades y, a partir de all\u00ed, reci\u00e9n poder avanzar en las posibles imputaciones.<\/p>\n","protected":false},"excerpt":{"rendered":"<p>En lo que va de la semana se sumaron 4 denuncias a la investigaci\u00f3n que lidera la fiscal Mar\u00eda Paula<\/p>\n","protected":false},"author":3,"featured_media":42280,"comment_status":"closed","ping_status":"closed","sticky":false,"template":"","format":"standard","meta":{"_jetpack_memberships_contains_paid_content":false,"footnotes":""},"categories":[14,1],"tags":[],"class_list":["post-46596","post","type-post","status-publish","format-standard","has-post-thumbnail","hentry","category-policiales","category-portada"],"jetpack_featured_media_url":"https:\/\/i0.wp.com\/cdnoticias.com\/wp-content\/uploads\/2021\/12\/fiscalia01.jpg?fit=800%2C445&ssl=1","jetpack_sharing_enabled":true,"_links":{"self":[{"href":"https:\/\/cdnoticias.com\/index.php\/wp-json\/wp\/v2\/posts\/46596","targetHints":{"allow":["GET"]}}],"collection":[{"href":"https:\/\/cdnoticias.com\/index.php\/wp-json\/wp\/v2\/posts"}],"about":[{"href":"https:\/\/cdnoticias.com\/index.php\/wp-json\/wp\/v2\/types\/post"}],"author":[{"embeddable":true,"href":"https:\/\/cdnoticias.com\/index.php\/wp-json\/wp\/v2\/users\/3"}],"replies":[{"embeddable":true,"href":"https:\/\/cdnoticias.com\/index.php\/wp-json\/wp\/v2\/comments?post=46596"}],"version-history":[{"count":0,"href":"https:\/\/cdnoticias.com\/index.php\/wp-json\/wp\/v2\/posts\/46596\/revisions"}],"wp:featuredmedia":[{"embeddable":true,"href":"https:\/\/cdnoticias.com\/index.php\/wp-json\/wp\/v2\/media\/42280"}],"wp:attachment":[{"href":"https:\/\/cdnoticias.com\/index.php\/wp-json\/wp\/v2\/media?parent=46596"}],"wp:term":[{"taxonomy":"category","embeddable":true,"href":"https:\/\/cdnoticias.com\/index.php\/wp-json\/wp\/v2\/categories?post=46596"},{"taxonomy":"post_tag","embeddable":true,"href":"https:\/\/cdnoticias.com\/index.php\/wp-json\/wp\/v2\/tags?post=46596"}],"curies":[{"name":"wp","href":"https:\/\/api.w.org\/{rel}","templated":true}]}}