{"id":4659,"date":"2020-10-22T18:11:15","date_gmt":"2020-10-22T21:11:15","guid":{"rendered":"http:\/\/www.centraldenoticias.com.ar\/?p=4659"},"modified":"2020-10-22T18:11:15","modified_gmt":"2020-10-22T21:11:15","slug":"el-gobierno-confirmo-que-pagara-el-atp-para-los-sueldos-de-octubre","status":"publish","type":"post","link":"https:\/\/cdnoticias.com\/index.php\/2020\/10\/22\/el-gobierno-confirmo-que-pagara-el-atp-para-los-sueldos-de-octubre\/","title":{"rendered":"El Gobierno confirm\u00f3 que pagar\u00e1 el ATP para los sueldos de octubre"},"content":{"rendered":"<p>La medida beneficia a empresas con el pago de la mitad del sueldo de sus empleados, la eximici\u00f3n de aportes patronales y cr\u00e9ditos a tasa blanda.<\/p>\n<p><!--more--><\/p>\n<hr \/>\n<p>El Gobierno nacional decidi\u00f3 que <strong>en noviembre tambi\u00e9n pagar\u00e1 la mitad de los sueldos de empleados de empresas afectadas por la crisis del coronavirus.<\/strong><\/p>\n<p>&nbsp;<\/p>\n<p>Se trata del programa \u201cAsistencia al Trabajo y la Producci\u00f3n\u201d (ATP), que consiste en el pago de haberes, la eximici\u00f3n de contribuciones patronales y la entrega de cr\u00e9ditos a tasas subsidiadas. De esta manera,<strong> el Gobierno asegur\u00f3 la s\u00e9ptima entrega del programa, que se propuso como un salvataje a las empresas cuya facturaci\u00f3n se vio afectada por el parate econ\u00f3mico derivado del coronavirus.<\/strong><\/p>\n<p>&nbsp;<\/p>\n<p>La decisi\u00f3n fue tomada por el denominado \u201cgabinete econ\u00f3mico\u201d, en una reuni\u00f3n realizada este mediod\u00eda. Tras el encuentro, el ministro de Econom\u00eda Mart\u00edn Guzm\u00e1n se\u00f1al\u00f3: <strong>\u201cEl ATP ha sido y es una herramienta fundamental para reducir el impacto sobre la actividad productiva, sostener el trabajo y acompa\u00f1ar a las empresas en este duro contexto. Definimos una nueva ronda para seguir protegiendo el saber hacer de la econom\u00eda y tener bases s\u00f3lidas que propicien un mejor horizonte de recuperaci\u00f3n\u201d.<\/strong><\/p>\n<p>&nbsp;<\/p>\n<p><a href=\"https:\/\/dib.com.ar\/2020\/10\/el-gobierno-confirmo-que-pagara-el-atp-7-para-los-sueldos-de-octubre\/\" target=\"_blank\" rel=\"noopener\"><em>Fuente DIB<\/em><\/a><\/p>\n<p>&nbsp;<\/p>\n","protected":false},"excerpt":{"rendered":"<p>La medida beneficia a empresas con el pago de la mitad del sueldo de sus empleados, la eximici\u00f3n de aportes<\/p>\n","protected":false},"author":3,"featured_media":4660,"comment_status":"closed","ping_status":"closed","sticky":false,"template":"","format":"standard","meta":{"_jetpack_memberships_contains_paid_content":false,"footnotes":""},"categories":[6,1],"tags":[],"class_list":["post-4659","post","type-post","status-publish","format-standard","has-post-thumbnail","hentry","category-nacionales","category-portada"],"jetpack_featured_media_url":"https:\/\/i0.wp.com\/cdnoticias.com\/wp-content\/uploads\/2020\/10\/Guzman-y-Kulfas-anuncios-economico-696x464.jpg?fit=696%2C464&ssl=1","jetpack_sharing_enabled":true,"_links":{"self":[{"href":"https:\/\/cdnoticias.com\/index.php\/wp-json\/wp\/v2\/posts\/4659","targetHints":{"allow":["GET"]}}],"collection":[{"href":"https:\/\/cdnoticias.com\/index.php\/wp-json\/wp\/v2\/posts"}],"about":[{"href":"https:\/\/cdnoticias.com\/index.php\/wp-json\/wp\/v2\/types\/post"}],"author":[{"embeddable":true,"href":"https:\/\/cdnoticias.com\/index.php\/wp-json\/wp\/v2\/users\/3"}],"replies":[{"embeddable":true,"href":"https:\/\/cdnoticias.com\/index.php\/wp-json\/wp\/v2\/comments?post=4659"}],"version-history":[{"count":0,"href":"https:\/\/cdnoticias.com\/index.php\/wp-json\/wp\/v2\/posts\/4659\/revisions"}],"wp:featuredmedia":[{"embeddable":true,"href":"https:\/\/cdnoticias.com\/index.php\/wp-json\/wp\/v2\/media\/4660"}],"wp:attachment":[{"href":"https:\/\/cdnoticias.com\/index.php\/wp-json\/wp\/v2\/media?parent=4659"}],"wp:term":[{"taxonomy":"category","embeddable":true,"href":"https:\/\/cdnoticias.com\/index.php\/wp-json\/wp\/v2\/categories?post=4659"},{"taxonomy":"post_tag","embeddable":true,"href":"https:\/\/cdnoticias.com\/index.php\/wp-json\/wp\/v2\/tags?post=4659"}],"curies":[{"name":"wp","href":"https:\/\/api.w.org\/{rel}","templated":true}]}}