{"id":46584,"date":"2022-02-15T17:32:46","date_gmt":"2022-02-15T20:32:46","guid":{"rendered":"https:\/\/www.centraldenoticias.com.ar\/?p=46584"},"modified":"2022-02-15T17:32:46","modified_gmt":"2022-02-15T20:32:46","slug":"suspenden-la-presentacion-del-libro-de-miguel-angel-pichetto","status":"publish","type":"post","link":"https:\/\/cdnoticias.com\/index.php\/2022\/02\/15\/suspenden-la-presentacion-del-libro-de-miguel-angel-pichetto\/","title":{"rendered":"Suspenden la presentaci\u00f3n del libro de Miguel \u00c1ngel Pichetto"},"content":{"rendered":"<p>Estaba previsto para el 19 de febrero. Ser\u00e1 reprogramada en fecha y horario a confirmar.<!--more--><\/p>\n<hr \/>\n<p>Desde Peronismo Republicano informaron que por razones de salud, Miguel \u00c1ngel Pichetto<strong> no podr\u00e1 realizar la presentaci\u00f3n de su libro en nuestra ciudad.<\/strong><\/p>\n<p>&nbsp;<\/p>\n<p>Este s\u00e1bado 19 de febrero, el ex senador nacional y quien fuera compa\u00f1ero de f\u00f3rmula de Mauricio Macri en las elecciones de 2019, iba a presentar <strong>\u201cCapitalismo o pobrismo (esa es la cuesti\u00f3n)\u201d.<\/strong><\/p>\n<p>&nbsp;<\/p>\n<p>La actividad <strong>ser\u00e1 reprogramada en fecha y horario a confirmar.<\/strong><\/p>\n","protected":false},"excerpt":{"rendered":"<p>Estaba previsto para el 19 de febrero. Ser\u00e1 reprogramada en fecha y horario a confirmar.<\/p>\n","protected":false},"author":5,"featured_media":45809,"comment_status":"closed","ping_status":"closed","sticky":false,"template":"","format":"standard","meta":{"_jetpack_memberships_contains_paid_content":false,"footnotes":""},"categories":[5],"tags":[],"class_list":["post-46584","post","type-post","status-publish","format-standard","has-post-thumbnail","hentry","category-informacion-general"],"jetpack_featured_media_url":"https:\/\/i0.wp.com\/cdnoticias.com\/wp-content\/uploads\/2022\/02\/pichetto-miguel.jpg?fit=1200%2C675&ssl=1","jetpack_sharing_enabled":true,"_links":{"self":[{"href":"https:\/\/cdnoticias.com\/index.php\/wp-json\/wp\/v2\/posts\/46584","targetHints":{"allow":["GET"]}}],"collection":[{"href":"https:\/\/cdnoticias.com\/index.php\/wp-json\/wp\/v2\/posts"}],"about":[{"href":"https:\/\/cdnoticias.com\/index.php\/wp-json\/wp\/v2\/types\/post"}],"author":[{"embeddable":true,"href":"https:\/\/cdnoticias.com\/index.php\/wp-json\/wp\/v2\/users\/5"}],"replies":[{"embeddable":true,"href":"https:\/\/cdnoticias.com\/index.php\/wp-json\/wp\/v2\/comments?post=46584"}],"version-history":[{"count":0,"href":"https:\/\/cdnoticias.com\/index.php\/wp-json\/wp\/v2\/posts\/46584\/revisions"}],"wp:featuredmedia":[{"embeddable":true,"href":"https:\/\/cdnoticias.com\/index.php\/wp-json\/wp\/v2\/media\/45809"}],"wp:attachment":[{"href":"https:\/\/cdnoticias.com\/index.php\/wp-json\/wp\/v2\/media?parent=46584"}],"wp:term":[{"taxonomy":"category","embeddable":true,"href":"https:\/\/cdnoticias.com\/index.php\/wp-json\/wp\/v2\/categories?post=46584"},{"taxonomy":"post_tag","embeddable":true,"href":"https:\/\/cdnoticias.com\/index.php\/wp-json\/wp\/v2\/tags?post=46584"}],"curies":[{"name":"wp","href":"https:\/\/api.w.org\/{rel}","templated":true}]}}