{"id":46573,"date":"2022-02-20T19:28:29","date_gmt":"2022-02-20T22:28:29","guid":{"rendered":"https:\/\/www.centraldenoticias.com.ar\/?p=46573"},"modified":"2022-02-20T19:52:50","modified_gmt":"2022-02-20T22:52:50","slug":"sebastian-magallanes-son-publicos-reducidos-pero-que-se-comprometen-con-lo-que-estan-viendo","status":"publish","type":"post","link":"https:\/\/cdnoticias.com\/index.php\/2022\/02\/20\/sebastian-magallanes-son-publicos-reducidos-pero-que-se-comprometen-con-lo-que-estan-viendo\/","title":{"rendered":"Sebasti\u00e1n Magallanes: &#8220;son p\u00fablicos reducidos pero que se comprometen con lo que est\u00e1n viendo&#8221;"},"content":{"rendered":"<p>En Insurgente se est\u00e1n realizando Ciclos de Cine junto con conversatorios de an\u00e1lisis sobre distintas pel\u00edculas. Los detalles. <!--more--><\/p>\n<hr \/>\n<p><em>Por: Danisa Jaime<\/em><\/p>\n<p>&nbsp;<\/p>\n<p>El espacio autogestivo<strong> Insurgente<\/strong>, ubicado en Belgrano 3345 est\u00e1 realizando<strong> Ciclos de Cine y conversatorio de an\u00e1lisis<\/strong> sobre distintas pel\u00edculas. El <strong>primer ciclo<\/strong> fue dedicado al director <b>Stanley Kubrick <\/b>en el cual se <b>proyectaron las\u00a0pel\u00edculas &#8220;El resplandor\u201d<\/b> (1980), <strong>\u201cFull Metal Jacket<\/strong>\u201d (1987) y <strong>\u201cOjos bien cerrados\u201d<\/strong>(1999).<\/p>\n<p>&nbsp;<\/p>\n<p>La entrada es <strong>libre y gratuita<\/strong>, y cuenta con <strong>servicio de cantina<\/strong>. Los <strong>participantes<\/strong> pueden realizar una <strong>colaboraci\u00f3n voluntaria destinado al espacio autogestivo <\/strong>que incluyen desde la parte de la biblioteca, comprar insumos, pagar servicios y mejorar el espacio.<\/p>\n<article id=\"post-43677\" class=\"post-43677 post type-post status-publish format-standard has-post-thumbnail hentry category-cultura category-portada\">\n<div class=\"article-content clearfix\">\n<div class=\"entry-content clearfix\">\n<p>&nbsp;<\/p>\n<p><em><strong>Central de Noticias<\/strong><\/em> dialog\u00f3 con <strong>Sebasti\u00e1n Magallanes<\/strong>, uno de los integrantes del ciclo de proyecciones, quien nos coment\u00f3 que la <strong>pr\u00f3xima pel\u00edcula<\/strong> a proyectar es <strong>\u00a1Huye! (2017)<\/strong> el d\u00eda <strong>jueves 24<\/strong> a partir de las<strong> 20:30.<\/strong><\/p>\n<\/div>\n<\/div>\n<\/article>\n<p>&nbsp;<\/p>\n<p>En relaci\u00f3n al <strong>primer ciclo<\/strong> explic\u00f3 que &#8220;lo m\u00e1s sorprendente es que la gente se sentaba y se quedaba en su lugar hasta el final, mirando <strong>pel\u00edculas largas de m\u00e1s de dos horas<\/strong>. En este anterior ciclo <strong>participaron alrededor de 25 personas, <\/strong>es un buen n\u00famero.&#8221;<\/p>\n<p>&nbsp;<\/p>\n<p><strong>&#8220;Nos damos cuenta que la gente se interesa, participa y le gusta indagar. No hay muchos de estos eventos o encuentros en la ciudad<\/strong> por lo menos hasta ahora. Se quedan hablando de cine, propusieron pr\u00f3ximos ciclos y <strong>se van interiorizando.<\/strong> <strong>Lo interesante es que es un p\u00fablico receptivo<\/strong>&#8221; explic\u00f3 Sebasti\u00e1n.<\/p>\n<p>&nbsp;<\/p>\n<p>Por \u00faltimo agreg\u00f3 que &#8220;<strong>este tipo de eventos o convocatorias no son masivos<\/strong>, <strong>son p\u00fablicos reducidos pero que se comprometen con lo que est\u00e1n viendo.<\/strong> No fueron todos j\u00f3venes, el <strong>grupo<\/strong> es bastante <strong>heterog\u00e9neo<\/strong> y eso despu\u00e9s a la hora del conversatorio est\u00e1 bueno porque <strong>se dan diferentes an\u00e1lisis y hay diferentes lecturas&#8221;.\u00a0<\/strong><\/p>\n<div><\/div>\n<div>\n<p>&nbsp;<\/p>\n<\/div>\n<div><\/div>\n","protected":false},"excerpt":{"rendered":"<p>En Insurgente se est\u00e1n realizando Ciclos de Cine junto con conversatorios de an\u00e1lisis sobre distintas pel\u00edculas. Los detalles.<\/p>\n","protected":false},"author":6,"featured_media":46574,"comment_status":"closed","ping_status":"closed","sticky":false,"template":"","format":"standard","meta":{"_jetpack_memberships_contains_paid_content":false,"footnotes":""},"categories":[9,1],"tags":[],"class_list":["post-46573","post","type-post","status-publish","format-standard","has-post-thumbnail","hentry","category-cultura","category-portada"],"jetpack_featured_media_url":"https:\/\/i0.wp.com\/cdnoticias.com\/wp-content\/uploads\/2022\/02\/WhatsApp-Image-2022-02-15-at-16.24.32.jpeg?fit=720%2C444&ssl=1","jetpack_sharing_enabled":true,"_links":{"self":[{"href":"https:\/\/cdnoticias.com\/index.php\/wp-json\/wp\/v2\/posts\/46573","targetHints":{"allow":["GET"]}}],"collection":[{"href":"https:\/\/cdnoticias.com\/index.php\/wp-json\/wp\/v2\/posts"}],"about":[{"href":"https:\/\/cdnoticias.com\/index.php\/wp-json\/wp\/v2\/types\/post"}],"author":[{"embeddable":true,"href":"https:\/\/cdnoticias.com\/index.php\/wp-json\/wp\/v2\/users\/6"}],"replies":[{"embeddable":true,"href":"https:\/\/cdnoticias.com\/index.php\/wp-json\/wp\/v2\/comments?post=46573"}],"version-history":[{"count":0,"href":"https:\/\/cdnoticias.com\/index.php\/wp-json\/wp\/v2\/posts\/46573\/revisions"}],"wp:featuredmedia":[{"embeddable":true,"href":"https:\/\/cdnoticias.com\/index.php\/wp-json\/wp\/v2\/media\/46574"}],"wp:attachment":[{"href":"https:\/\/cdnoticias.com\/index.php\/wp-json\/wp\/v2\/media?parent=46573"}],"wp:term":[{"taxonomy":"category","embeddable":true,"href":"https:\/\/cdnoticias.com\/index.php\/wp-json\/wp\/v2\/categories?post=46573"},{"taxonomy":"post_tag","embeddable":true,"href":"https:\/\/cdnoticias.com\/index.php\/wp-json\/wp\/v2\/tags?post=46573"}],"curies":[{"name":"wp","href":"https:\/\/api.w.org\/{rel}","templated":true}]}}