{"id":46569,"date":"2022-02-15T18:06:58","date_gmt":"2022-02-15T21:06:58","guid":{"rendered":"https:\/\/www.centraldenoticias.com.ar\/?p=46569"},"modified":"2022-02-15T20:29:44","modified_gmt":"2022-02-15T23:29:44","slug":"se-postergo-la-audiencia-de-claudio-peralta-y-su-abogado-con-la-comision-del-hcd","status":"publish","type":"post","link":"https:\/\/cdnoticias.com\/index.php\/2022\/02\/15\/se-postergo-la-audiencia-de-claudio-peralta-y-su-abogado-con-la-comision-del-hcd\/","title":{"rendered":"Se posterg\u00f3 la audiencia de Claudio Peralta y su abogado con la comisi\u00f3n del HCD"},"content":{"rendered":"<p>Estaba pautada para este viernes, pero el letrado local pidi\u00f3 esperar a que su cliente sea citado en primer t\u00e9rmino desde la Justicia.<!--more--><\/p>\n<hr \/>\n<p>Fuentes consultadas por <em><strong>Central de Noticias<\/strong><\/em> confiaron que <strong>qued\u00f3 postergado el arribo de Claudio Peralta y Sergio Rold\u00e1n al Concejo Deliberante<\/strong>, donde hab\u00edan sido citados para este viernes a responder diversas preguntas por parte de los integrantes de la comisi\u00f3n especial creada para investigar la presunta venta ilegal de terrenos.<\/p>\n<p>&nbsp;<\/p>\n<p>Se trata del hombre que fue se\u00f1alado por varios damnificados y su abogado defensor particular, quien en las \u00faltimas horas<a href=\"https:\/\/cdnoticias.com\/index.php\/2022\/02\/14\/no-alcanza-con-decir-que-hay-una-intencion-de-desgaste-politico-hacia-una-figura\/\" target=\"_blank\" rel=\"noopener\"> habl\u00f3 con este portal<\/a> y expres\u00f3 que \u201ceste es un expediente judicial con gente damnificada y con particularidades de la causa que apuntan a un sector del Municipio. Despu\u00e9s, <strong>si hay o no funcionarios, lo deber\u00e1 decidir la Justicia. Pero en esos audios que est\u00e1n circulando hay personajes que son funcionarios. Es una situaci\u00f3n delicada institucionalmente<\/strong>\u201d.<\/p>\n<p>&nbsp;<\/p>\n<p><img data-recalc-dims=\"1\" loading=\"lazy\" decoding=\"async\" class=\"alignnone size-full wp-image-23642\" src=\"https:\/\/i0.wp.com\/cdnoticias.com\/wp-content\/uploads\/2021\/06\/roldan.jpg?resize=800%2C445&#038;ssl=1\" alt=\"\" width=\"800\" height=\"445\" srcset=\"https:\/\/i0.wp.com\/cdnoticias.com\/wp-content\/uploads\/2021\/06\/roldan.jpg?w=800&amp;ssl=1 800w, https:\/\/i0.wp.com\/cdnoticias.com\/wp-content\/uploads\/2021\/06\/roldan.jpg?resize=300%2C167&amp;ssl=1 300w, https:\/\/i0.wp.com\/cdnoticias.com\/wp-content\/uploads\/2021\/06\/roldan.jpg?resize=768%2C427&amp;ssl=1 768w\" sizes=\"auto, (max-width: 800px) 100vw, 800px\" \/><\/p>\n<p>&nbsp;<\/p>\n<p>En ese di\u00e1logo enfatiz\u00f3 adem\u00e1s que \u201c<strong>Peralta quiere declarar, quiere echarle luz a esta situaci\u00f3n, cu\u00e1l fue su situaci\u00f3n y a qui\u00e9n le respond\u00eda directamente<\/strong>. Estamos esperando eso, el llamado de la doctora Serrano, que obviamente debe estar recolectando una infinidad de pruebas y denunciantes, porque esto es bastante importante y de mucho tiempo\u201d.<\/p>\n<p>&nbsp;<\/p>\n<p>Es precisamente en esto \u00faltimo que se explicar\u00eda la <strong>negativa a concurrir este viernes al Concejo Deliberante<\/strong>, dado que a\u00fan no fue citado desde la Justicia, ya sea en calidad de imputado o de posible testigo. En ese sentido, vale dar cuenta que<strong> la causa a\u00fan no cuenta con personas formalmente acusadas.<\/strong><\/p>\n<p>&nbsp;<\/p>\n<p>Por \u00faltimo, vale dar cuenta que se habr\u00eda agregado que <strong>una vez aportada su versi\u00f3n a la Justicia se acercar\u00edan a colaborar con la comisi\u00f3n especial.<\/strong><\/p>\n","protected":false},"excerpt":{"rendered":"<p>Estaba pautada para este viernes, pero el letrado local pidi\u00f3 esperar a que su cliente sea citado en primer t\u00e9rmino<\/p>\n","protected":false},"author":3,"featured_media":45853,"comment_status":"closed","ping_status":"closed","sticky":false,"template":"","format":"standard","meta":{"_jetpack_memberships_contains_paid_content":false,"footnotes":""},"categories":[4,1],"tags":[],"class_list":["post-46569","post","type-post","status-publish","format-standard","has-post-thumbnail","hentry","category-politica","category-portada"],"jetpack_featured_media_url":"https:\/\/i0.wp.com\/cdnoticias.com\/wp-content\/uploads\/2022\/02\/comision-especial43-scaled.jpg?fit=2560%2C1424&ssl=1","jetpack_sharing_enabled":true,"_links":{"self":[{"href":"https:\/\/cdnoticias.com\/index.php\/wp-json\/wp\/v2\/posts\/46569","targetHints":{"allow":["GET"]}}],"collection":[{"href":"https:\/\/cdnoticias.com\/index.php\/wp-json\/wp\/v2\/posts"}],"about":[{"href":"https:\/\/cdnoticias.com\/index.php\/wp-json\/wp\/v2\/types\/post"}],"author":[{"embeddable":true,"href":"https:\/\/cdnoticias.com\/index.php\/wp-json\/wp\/v2\/users\/3"}],"replies":[{"embeddable":true,"href":"https:\/\/cdnoticias.com\/index.php\/wp-json\/wp\/v2\/comments?post=46569"}],"version-history":[{"count":0,"href":"https:\/\/cdnoticias.com\/index.php\/wp-json\/wp\/v2\/posts\/46569\/revisions"}],"wp:featuredmedia":[{"embeddable":true,"href":"https:\/\/cdnoticias.com\/index.php\/wp-json\/wp\/v2\/media\/45853"}],"wp:attachment":[{"href":"https:\/\/cdnoticias.com\/index.php\/wp-json\/wp\/v2\/media?parent=46569"}],"wp:term":[{"taxonomy":"category","embeddable":true,"href":"https:\/\/cdnoticias.com\/index.php\/wp-json\/wp\/v2\/categories?post=46569"},{"taxonomy":"post_tag","embeddable":true,"href":"https:\/\/cdnoticias.com\/index.php\/wp-json\/wp\/v2\/tags?post=46569"}],"curies":[{"name":"wp","href":"https:\/\/api.w.org\/{rel}","templated":true}]}}