{"id":46554,"date":"2022-02-15T12:55:36","date_gmt":"2022-02-15T15:55:36","guid":{"rendered":"https:\/\/www.centraldenoticias.com.ar\/?p=46554"},"modified":"2022-02-15T12:55:53","modified_gmt":"2022-02-15T15:55:53","slug":"organizacion-para-el-8m-agrupaciones-ya-fijaron-fecha-y-actividades","status":"publish","type":"post","link":"https:\/\/cdnoticias.com\/index.php\/2022\/02\/15\/organizacion-para-el-8m-agrupaciones-ya-fijaron-fecha-y-actividades\/","title":{"rendered":"Organizaci\u00f3n para el #8M: agrupaciones ya fijaron fecha y actividades"},"content":{"rendered":"<p>Varias organizaciones y espacios feministas y disidentes participaron el lunes de una reuni\u00f3n organizativa. El programa para el 8 de marzo va tomando forma.<!--more--><\/p>\n<hr \/>\n<p><strong>Este lunes por la tarde varias organizaciones y espacios feministas y disidentes se reunieron en el Parque del Bicentenario<\/strong> de cara a la planificaci\u00f3n de la <strong>marcha del #8M<\/strong>.<\/p>\n<p>&nbsp;<\/p>\n<p>Seg\u00fan se comunic\u00f3, all\u00ed <strong>se decidi\u00f3 de forma colectiva que la concentraci\u00f3n ser\u00e1 el martes 8 de marzo a las 16 en el Parque del Bicentenario<\/strong> con la posterior marcha a las 19 horas.<\/p>\n<p><img data-recalc-dims=\"1\" loading=\"lazy\" decoding=\"async\" class=\"size-full wp-image-46555 aligncenter\" src=\"https:\/\/i0.wp.com\/cdnoticias.com\/wp-content\/uploads\/2022\/02\/8M-reunion-s-01.jpg?resize=800%2C370&#038;ssl=1\" alt=\"\" width=\"800\" height=\"370\" srcset=\"https:\/\/i0.wp.com\/cdnoticias.com\/wp-content\/uploads\/2022\/02\/8M-reunion-s-01.jpg?w=800&amp;ssl=1 800w, https:\/\/i0.wp.com\/cdnoticias.com\/wp-content\/uploads\/2022\/02\/8M-reunion-s-01.jpg?resize=300%2C139&amp;ssl=1 300w, https:\/\/i0.wp.com\/cdnoticias.com\/wp-content\/uploads\/2022\/02\/8M-reunion-s-01.jpg?resize=768%2C355&amp;ssl=1 768w\" sizes=\"auto, (max-width: 800px) 100vw, 800px\" \/><\/p>\n<p>Se adelant\u00f3 que habr\u00e1 <strong>feriantes de diversos rubros y n\u00fameros art\u00edsticos<\/strong>. Los d\u00edas previos se realizar\u00e1n diferentes actividades vinculadas a la tem\u00e1tica, las cuales se dar\u00e1n a conocer los pr\u00f3ximos d\u00edas.<\/p>\n<p>&nbsp;<\/p>\n<p>Desde la organizaci\u00f3n <strong>invitaron a toda la comunidad a la pr\u00f3xima reuni\u00f3n que ser\u00e1 el lunes 21<\/strong> a las 19 horas en el mismo parque.<\/p>\n","protected":false},"excerpt":{"rendered":"<p>Varias organizaciones y espacios feministas y disidentes participaron el lunes de una reuni\u00f3n organizativa. El programa para el 8 de<\/p>\n","protected":false},"author":4,"featured_media":46556,"comment_status":"closed","ping_status":"closed","sticky":false,"template":"","format":"standard","meta":{"_jetpack_memberships_contains_paid_content":false,"footnotes":""},"categories":[3,1],"tags":[],"class_list":["post-46554","post","type-post","status-publish","format-standard","has-post-thumbnail","hentry","category-genero","category-portada"],"jetpack_featured_media_url":"https:\/\/i0.wp.com\/cdnoticias.com\/wp-content\/uploads\/2022\/02\/8M-reunion-s-00.jpg?fit=800%2C445&ssl=1","jetpack_sharing_enabled":true,"_links":{"self":[{"href":"https:\/\/cdnoticias.com\/index.php\/wp-json\/wp\/v2\/posts\/46554","targetHints":{"allow":["GET"]}}],"collection":[{"href":"https:\/\/cdnoticias.com\/index.php\/wp-json\/wp\/v2\/posts"}],"about":[{"href":"https:\/\/cdnoticias.com\/index.php\/wp-json\/wp\/v2\/types\/post"}],"author":[{"embeddable":true,"href":"https:\/\/cdnoticias.com\/index.php\/wp-json\/wp\/v2\/users\/4"}],"replies":[{"embeddable":true,"href":"https:\/\/cdnoticias.com\/index.php\/wp-json\/wp\/v2\/comments?post=46554"}],"version-history":[{"count":0,"href":"https:\/\/cdnoticias.com\/index.php\/wp-json\/wp\/v2\/posts\/46554\/revisions"}],"wp:featuredmedia":[{"embeddable":true,"href":"https:\/\/cdnoticias.com\/index.php\/wp-json\/wp\/v2\/media\/46556"}],"wp:attachment":[{"href":"https:\/\/cdnoticias.com\/index.php\/wp-json\/wp\/v2\/media?parent=46554"}],"wp:term":[{"taxonomy":"category","embeddable":true,"href":"https:\/\/cdnoticias.com\/index.php\/wp-json\/wp\/v2\/categories?post=46554"},{"taxonomy":"post_tag","embeddable":true,"href":"https:\/\/cdnoticias.com\/index.php\/wp-json\/wp\/v2\/tags?post=46554"}],"curies":[{"name":"wp","href":"https:\/\/api.w.org\/{rel}","templated":true}]}}