{"id":46531,"date":"2022-02-15T11:23:04","date_gmt":"2022-02-15T14:23:04","guid":{"rendered":"https:\/\/www.centraldenoticias.com.ar\/?p=46531"},"modified":"2022-02-15T12:11:01","modified_gmt":"2022-02-15T15:11:01","slug":"galli-en-la-obra-del-centro-de-atencion-veterinaria-estamos-en-un-80-de-avance","status":"publish","type":"post","link":"https:\/\/cdnoticias.com\/index.php\/2022\/02\/15\/galli-en-la-obra-del-centro-de-atencion-veterinaria-estamos-en-un-80-de-avance\/","title":{"rendered":"Galli en la obra del Centro de Atenci\u00f3n Veterinaria: \u201cestamos en un 80% de avance\u201d"},"content":{"rendered":"<p>Realiz\u00f3 una recorrida junto a funcionarios y medios locales. El objetivo ser\u00e1 \u201ctener un ritmo de castraciones de unos 30 a 40 animales por d\u00eda\u201d. Habr\u00e1 \u00e1rea de internaci\u00f3n.<!--more--><\/p>\n<hr \/>\n<p>En la ma\u00f1ana de este martes,<strong> el Intendente Galli recorri\u00f3 junto al Secretario de Salud Germ\u00e1n Caputo y el Secretario de Obras P\u00fablicas Julio Ferraro las obras del Centro de Atenci\u00f3n Veterinaria municipal<\/strong>, ubicado en el \u00e1rea de Bromatolog\u00eda. El principal objetivo, brindar una mejor atenci\u00f3n y adem\u00e1s<strong> duplicar las castraciones diarias actuales.<\/strong><\/p>\n<p>&nbsp;<\/p>\n<p>Tras una recorrida por las instalaciones donde se vieron los avanzados trabajos, el jefe comunal dialog\u00f3 con los medios presentes y confirm\u00f3 que <strong><em>\u201cestamos en un 80% de avance de obra, una inversi\u00f3n de unos 8 millones de pesos\u201d.<\/em><\/strong><\/p>\n<p>&nbsp;<\/p>\n<p><img data-recalc-dims=\"1\" loading=\"lazy\" decoding=\"async\" class=\"size-full wp-image-46537 aligncenter\" src=\"https:\/\/i0.wp.com\/cdnoticias.com\/wp-content\/uploads\/2022\/02\/centro-veterinario-03.jpg?resize=800%2C445&#038;ssl=1\" alt=\"\" width=\"800\" height=\"445\" srcset=\"https:\/\/i0.wp.com\/cdnoticias.com\/wp-content\/uploads\/2022\/02\/centro-veterinario-03.jpg?w=800&amp;ssl=1 800w, https:\/\/i0.wp.com\/cdnoticias.com\/wp-content\/uploads\/2022\/02\/centro-veterinario-03.jpg?resize=300%2C167&amp;ssl=1 300w, https:\/\/i0.wp.com\/cdnoticias.com\/wp-content\/uploads\/2022\/02\/centro-veterinario-03.jpg?resize=768%2C427&amp;ssl=1 768w\" sizes=\"auto, (max-width: 800px) 100vw, 800px\" \/><\/p>\n<p>&nbsp;<\/p>\n<p><img data-recalc-dims=\"1\" loading=\"lazy\" decoding=\"async\" class=\"size-full wp-image-46536 aligncenter\" src=\"https:\/\/i0.wp.com\/cdnoticias.com\/wp-content\/uploads\/2022\/02\/centro-veterinario-02.jpg?resize=800%2C445&#038;ssl=1\" alt=\"\" width=\"800\" height=\"445\" srcset=\"https:\/\/i0.wp.com\/cdnoticias.com\/wp-content\/uploads\/2022\/02\/centro-veterinario-02.jpg?w=800&amp;ssl=1 800w, https:\/\/i0.wp.com\/cdnoticias.com\/wp-content\/uploads\/2022\/02\/centro-veterinario-02.jpg?resize=300%2C167&amp;ssl=1 300w, https:\/\/i0.wp.com\/cdnoticias.com\/wp-content\/uploads\/2022\/02\/centro-veterinario-02.jpg?resize=768%2C427&amp;ssl=1 768w\" sizes=\"auto, (max-width: 800px) 100vw, 800px\" \/><\/p>\n<p>&nbsp;<\/p>\n<blockquote><p>Aclar\u00f3 que no ser\u00e1 un Hospital, sino que es un<em> \u201cCentro de Atenci\u00f3n Primaria Veterinaria, no va a funcionar con guardia, sino que es un Centro de Atenci\u00f3n. El avance est\u00e1 a la vista, estamos en los detalles, hay piso y revestimiento, estamos estimando que para el mes de mayo estar\u00edamos haciendo la inauguraci\u00f3n\u201d.<\/em><\/p><\/blockquote>\n<p>&nbsp;<\/p>\n<p>Resalt\u00f3 que la intenci\u00f3n es<strong> duplicar la cantidad de castraciones para pasar a <em>\u201c30 a 40 animales por d\u00eda\u201d<\/em><\/strong> y destac\u00f3 el dise\u00f1o del nuevo edificio dado que <em>\u201cest\u00e1n los consultorios, est\u00e1 la sala previa donde se hace la preparaci\u00f3n del animal, donde se lo anestesia. Pasa al quir\u00f3fano y luego est\u00e1 la sala de recuperaci\u00f3n y si eso no sucede pasa a una sala de internaci\u00f3n. Ahora estamos en la sala de espera para aguardar cada uno su turno\u201d.<\/em><\/p>\n<p>&nbsp;<\/p>\n<p><img data-recalc-dims=\"1\" loading=\"lazy\" decoding=\"async\" class=\"size-full wp-image-46534 aligncenter\" src=\"https:\/\/i0.wp.com\/cdnoticias.com\/wp-content\/uploads\/2022\/02\/centro-veterinario-00a.jpg?resize=800%2C445&#038;ssl=1\" alt=\"\" width=\"800\" height=\"445\" srcset=\"https:\/\/i0.wp.com\/cdnoticias.com\/wp-content\/uploads\/2022\/02\/centro-veterinario-00a.jpg?w=800&amp;ssl=1 800w, https:\/\/i0.wp.com\/cdnoticias.com\/wp-content\/uploads\/2022\/02\/centro-veterinario-00a.jpg?resize=300%2C167&amp;ssl=1 300w, https:\/\/i0.wp.com\/cdnoticias.com\/wp-content\/uploads\/2022\/02\/centro-veterinario-00a.jpg?resize=768%2C427&amp;ssl=1 768w\" sizes=\"auto, (max-width: 800px) 100vw, 800px\" \/><\/p>\n<p>&nbsp;<\/p>\n<p><img data-recalc-dims=\"1\" loading=\"lazy\" decoding=\"async\" class=\"size-full wp-image-46540 aligncenter\" src=\"https:\/\/i0.wp.com\/cdnoticias.com\/wp-content\/uploads\/2022\/02\/centro-veterinario-06.jpg?resize=800%2C445&#038;ssl=1\" alt=\"\" width=\"800\" height=\"445\" srcset=\"https:\/\/i0.wp.com\/cdnoticias.com\/wp-content\/uploads\/2022\/02\/centro-veterinario-06.jpg?w=800&amp;ssl=1 800w, https:\/\/i0.wp.com\/cdnoticias.com\/wp-content\/uploads\/2022\/02\/centro-veterinario-06.jpg?resize=300%2C167&amp;ssl=1 300w, https:\/\/i0.wp.com\/cdnoticias.com\/wp-content\/uploads\/2022\/02\/centro-veterinario-06.jpg?resize=768%2C427&amp;ssl=1 768w\" sizes=\"auto, (max-width: 800px) 100vw, 800px\" \/><\/p>\n<p>&nbsp;<\/p>\n<p>La l\u00f3gica de funcionamiento \u201c<em>ser\u00e1 como es ahora\u201d<\/em> con la particularidad, claro, de que \u201c<em>habr\u00e1 un lugar mejor\u201d<\/em>. El jefe comunal se\u00f1al\u00f3 que <strong><em>\u201cparalelamente a este Centro de Atenci\u00f3n seguir\u00e1 funcionando el Quir\u00f3fano Veterinario M\u00f3vil itinerante como funcion\u00f3 hasta ahora, con lo cual la idea ser\u00e1 aumentar, intensificar la pol\u00edtica de castraciones que ser\u00e1 m\u00e1s importante\u201d.<\/em><\/strong><\/p>\n<p>&nbsp;<\/p>\n<p>Otro punto a tener en cuenta es que este Centro de Atenci\u00f3n Veterinario<em> \u201cva a requerir mayor personal, estamos trabajando sobre eso. No mucho m\u00e1s, pero vamos a tener que incorporar algunas personas para darle atenci\u00f3n al Centro de Atenci\u00f3n como se merece\u201d.<\/em><\/p>\n<p>&nbsp;<\/p>\n<p><img data-recalc-dims=\"1\" loading=\"lazy\" decoding=\"async\" class=\"size-full wp-image-46538 aligncenter\" src=\"https:\/\/i0.wp.com\/cdnoticias.com\/wp-content\/uploads\/2022\/02\/centro-veterinario-04.jpg?resize=800%2C445&#038;ssl=1\" alt=\"\" width=\"800\" height=\"445\" srcset=\"https:\/\/i0.wp.com\/cdnoticias.com\/wp-content\/uploads\/2022\/02\/centro-veterinario-04.jpg?w=800&amp;ssl=1 800w, https:\/\/i0.wp.com\/cdnoticias.com\/wp-content\/uploads\/2022\/02\/centro-veterinario-04.jpg?resize=300%2C167&amp;ssl=1 300w, https:\/\/i0.wp.com\/cdnoticias.com\/wp-content\/uploads\/2022\/02\/centro-veterinario-04.jpg?resize=768%2C427&amp;ssl=1 768w\" sizes=\"auto, (max-width: 800px) 100vw, 800px\" \/><\/p>\n<p>&nbsp;<\/p>\n<p><img data-recalc-dims=\"1\" loading=\"lazy\" decoding=\"async\" class=\"size-full wp-image-46541 aligncenter\" src=\"https:\/\/i0.wp.com\/cdnoticias.com\/wp-content\/uploads\/2022\/02\/centro-veterinario-07.jpg?resize=800%2C445&#038;ssl=1\" alt=\"\" width=\"800\" height=\"445\" srcset=\"https:\/\/i0.wp.com\/cdnoticias.com\/wp-content\/uploads\/2022\/02\/centro-veterinario-07.jpg?w=800&amp;ssl=1 800w, https:\/\/i0.wp.com\/cdnoticias.com\/wp-content\/uploads\/2022\/02\/centro-veterinario-07.jpg?resize=300%2C167&amp;ssl=1 300w, https:\/\/i0.wp.com\/cdnoticias.com\/wp-content\/uploads\/2022\/02\/centro-veterinario-07.jpg?resize=768%2C427&amp;ssl=1 768w\" sizes=\"auto, (max-width: 800px) 100vw, 800px\" \/><\/p>\n<p>&nbsp;<\/p>\n<p>El Secretario de Salud, Germ\u00e1n Caputo, confirm\u00f3 que<strong> la atenci\u00f3n ser\u00e1 de 8:00 a 14:00 horas y recalc\u00f3 el objetivo fundamental de <em>\u201ccontrolar de la poblaci\u00f3n de gatos y perros fundamentalmente\u201d.<\/em><\/strong> Se\u00f1al\u00f3 que cumplir la menta <em>\u201ces compleja por tanta cantidad, entre que el animal se duerme, se despierta, hay toda una log\u00edstica impresionante. Por el momento se va a trabajar con ese objetivo. Si con el paso del tiempo se puede mejorar los objetivos se mejorar\u00e1 y se har\u00e1 m\u00e1s amplio\u201d.<\/em><\/p>\n<p>&nbsp;<\/p>\n<p>Para cerrar, el jefe comunal reconoci\u00f3 un<strong><em> \u201cdi\u00e1logo permanente\u201d<\/em> con las agrupaciones protectoras locales<\/strong>: <em>\u201cTrabajamos mucho con APOAA pero con el resto de las agrupaciones hay mucho di\u00e1logo\u201d<\/em> cerr\u00f3.<\/p>\n<p>&nbsp;<\/p>\n<p><img data-recalc-dims=\"1\" loading=\"lazy\" decoding=\"async\" class=\"size-full wp-image-46535 aligncenter\" src=\"https:\/\/i0.wp.com\/cdnoticias.com\/wp-content\/uploads\/2022\/02\/centro-veterinario-01.jpg?resize=800%2C445&#038;ssl=1\" alt=\"\" width=\"800\" height=\"445\" srcset=\"https:\/\/i0.wp.com\/cdnoticias.com\/wp-content\/uploads\/2022\/02\/centro-veterinario-01.jpg?w=800&amp;ssl=1 800w, https:\/\/i0.wp.com\/cdnoticias.com\/wp-content\/uploads\/2022\/02\/centro-veterinario-01.jpg?resize=300%2C167&amp;ssl=1 300w, https:\/\/i0.wp.com\/cdnoticias.com\/wp-content\/uploads\/2022\/02\/centro-veterinario-01.jpg?resize=768%2C427&amp;ssl=1 768w\" sizes=\"auto, (max-width: 800px) 100vw, 800px\" \/><\/p>\n<p>&nbsp;<\/p>\n<p><img data-recalc-dims=\"1\" loading=\"lazy\" decoding=\"async\" class=\"size-full wp-image-46539 aligncenter\" src=\"https:\/\/i0.wp.com\/cdnoticias.com\/wp-content\/uploads\/2022\/02\/centro-veterinario-05.jpg?resize=800%2C445&#038;ssl=1\" alt=\"\" width=\"800\" height=\"445\" srcset=\"https:\/\/i0.wp.com\/cdnoticias.com\/wp-content\/uploads\/2022\/02\/centro-veterinario-05.jpg?w=800&amp;ssl=1 800w, https:\/\/i0.wp.com\/cdnoticias.com\/wp-content\/uploads\/2022\/02\/centro-veterinario-05.jpg?resize=300%2C167&amp;ssl=1 300w, https:\/\/i0.wp.com\/cdnoticias.com\/wp-content\/uploads\/2022\/02\/centro-veterinario-05.jpg?resize=768%2C427&amp;ssl=1 768w\" sizes=\"auto, (max-width: 800px) 100vw, 800px\" \/><\/p>\n","protected":false},"excerpt":{"rendered":"<p>Realiz\u00f3 una recorrida junto a funcionarios y medios locales. El objetivo ser\u00e1 \u201ctener un ritmo de castraciones de unos 30<\/p>\n","protected":false},"author":2,"featured_media":46533,"comment_status":"closed","ping_status":"closed","sticky":false,"template":"","format":"standard","meta":{"_jetpack_memberships_contains_paid_content":false,"footnotes":""},"categories":[5,1],"tags":[],"class_list":["post-46531","post","type-post","status-publish","format-standard","has-post-thumbnail","hentry","category-informacion-general","category-portada"],"jetpack_featured_media_url":"https:\/\/i0.wp.com\/cdnoticias.com\/wp-content\/uploads\/2022\/02\/centro-veterinario-00.jpg?fit=800%2C445&ssl=1","jetpack_sharing_enabled":true,"_links":{"self":[{"href":"https:\/\/cdnoticias.com\/index.php\/wp-json\/wp\/v2\/posts\/46531","targetHints":{"allow":["GET"]}}],"collection":[{"href":"https:\/\/cdnoticias.com\/index.php\/wp-json\/wp\/v2\/posts"}],"about":[{"href":"https:\/\/cdnoticias.com\/index.php\/wp-json\/wp\/v2\/types\/post"}],"author":[{"embeddable":true,"href":"https:\/\/cdnoticias.com\/index.php\/wp-json\/wp\/v2\/users\/2"}],"replies":[{"embeddable":true,"href":"https:\/\/cdnoticias.com\/index.php\/wp-json\/wp\/v2\/comments?post=46531"}],"version-history":[{"count":0,"href":"https:\/\/cdnoticias.com\/index.php\/wp-json\/wp\/v2\/posts\/46531\/revisions"}],"wp:featuredmedia":[{"embeddable":true,"href":"https:\/\/cdnoticias.com\/index.php\/wp-json\/wp\/v2\/media\/46533"}],"wp:attachment":[{"href":"https:\/\/cdnoticias.com\/index.php\/wp-json\/wp\/v2\/media?parent=46531"}],"wp:term":[{"taxonomy":"category","embeddable":true,"href":"https:\/\/cdnoticias.com\/index.php\/wp-json\/wp\/v2\/categories?post=46531"},{"taxonomy":"post_tag","embeddable":true,"href":"https:\/\/cdnoticias.com\/index.php\/wp-json\/wp\/v2\/tags?post=46531"}],"curies":[{"name":"wp","href":"https:\/\/api.w.org\/{rel}","templated":true}]}}