{"id":46476,"date":"2022-02-14T14:07:49","date_gmt":"2022-02-14T17:07:49","guid":{"rendered":"https:\/\/www.centraldenoticias.com.ar\/?p=46476"},"modified":"2022-02-14T16:31:29","modified_gmt":"2022-02-14T19:31:29","slug":"no-alcanza-con-decir-que-hay-una-intencion-de-desgaste-politico-hacia-una-figura","status":"publish","type":"post","link":"https:\/\/cdnoticias.com\/index.php\/2022\/02\/14\/no-alcanza-con-decir-que-hay-una-intencion-de-desgaste-politico-hacia-una-figura\/","title":{"rendered":"\u201cNo alcanza con decir que hay una intenci\u00f3n de desgaste pol\u00edtico hacia una figura\u201d"},"content":{"rendered":"<p>Lo dijo el abogado Sergio Rold\u00e1n en respuesta a la lectura del intendente Galli sobre la causa de los terrenos. El defensor de Claudio Peralta inform\u00f3 que pidieron a la Fiscal\u00eda ser citados a indagatoria.<!--more--><\/p>\n<hr \/>\n<p>El <strong>abogado Sergio Rold\u00e1n<\/strong> habl\u00f3 con <strong>Central de Noticias<\/strong> despu\u00e9s de las novedades que <a href=\"https:\/\/cdnoticias.com\/index.php\/2022\/02\/13\/los-terrenos-las-novedades-de-la-justicia-y-la-sorpresa-de-los-audios-viralizados\/\" target=\"_blank\" rel=\"noopener\">se conocieron el fin de semana<\/a> en torno a la causa que se sigue por la <strong>venta irregular de terrenos<\/strong>. Es el representante del se\u00f1alado en el caso, Claudio Peralta, y adelant\u00f3 que <strong>pidi\u00f3 a la Fiscal\u00eda que su defendido sea citado a declarar<\/strong>.<\/p>\n<p>&nbsp;<\/p>\n<p>Inicialmente, el abogado Rold\u00e1n cuestion\u00f3 la lectura del intendente Ezequiel Galli sobre el caso. \u201cLa lectura que yo hago es desde el sentido com\u00fan y no desde la pol\u00edtica. La hago desde un profesional que est\u00e1 en el marco de una defensa\u201d dijo para agregar que<strong> \u201clo que quiero que quede claro es que primero, yo no estoy en ninguna opereta pol\u00edtica<\/strong>. Segundo -lejos de ser un consejo para el se\u00f1or intendente-, desde el sentido com\u00fan digo que <strong>si mi amigo personal, mi socio de la vida y mi compa\u00f1ero est\u00e1 en un audio con una persona hablando de apremios ilegales, de limpiar terrenos, de ponerlos para vender y nombra a un se\u00f1or que es propietario de una inmobiliaria, por lo menos llevo el audio al Ministerio P\u00fablico y pido que citen a declarar a la parte que me incumbe<\/strong>\u201d.<\/p>\n<p>&nbsp;<\/p>\n<blockquote><p>En ese punto, el abogado remarc\u00f3 que \u201ces un funcionario, ex funcionario de la Municipalidad, actual asesor de Cambiemos en el senado. Son cosas bastante graves institucionalmente y no alcanza con decir que hay una intenci\u00f3n de desgaste pol\u00edtico hacia una figura o sus convicciones sobre Olavarr\u00eda\u201d.<\/p><\/blockquote>\n<p>&nbsp;<\/p>\n<p>A su vez, Rold\u00e1n sum\u00f3 otra interpretaci\u00f3n: \u201ccreo que estamos lejos, <strong>por ah\u00ed se ha dibujado o se intenta desdibujar, por qu\u00e9 se ha formado la comisi\u00f3n de investigaci\u00f3n desde el Concejo Deliberante<\/strong> de Olavarr\u00eda\u201d.<\/p>\n<p>&nbsp;<\/p>\n<p>El representante legal afirm\u00f3 que <strong>\u201cel audio\u201d que se viraliz\u00f3 durante el fin de semana \u201choy no est\u00e1 incorporado a la causa. Pero creo que va a ser incorporado porque las voces es vox populi de qui\u00e9nes son las personas\u201d<\/strong>. M\u00e1s adelante aclar\u00f3 que \u201cno s\u00e9 cu\u00e1ndo este audio fue grabado\u201d, \u00a0dijo desconocer \u201clas voces\u201d de quienes hablan \u201cporque no los conozco\u201d, y a\u00f1adi\u00f3 que s\u00f3lo conoce a una de las personas que se nombran \u201cpero lo conozco no del derecho, sino de la vida\u201d.<\/p>\n<p>&nbsp;<\/p>\n<blockquote><p>\u201cSi yo fuera el Intendente ser\u00eda el primero en ir a la Justicia y pedirle al Ministerio P\u00fablico que investigue qu\u00e9 es esto, de d\u00f3nde sale, es la mejor manera de saber si hay una campa\u00f1a pol\u00edtica en su contra\u201d enfatiz\u00f3.<\/p><\/blockquote>\n<p>&nbsp;<\/p>\n<p>Rold\u00e1n apunt\u00f3 a que \u201ceste es un expediente judicial con gente damnificada y con particularidades de la causa que apuntan a un sector del Municipio. Despu\u00e9s, si hay o no funcionarios, lo deber\u00e1 decidir la Justicia. <strong>Pero en esos audios que est\u00e1n circulando hay personajes que son funcionarios. Es una situaci\u00f3n delicada institucionalmente<\/strong>\u201d.<\/p>\n<p>&nbsp;<\/p>\n<p><strong>Presentaci\u00f3n<\/strong><\/p>\n<p>&nbsp;<\/p>\n<p>El d\u00eda jueves el abogado se present\u00f3 en el expediente que tramita en la UFI N\u00ba 4 que encabeza la fiscal Paula Serrano,<a href=\"https:\/\/cdnoticias.com\/index.php\/2022\/02\/12\/venta-de-terrenos-la-investigacion-quedo-radicada-en-la-fiscalia-4\/\" target=\"_blank\" rel=\"noopener\"> donde se unificaron todas las causas<\/a>, y <strong>pidi\u00f3 que su defendido sea citado a declarar.<\/strong><\/p>\n<p>&nbsp;<\/p>\n<blockquote><p>\u201cPeralta quiere declarar, quiere echarle luz a esta situaci\u00f3n, cu\u00e1l fue su situaci\u00f3n y a qui\u00e9n le respond\u00eda directamente. Estamos esperando eso, el llamado de la doctora Serrano, que obviamente debe estar recolectando una infinidad de pruebas y denunciantes, porque esto es bastante importante y de mucho tiempo\u201d contempl\u00f3.<\/p><\/blockquote>\n<p>&nbsp;<\/p>\n<p>En esa declaraci\u00f3n, <strong>Peralta buscar\u00e1 \u201cejercer su defensa y aclarar situaciones<\/strong> que se hablan de \u00e9l y por ah\u00ed se habla desde el desconocimiento; obviamente Peralta quiere y las va a aclarar\u201d cerr\u00f3 Sergio Rold\u00e1n.<\/p>\n","protected":false},"excerpt":{"rendered":"<p>Lo dijo el abogado Sergio Rold\u00e1n en respuesta a la lectura del intendente Galli sobre la causa de los terrenos.<\/p>\n","protected":false},"author":4,"featured_media":23642,"comment_status":"closed","ping_status":"closed","sticky":false,"template":"","format":"standard","meta":{"_jetpack_memberships_contains_paid_content":false,"footnotes":""},"categories":[14,1],"tags":[],"class_list":["post-46476","post","type-post","status-publish","format-standard","has-post-thumbnail","hentry","category-policiales","category-portada"],"jetpack_featured_media_url":"https:\/\/i0.wp.com\/cdnoticias.com\/wp-content\/uploads\/2021\/06\/roldan.jpg?fit=800%2C445&ssl=1","jetpack_sharing_enabled":true,"_links":{"self":[{"href":"https:\/\/cdnoticias.com\/index.php\/wp-json\/wp\/v2\/posts\/46476","targetHints":{"allow":["GET"]}}],"collection":[{"href":"https:\/\/cdnoticias.com\/index.php\/wp-json\/wp\/v2\/posts"}],"about":[{"href":"https:\/\/cdnoticias.com\/index.php\/wp-json\/wp\/v2\/types\/post"}],"author":[{"embeddable":true,"href":"https:\/\/cdnoticias.com\/index.php\/wp-json\/wp\/v2\/users\/4"}],"replies":[{"embeddable":true,"href":"https:\/\/cdnoticias.com\/index.php\/wp-json\/wp\/v2\/comments?post=46476"}],"version-history":[{"count":0,"href":"https:\/\/cdnoticias.com\/index.php\/wp-json\/wp\/v2\/posts\/46476\/revisions"}],"wp:featuredmedia":[{"embeddable":true,"href":"https:\/\/cdnoticias.com\/index.php\/wp-json\/wp\/v2\/media\/23642"}],"wp:attachment":[{"href":"https:\/\/cdnoticias.com\/index.php\/wp-json\/wp\/v2\/media?parent=46476"}],"wp:term":[{"taxonomy":"category","embeddable":true,"href":"https:\/\/cdnoticias.com\/index.php\/wp-json\/wp\/v2\/categories?post=46476"},{"taxonomy":"post_tag","embeddable":true,"href":"https:\/\/cdnoticias.com\/index.php\/wp-json\/wp\/v2\/tags?post=46476"}],"curies":[{"name":"wp","href":"https:\/\/api.w.org\/{rel}","templated":true}]}}