{"id":46470,"date":"2022-02-15T20:10:33","date_gmt":"2022-02-15T23:10:33","guid":{"rendered":"https:\/\/www.centraldenoticias.com.ar\/?p=46470"},"modified":"2022-02-15T20:10:33","modified_gmt":"2022-02-15T23:10:33","slug":"la-direccion-nacional-de-migraciones-atendera-en-olavarria","status":"publish","type":"post","link":"https:\/\/cdnoticias.com\/index.php\/2022\/02\/15\/la-direccion-nacional-de-migraciones-atendera-en-olavarria\/","title":{"rendered":"La Direcci\u00f3n Nacional de Migraciones atender\u00e1 en Olavarr\u00eda"},"content":{"rendered":"<p>Ser\u00e1 el jueves desde las 10 en la sede del RENAPER. Se realizar\u00e1 un operativo territorial. Qu\u00e9 tr\u00e1mites se pueden gestionar.<!--more--><\/p>\n<hr \/>\n<p>Desde el Registro Nacional de las Personas se inform\u00f3 que <strong>el\u00a0 jueves un equipo de la Direcci\u00f3n Nacional de Migraciones estar\u00e1 en Olavarr\u00eda para realizar un abordaje territorial<\/strong>.<\/p>\n<p>&nbsp;<\/p>\n<p>Se llevar\u00e1 a cabo <strong>en las oficinas del Renaper, en Lavalle al 3195, de 10 a 14<\/strong>.<\/p>\n<p>&nbsp;<\/p>\n<p><img data-recalc-dims=\"1\" loading=\"lazy\" decoding=\"async\" class=\"size-full wp-image-46472 aligncenter\" src=\"https:\/\/i0.wp.com\/cdnoticias.com\/wp-content\/uploads\/2022\/02\/renaper-01.jpg?resize=800%2C445&#038;ssl=1\" alt=\"\" width=\"800\" height=\"445\" srcset=\"https:\/\/i0.wp.com\/cdnoticias.com\/wp-content\/uploads\/2022\/02\/renaper-01.jpg?w=800&amp;ssl=1 800w, https:\/\/i0.wp.com\/cdnoticias.com\/wp-content\/uploads\/2022\/02\/renaper-01.jpg?resize=300%2C167&amp;ssl=1 300w, https:\/\/i0.wp.com\/cdnoticias.com\/wp-content\/uploads\/2022\/02\/renaper-01.jpg?resize=768%2C427&amp;ssl=1 768w\" sizes=\"auto, (max-width: 800px) 100vw, 800px\" \/><\/p>\n<p>&nbsp;<\/p>\n<p>Los interesados podr\u00e1n recibir <em>asesoramiento, iniciar tr\u00e1mites de Radicaciones, cambios de categor\u00eda (Temporaria a Permanente), emitir y renovar certificados de Residencia Precarias, resolver solicitudes de residencias y consultar estado de tr\u00e1mites de Radicaci\u00f3n ya iniciados<\/em>.<\/p>\n<p>&nbsp;<\/p>\n<p>Se aclar\u00f3 que <strong>no se realizar\u00e1n tr\u00e1mites de DNI<\/strong> relacionados al robo o extrav\u00edo, cambio de domicilio, actualizaciones.<\/p>\n<p>&nbsp;<\/p>\n<p>Finalmente, se recod\u00f3 que <strong>no hay que sacar turno ni pagar nada previamente<\/strong>. La atenci\u00f3n se dar\u00e1 por orden de llegada.<\/p>\n<p>&nbsp;<\/p>\n<p><img data-recalc-dims=\"1\" loading=\"lazy\" decoding=\"async\" class=\"size-full wp-image-46473 aligncenter\" src=\"https:\/\/i0.wp.com\/cdnoticias.com\/wp-content\/uploads\/2022\/02\/renaper-02.jpg?resize=800%2C445&#038;ssl=1\" alt=\"\" width=\"800\" height=\"445\" srcset=\"https:\/\/i0.wp.com\/cdnoticias.com\/wp-content\/uploads\/2022\/02\/renaper-02.jpg?w=800&amp;ssl=1 800w, https:\/\/i0.wp.com\/cdnoticias.com\/wp-content\/uploads\/2022\/02\/renaper-02.jpg?resize=300%2C167&amp;ssl=1 300w, https:\/\/i0.wp.com\/cdnoticias.com\/wp-content\/uploads\/2022\/02\/renaper-02.jpg?resize=768%2C427&amp;ssl=1 768w\" sizes=\"auto, (max-width: 800px) 100vw, 800px\" \/><\/p>\n","protected":false},"excerpt":{"rendered":"<p>Ser\u00e1 el jueves desde las 10 en la sede del RENAPER. Se realizar\u00e1 un operativo territorial. Qu\u00e9 tr\u00e1mites se pueden<\/p>\n","protected":false},"author":4,"featured_media":46471,"comment_status":"closed","ping_status":"closed","sticky":false,"template":"","format":"standard","meta":{"_jetpack_memberships_contains_paid_content":false,"footnotes":""},"categories":[5,1],"tags":[],"class_list":["post-46470","post","type-post","status-publish","format-standard","has-post-thumbnail","hentry","category-informacion-general","category-portada"],"jetpack_featured_media_url":"https:\/\/i0.wp.com\/cdnoticias.com\/wp-content\/uploads\/2022\/02\/renaper-00.jpg?fit=800%2C445&ssl=1","jetpack_sharing_enabled":true,"_links":{"self":[{"href":"https:\/\/cdnoticias.com\/index.php\/wp-json\/wp\/v2\/posts\/46470","targetHints":{"allow":["GET"]}}],"collection":[{"href":"https:\/\/cdnoticias.com\/index.php\/wp-json\/wp\/v2\/posts"}],"about":[{"href":"https:\/\/cdnoticias.com\/index.php\/wp-json\/wp\/v2\/types\/post"}],"author":[{"embeddable":true,"href":"https:\/\/cdnoticias.com\/index.php\/wp-json\/wp\/v2\/users\/4"}],"replies":[{"embeddable":true,"href":"https:\/\/cdnoticias.com\/index.php\/wp-json\/wp\/v2\/comments?post=46470"}],"version-history":[{"count":0,"href":"https:\/\/cdnoticias.com\/index.php\/wp-json\/wp\/v2\/posts\/46470\/revisions"}],"wp:featuredmedia":[{"embeddable":true,"href":"https:\/\/cdnoticias.com\/index.php\/wp-json\/wp\/v2\/media\/46471"}],"wp:attachment":[{"href":"https:\/\/cdnoticias.com\/index.php\/wp-json\/wp\/v2\/media?parent=46470"}],"wp:term":[{"taxonomy":"category","embeddable":true,"href":"https:\/\/cdnoticias.com\/index.php\/wp-json\/wp\/v2\/categories?post=46470"},{"taxonomy":"post_tag","embeddable":true,"href":"https:\/\/cdnoticias.com\/index.php\/wp-json\/wp\/v2\/tags?post=46470"}],"curies":[{"name":"wp","href":"https:\/\/api.w.org\/{rel}","templated":true}]}}