{"id":46452,"date":"2022-02-14T09:55:43","date_gmt":"2022-02-14T12:55:43","guid":{"rendered":"https:\/\/www.centraldenoticias.com.ar\/?p=46452"},"modified":"2022-02-14T09:55:43","modified_gmt":"2022-02-14T12:55:43","slug":"vacunacion-covid-casi-un-centenar-de-personas-se-vacunaron-en-sierras-bayas","status":"publish","type":"post","link":"https:\/\/cdnoticias.com\/index.php\/2022\/02\/14\/vacunacion-covid-casi-un-centenar-de-personas-se-vacunaron-en-sierras-bayas\/","title":{"rendered":"Vacunaci\u00f3n Covid: casi un centenar de personas se vacunaron en Sierras Bayas"},"content":{"rendered":"<p>El personal de la Regi\u00f3n Sanitaria IX estuvo en la plaza central de la localidad. En total, m\u00e1s de 290 personas recibieron dosis en las distintas postas.<!--more--><\/p>\n<hr \/>\n<p>En la jornada del domingo se aplicaron 30 vacunas contra el Covid-19 a ni\u00f1os y ni\u00f1as de 3 a 17 a\u00f1os, y 224 terceras dosis sobre <strong>un total de 294 aplicaciones<\/strong>.<\/p>\n<p>&nbsp;<\/p>\n<p>Se detall\u00f3 desde la <strong>Regi\u00f3n Sanitaria IX<\/strong> que <strong>en la plaza central de Sierras Bayas se vacunaron 92 vecinas y vecinos<\/strong>; en la Facultad de Ciencias de la Salud se inocularon 113 personas, y en el Servicio Territorial N\u00b02 se aplicaron 89 dosis.<\/p>\n<p>&nbsp;<\/p>\n<p><img data-recalc-dims=\"1\" loading=\"lazy\" decoding=\"async\" class=\"size-large wp-image-46455 aligncenter\" src=\"https:\/\/i0.wp.com\/cdnoticias.com\/wp-content\/uploads\/2022\/02\/vacunacion-sierras-bayas-01.jpg?resize=800%2C445&#038;ssl=1\" alt=\"\" width=\"800\" height=\"445\" srcset=\"https:\/\/i0.wp.com\/cdnoticias.com\/wp-content\/uploads\/2022\/02\/vacunacion-sierras-bayas-01.jpg?resize=1024%2C570&amp;ssl=1 1024w, https:\/\/i0.wp.com\/cdnoticias.com\/wp-content\/uploads\/2022\/02\/vacunacion-sierras-bayas-01.jpg?resize=300%2C167&amp;ssl=1 300w, https:\/\/i0.wp.com\/cdnoticias.com\/wp-content\/uploads\/2022\/02\/vacunacion-sierras-bayas-01.jpg?resize=768%2C427&amp;ssl=1 768w, https:\/\/i0.wp.com\/cdnoticias.com\/wp-content\/uploads\/2022\/02\/vacunacion-sierras-bayas-01.jpg?resize=800%2C445&amp;ssl=1 800w, https:\/\/i0.wp.com\/cdnoticias.com\/wp-content\/uploads\/2022\/02\/vacunacion-sierras-bayas-01.jpg?w=1280&amp;ssl=1 1280w\" sizes=\"auto, (max-width: 800px) 100vw, 800px\" \/><\/p>\n<p>&nbsp;<\/p>\n<p>Adem\u00e1s, contin\u00faa vigente la implementaci\u00f3n del <strong>Pase Libre con Vacuna<\/strong> en la provincia de Buenos Aires. Los responsables de actividades con alta concurrencia deber\u00e1n solicitar el certificado de vacunaci\u00f3n.<\/p>\n<p>&nbsp;<\/p>\n<p>Es el requisito de al menos dos dosis de la vacuna contra el Covid-19 si ten\u00e9s m\u00e1s de 13 a\u00f1os para poder asistir a algunas actividades en la provincia de Buenos Aires que pueden presentar mayor riesgo epidemiol\u00f3gico. No obstante, <strong>hasta el 28 de febrero<\/strong> si una persona tiene la primera dosis y no se cumpli\u00f3 el tiempo m\u00ednimo interdosis (seis semanas), tambi\u00e9n puede acreditar el pase libre.<\/p>\n<p>&nbsp;<\/p>\n<p><img data-recalc-dims=\"1\" loading=\"lazy\" decoding=\"async\" class=\"size-large wp-image-46456 aligncenter\" src=\"https:\/\/i0.wp.com\/cdnoticias.com\/wp-content\/uploads\/2022\/02\/vacunacion-sierras-bayas-02.jpg?resize=800%2C445&#038;ssl=1\" alt=\"\" width=\"800\" height=\"445\" srcset=\"https:\/\/i0.wp.com\/cdnoticias.com\/wp-content\/uploads\/2022\/02\/vacunacion-sierras-bayas-02.jpg?resize=1024%2C570&amp;ssl=1 1024w, https:\/\/i0.wp.com\/cdnoticias.com\/wp-content\/uploads\/2022\/02\/vacunacion-sierras-bayas-02.jpg?resize=300%2C167&amp;ssl=1 300w, https:\/\/i0.wp.com\/cdnoticias.com\/wp-content\/uploads\/2022\/02\/vacunacion-sierras-bayas-02.jpg?resize=768%2C427&amp;ssl=1 768w, https:\/\/i0.wp.com\/cdnoticias.com\/wp-content\/uploads\/2022\/02\/vacunacion-sierras-bayas-02.jpg?resize=800%2C445&amp;ssl=1 800w, https:\/\/i0.wp.com\/cdnoticias.com\/wp-content\/uploads\/2022\/02\/vacunacion-sierras-bayas-02.jpg?w=1280&amp;ssl=1 1280w\" sizes=\"auto, (max-width: 800px) 100vw, 800px\" \/><\/p>\n<p>&nbsp;<\/p>\n<p>Sigue la <strong>vacunaci\u00f3n libre de terceras dosis<\/strong> para todas las personas mayores de 50 a\u00f1os,inmunodeprimidos, personal de seguridad, personas gestantes o en periodo de lactancia y trabajadores de la educaci\u00f3n de todos los niveles educativos y contin\u00faa la inoculaci\u00f3n libre de primeras y segundas dosis para mayores de 3 a\u00f1os, ya sean argentinas, argentinos y turistas extranjeros.<\/p>\n<p>&nbsp;<\/p>\n<p>Por dudas o consultas, podr\u00e1n acercarse a cualquiera de las dos postas: Servicio Territorial N\u00b02, Av. Alberdi 2543, de 8 a 18 hs y en la Facultad de Ciencias de la Salud, Merlo entre Av. Pringles y 9 de Julio, de 8 a 18 hs.<\/p>\n","protected":false},"excerpt":{"rendered":"<p>El personal de la Regi\u00f3n Sanitaria IX estuvo en la plaza central de la localidad. En total, m\u00e1s de 290<\/p>\n","protected":false},"author":4,"featured_media":46454,"comment_status":"closed","ping_status":"closed","sticky":false,"template":"","format":"standard","meta":{"_jetpack_memberships_contains_paid_content":false,"footnotes":""},"categories":[16,1],"tags":[],"class_list":["post-46452","post","type-post","status-publish","format-standard","has-post-thumbnail","hentry","category-covid-19","category-portada"],"jetpack_featured_media_url":"https:\/\/i0.wp.com\/cdnoticias.com\/wp-content\/uploads\/2022\/02\/vacunacion-sierras-bayas-00.jpg?fit=1071%2C596&ssl=1","jetpack_sharing_enabled":true,"_links":{"self":[{"href":"https:\/\/cdnoticias.com\/index.php\/wp-json\/wp\/v2\/posts\/46452","targetHints":{"allow":["GET"]}}],"collection":[{"href":"https:\/\/cdnoticias.com\/index.php\/wp-json\/wp\/v2\/posts"}],"about":[{"href":"https:\/\/cdnoticias.com\/index.php\/wp-json\/wp\/v2\/types\/post"}],"author":[{"embeddable":true,"href":"https:\/\/cdnoticias.com\/index.php\/wp-json\/wp\/v2\/users\/4"}],"replies":[{"embeddable":true,"href":"https:\/\/cdnoticias.com\/index.php\/wp-json\/wp\/v2\/comments?post=46452"}],"version-history":[{"count":0,"href":"https:\/\/cdnoticias.com\/index.php\/wp-json\/wp\/v2\/posts\/46452\/revisions"}],"wp:featuredmedia":[{"embeddable":true,"href":"https:\/\/cdnoticias.com\/index.php\/wp-json\/wp\/v2\/media\/46454"}],"wp:attachment":[{"href":"https:\/\/cdnoticias.com\/index.php\/wp-json\/wp\/v2\/media?parent=46452"}],"wp:term":[{"taxonomy":"category","embeddable":true,"href":"https:\/\/cdnoticias.com\/index.php\/wp-json\/wp\/v2\/categories?post=46452"},{"taxonomy":"post_tag","embeddable":true,"href":"https:\/\/cdnoticias.com\/index.php\/wp-json\/wp\/v2\/tags?post=46452"}],"curies":[{"name":"wp","href":"https:\/\/api.w.org\/{rel}","templated":true}]}}