{"id":46434,"date":"2022-02-13T17:54:55","date_gmt":"2022-02-13T20:54:55","guid":{"rendered":"https:\/\/www.centraldenoticias.com.ar\/?p=46434"},"modified":"2022-02-13T18:49:06","modified_gmt":"2022-02-13T21:49:06","slug":"cortes-programados-de-electricidad-fueron-para-mejorar-la-calidad-del-servicio","status":"publish","type":"post","link":"https:\/\/cdnoticias.com\/index.php\/2022\/02\/13\/cortes-programados-de-electricidad-fueron-para-mejorar-la-calidad-del-servicio\/","title":{"rendered":"Cortes programados de electricidad: \u201cfueron para mejorar la calidad del servicio\u201d"},"content":{"rendered":"<p>As\u00ed fue explicado por Cruz Arouxet, presidente del Consejo de Administraci\u00f3n de Coopelectric, tras varias interrupciones del servicio para \u201crealizar tareas de mejor en las redes el\u00e9ctricas\u201d.<!--more--><\/p>\n<hr \/>\n<p>Mediante un comunicado,<strong> Coopelectric explic\u00f3 las acciones que llevaron adelante para mejorar la calidad del servicio el\u00e9ctrico, en una semana donde hubo varios cortes programados para profundizar las tareas del personal.<\/strong> Cruz Arouxet, presidente del Consejo de Administraci\u00f3n, admiti\u00f3 las complicaciones que generan los cortes, pero son &#8220;trabajos necesarios para brindar un servicio de calidad&#8221;.<\/p>\n<p>&nbsp;<\/p>\n<p>Se explic\u00f3 que, como dato positivo, <em>\u201cla ola de calor y el incremento de demanda registrados en el mes de enero<strong> aportaron informaci\u00f3n valiosa sobre el comportamiento del sistema el\u00e9ctrico permitiendo evidenciar y detectar las distintas zonas de la ciudad que alcanzaron su l\u00edmite de potencia<\/strong>\u201d.<\/em><\/p>\n<p>&nbsp;<\/p>\n<blockquote><p>\u201cEl sistema de distribuci\u00f3n debe ser capaz de proveer la energ\u00eda que los usuarios demandan, por lo que Coopelectric ha identificado cada una de las instalaciones comprometidas para actuar en consecuencia y evitar que se reiteren los mismos inconvenientes en el futuro\u201d.<\/p><\/blockquote>\n<p>&nbsp;<\/p>\n<p>A\u00f1adieron la importante cantidad de interrupciones programadas en varios puntos de la ciudad, pero<strong> se hizo \u00e9nfasis en las tareas realizadas el mi\u00e9rcoles en el sector comprendido por las calles Jun\u00edn &#8211; Merlo &#8211; Independencia &#8211; Rep. del L\u00edbano.<\/strong><\/p>\n<p>&nbsp;<\/p>\n<p>All\u00ed se realiz\u00f3 un<strong>a reforma en la Subestaci\u00f3n Transformadora N\u00b0 15 con el prop\u00f3sito de repotenciarla.<\/strong><em> \u201cLas actividades operativas incluyeron el recambi\u00f3 del transformador por uno de mayor potencia, la renovaci\u00f3n de los cables de salida que van desde el transformador al interruptor y tambi\u00e9n de las barras de distribuci\u00f3n, de las cuales se abastecen los diferentes circuitos de distribuci\u00f3n de la Subestaci\u00f3n\u201d<\/em>. Al mismo tiempo y<em> \u201ccon la mirada puesta en el crecimiento demogr\u00e1fico\u201d,<\/em><strong> se incorpor\u00f3 a un nuevo circuito que en el futuro permitir\u00e1 continuar atendiendo la demanda de la zona.<\/strong><\/p>\n<p>&nbsp;<\/p>\n<p>Para llevar a cabo las tareas se requiri\u00f3 del trabajo del personal del sector Subestaciones y del apoyo de veh\u00edculos especializados y de gran porte. <em>\u201cPr\u00f3ximamente, se volver\u00e1 a intervenir en la zona para adecuar la red de Baja Tensi\u00f3n a la nueva capacidad instalada\u201d.<\/em><\/p>\n<p>&nbsp;<\/p>\n<p>Adem\u00e1s<strong> se destac\u00f3 el trabajo realizado en el sistema rural de Dura\u00f1ona, donde se trabaj\u00f3 en la renovaci\u00f3n de un seccionador de fusible, adem\u00e1s de tares de mantenimiento general y la renovaci\u00f3n y reubicaci\u00f3n de un seccionador de fusible unipolar para alimentar la derivaci\u00f3n de una l\u00ednea MRT.<\/strong> Estas tareas fueron ejecutadas por personal de Subestaciones, Asistencia T\u00e9cnica Rural y Veh\u00edculos Pesados.<\/p>\n<p>&nbsp;<\/p>\n<p>Sobre las acciones realizadas, el presidente del Consejo de Administraci\u00f3n Cruz Arouxet expres\u00f3 que<em> \u201csabemos que las interrupciones programadas ocasionan molestias a los usuarios, pero queremos transmitirles que cada una de ellas se planifica para mantener y mejorar la calidad del Servicio que prestamos\u201d.<\/em><\/p>\n","protected":false},"excerpt":{"rendered":"<p>As\u00ed fue explicado por Cruz Arouxet, presidente del Consejo de Administraci\u00f3n de Coopelectric, tras varias interrupciones del servicio para \u201crealizar<\/p>\n","protected":false},"author":5,"featured_media":39852,"comment_status":"closed","ping_status":"closed","sticky":false,"template":"","format":"standard","meta":{"_jetpack_memberships_contains_paid_content":false,"footnotes":""},"categories":[5,1],"tags":[],"class_list":["post-46434","post","type-post","status-publish","format-standard","has-post-thumbnail","hentry","category-informacion-general","category-portada"],"jetpack_featured_media_url":"https:\/\/i0.wp.com\/cdnoticias.com\/wp-content\/uploads\/2021\/11\/CruzArouxet5.jpg?fit=4608%2C2564&ssl=1","jetpack_sharing_enabled":true,"_links":{"self":[{"href":"https:\/\/cdnoticias.com\/index.php\/wp-json\/wp\/v2\/posts\/46434","targetHints":{"allow":["GET"]}}],"collection":[{"href":"https:\/\/cdnoticias.com\/index.php\/wp-json\/wp\/v2\/posts"}],"about":[{"href":"https:\/\/cdnoticias.com\/index.php\/wp-json\/wp\/v2\/types\/post"}],"author":[{"embeddable":true,"href":"https:\/\/cdnoticias.com\/index.php\/wp-json\/wp\/v2\/users\/5"}],"replies":[{"embeddable":true,"href":"https:\/\/cdnoticias.com\/index.php\/wp-json\/wp\/v2\/comments?post=46434"}],"version-history":[{"count":0,"href":"https:\/\/cdnoticias.com\/index.php\/wp-json\/wp\/v2\/posts\/46434\/revisions"}],"wp:featuredmedia":[{"embeddable":true,"href":"https:\/\/cdnoticias.com\/index.php\/wp-json\/wp\/v2\/media\/39852"}],"wp:attachment":[{"href":"https:\/\/cdnoticias.com\/index.php\/wp-json\/wp\/v2\/media?parent=46434"}],"wp:term":[{"taxonomy":"category","embeddable":true,"href":"https:\/\/cdnoticias.com\/index.php\/wp-json\/wp\/v2\/categories?post=46434"},{"taxonomy":"post_tag","embeddable":true,"href":"https:\/\/cdnoticias.com\/index.php\/wp-json\/wp\/v2\/tags?post=46434"}],"curies":[{"name":"wp","href":"https:\/\/api.w.org\/{rel}","templated":true}]}}