{"id":46430,"date":"2022-02-13T18:48:54","date_gmt":"2022-02-13T21:48:54","guid":{"rendered":"https:\/\/www.centraldenoticias.com.ar\/?p=46430"},"modified":"2022-02-13T20:07:04","modified_gmt":"2022-02-13T23:07:04","slug":"covid-19-olavarria-transita-la-caida-de-la-tercera-ola","status":"publish","type":"post","link":"https:\/\/cdnoticias.com\/index.php\/2022\/02\/13\/covid-19-olavarria-transita-la-caida-de-la-tercera-ola\/","title":{"rendered":"Covid-19: Olavarr\u00eda transita la ca\u00edda de la tercera ola"},"content":{"rendered":"<p>Se registr\u00f3 la quinta semana consecutiva de casos en baja. La cantidad de nuevos casos representa una ca\u00edda de m\u00e1s del 90% respecto del pico que se dio en la primera semana del a\u00f1o.<!--more--><\/p>\n<hr \/>\n<p>Transcurrida una nueva semana de datos respecto a la pandemia del coronavirus podemos decir que <strong>nuestra ciudad transita la ca\u00edda de la tercera ola con la quinta semana consecutiva de casos en baja.<\/strong><\/p>\n<p>&nbsp;<\/p>\n<p>La <strong>sexta semana epidemiol\u00f3gica (del 6 al 12 de febrero)<\/strong> registr\u00f3 187 nuevos casos de Covid-19. Las altas fueron 557 y hubo un fallecido.<\/p>\n<p>&nbsp;<\/p>\n<blockquote><p>De los 497 testeos que se realizaron podemos decir que la positividad semanal se ubic\u00f3 en 37.6% y configura la m\u00e1s baja del a\u00f1o.<\/p><\/blockquote>\n<p>&nbsp;<\/p>\n<p>En ese sentido, debemos decir que<strong> la cantidad de nuevos casos confirmados es 54,7% menor a la semana anterior y representa una ca\u00edda superior al 90% respecto del pico de la tercera ola<\/strong> que se dio en la primera semana del a\u00f1o (del 2 al 8 de enero) cuando se detectaron 2607 casos.<\/p>\n<p>&nbsp;<\/p>\n<p>La<strong> raz\u00f3n de casos<\/strong> (comparaci\u00f3n de nuevos casos detectados en los \u00faltimos 15 d\u00edas respecto de las dos semanas anteriores) se ubic\u00f3 en 0,21. Se trata de la tercera semana consecutiva en que se ubica por debajo del m\u00e1ximo establecido en 1,20.<\/p>\n<p>&nbsp;<\/p>\n<p>La <strong>tasa de incidencia semanal<\/strong> se ubic\u00f3 en 493,6 casos cada 100 mil habitantes. El registro lleva cuatro semanas consecutivas en baja, aunque a\u00fan est\u00e1 por encima del m\u00e1ximo establecido en 150 casos cada 100 mil habitantes.<\/p>\n","protected":false},"excerpt":{"rendered":"<p>Se registr\u00f3 la quinta semana consecutiva de casos en baja. La cantidad de nuevos casos representa una ca\u00edda de m\u00e1s<\/p>\n","protected":false},"author":5,"featured_media":44279,"comment_status":"closed","ping_status":"closed","sticky":false,"template":"","format":"standard","meta":{"_jetpack_memberships_contains_paid_content":false,"footnotes":""},"categories":[16,1],"tags":[],"class_list":["post-46430","post","type-post","status-publish","format-standard","has-post-thumbnail","hentry","category-covid-19","category-portada"],"jetpack_featured_media_url":"https:\/\/i0.wp.com\/cdnoticias.com\/wp-content\/uploads\/2022\/01\/DIB-testeos-en-la-costa-1024x768-1.jpg?fit=1024%2C768&ssl=1","jetpack_sharing_enabled":true,"_links":{"self":[{"href":"https:\/\/cdnoticias.com\/index.php\/wp-json\/wp\/v2\/posts\/46430","targetHints":{"allow":["GET"]}}],"collection":[{"href":"https:\/\/cdnoticias.com\/index.php\/wp-json\/wp\/v2\/posts"}],"about":[{"href":"https:\/\/cdnoticias.com\/index.php\/wp-json\/wp\/v2\/types\/post"}],"author":[{"embeddable":true,"href":"https:\/\/cdnoticias.com\/index.php\/wp-json\/wp\/v2\/users\/5"}],"replies":[{"embeddable":true,"href":"https:\/\/cdnoticias.com\/index.php\/wp-json\/wp\/v2\/comments?post=46430"}],"version-history":[{"count":0,"href":"https:\/\/cdnoticias.com\/index.php\/wp-json\/wp\/v2\/posts\/46430\/revisions"}],"wp:featuredmedia":[{"embeddable":true,"href":"https:\/\/cdnoticias.com\/index.php\/wp-json\/wp\/v2\/media\/44279"}],"wp:attachment":[{"href":"https:\/\/cdnoticias.com\/index.php\/wp-json\/wp\/v2\/media?parent=46430"}],"wp:term":[{"taxonomy":"category","embeddable":true,"href":"https:\/\/cdnoticias.com\/index.php\/wp-json\/wp\/v2\/categories?post=46430"},{"taxonomy":"post_tag","embeddable":true,"href":"https:\/\/cdnoticias.com\/index.php\/wp-json\/wp\/v2\/tags?post=46430"}],"curies":[{"name":"wp","href":"https:\/\/api.w.org\/{rel}","templated":true}]}}