{"id":46421,"date":"2022-02-13T12:08:37","date_gmt":"2022-02-13T15:08:37","guid":{"rendered":"https:\/\/www.centraldenoticias.com.ar\/?p=46421"},"modified":"2022-02-13T12:56:35","modified_gmt":"2022-02-13T15:56:35","slug":"azul-olavarrienses-protagonizaron-un-violento-vuelco-en-ruta-51","status":"publish","type":"post","link":"https:\/\/cdnoticias.com\/index.php\/2022\/02\/13\/azul-olavarrienses-protagonizaron-un-violento-vuelco-en-ruta-51\/","title":{"rendered":"Azul: Olavarrienses protagonizaron un violento vuelco en Ruta 51"},"content":{"rendered":"<p>Fueron trasladados al Hospital de la vecina ciudad tras despistarse y volcar en una curva entre las v\u00edas del paraje La Colorada y la rotonda de ruta 226. <!--more--><\/p>\n<hr \/>\n<p>A primera hora de este domingo, <strong>una camioneta tripulada por olavarrienses se despist\u00f3 y volc\u00f3 violentamente en ruta 51, a pocos kil\u00f3metros de la ciudad de Azul. Fueron trasladados al Hospital de dicha ciudad para ser asistidos por personal de salud.<\/strong><\/p>\n<p>&nbsp;<\/p>\n<p>Seg\u00fan se logr\u00f3 saber, el hecho sucedi\u00f3 pasadas las 6 de la ma\u00f1ana <strong>entre las v\u00edas del Paraje La Colorada y la rotonda que une la ruta 51 y 226.<\/strong><\/p>\n<p>&nbsp;<\/p>\n<p>All\u00ed, por causas que se intentan esclarecer<strong>, la camioneta -sin intervenci\u00f3n de otro rodado en principio- se despist\u00f3 en una curva y volc\u00f3. Por la violencia del impacto la Chevrolet S10 qued\u00f3 atravesada sobre la cinta asf\u00e1ltica.<\/strong><\/p>\n<p>&nbsp;<\/p>\n<p><img data-recalc-dims=\"1\" loading=\"lazy\" decoding=\"async\" class=\"aligncenter size-large wp-image-46423\" src=\"https:\/\/i0.wp.com\/cdnoticias.com\/wp-content\/uploads\/2022\/02\/WhatsApp-Image-2022-02-13-at-10.46.41.jpeg?resize=800%2C450&#038;ssl=1\" alt=\"\" width=\"800\" height=\"450\" srcset=\"https:\/\/i0.wp.com\/cdnoticias.com\/wp-content\/uploads\/2022\/02\/WhatsApp-Image-2022-02-13-at-10.46.41.jpeg?resize=1024%2C576&amp;ssl=1 1024w, https:\/\/i0.wp.com\/cdnoticias.com\/wp-content\/uploads\/2022\/02\/WhatsApp-Image-2022-02-13-at-10.46.41.jpeg?resize=300%2C169&amp;ssl=1 300w, https:\/\/i0.wp.com\/cdnoticias.com\/wp-content\/uploads\/2022\/02\/WhatsApp-Image-2022-02-13-at-10.46.41.jpeg?resize=768%2C432&amp;ssl=1 768w, https:\/\/i0.wp.com\/cdnoticias.com\/wp-content\/uploads\/2022\/02\/WhatsApp-Image-2022-02-13-at-10.46.41.jpeg?resize=1536%2C864&amp;ssl=1 1536w, https:\/\/i0.wp.com\/cdnoticias.com\/wp-content\/uploads\/2022\/02\/WhatsApp-Image-2022-02-13-at-10.46.41.jpeg?w=1599&amp;ssl=1 1599w\" sizes=\"auto, (max-width: 800px) 100vw, 800px\" \/><\/p>\n<p>&nbsp;<\/p>\n<p>Una ambulancia del SAME traslad\u00f3 a <strong>dos j\u00f3venes domiciliados en Olavarr\u00eda identificados como Leonardo Lazarte, de 30 a\u00f1os de edad, y Jonathan Della Maggiora de 32, con heridas de car\u00e1cter leve<\/strong> e incluso se inform\u00f3 que se encontraban \u201cl\u00facidos y fuera de peligro\u201d.<\/p>\n<p>&nbsp;<\/p>\n<p>En el lugar, adem\u00e1s de personal policial y de salud, trabajaron Bomberos del Destacamento local y efectivos de Polic\u00eda Cient\u00edfica para determinar las causas del siniestro vial.<\/p>\n<p>&nbsp;<\/p>\n<p><em>Foto e informaci\u00f3n: Gentileza Diario El Tiempo de Azul<\/em><\/p>\n","protected":false},"excerpt":{"rendered":"<p>Fueron trasladados al Hospital de la vecina ciudad tras despistarse y volcar en una curva entre las v\u00edas del paraje<\/p>\n","protected":false},"author":5,"featured_media":46422,"comment_status":"closed","ping_status":"closed","sticky":false,"template":"","format":"standard","meta":{"_jetpack_memberships_contains_paid_content":false,"footnotes":""},"categories":[14,1],"tags":[],"class_list":["post-46421","post","type-post","status-publish","format-standard","has-post-thumbnail","hentry","category-policiales","category-portada"],"jetpack_featured_media_url":"https:\/\/i0.wp.com\/cdnoticias.com\/wp-content\/uploads\/2022\/02\/WhatsApp-Image-2022-02-13-at-10.46.39.jpeg?fit=1280%2C960&ssl=1","jetpack_sharing_enabled":true,"_links":{"self":[{"href":"https:\/\/cdnoticias.com\/index.php\/wp-json\/wp\/v2\/posts\/46421","targetHints":{"allow":["GET"]}}],"collection":[{"href":"https:\/\/cdnoticias.com\/index.php\/wp-json\/wp\/v2\/posts"}],"about":[{"href":"https:\/\/cdnoticias.com\/index.php\/wp-json\/wp\/v2\/types\/post"}],"author":[{"embeddable":true,"href":"https:\/\/cdnoticias.com\/index.php\/wp-json\/wp\/v2\/users\/5"}],"replies":[{"embeddable":true,"href":"https:\/\/cdnoticias.com\/index.php\/wp-json\/wp\/v2\/comments?post=46421"}],"version-history":[{"count":0,"href":"https:\/\/cdnoticias.com\/index.php\/wp-json\/wp\/v2\/posts\/46421\/revisions"}],"wp:featuredmedia":[{"embeddable":true,"href":"https:\/\/cdnoticias.com\/index.php\/wp-json\/wp\/v2\/media\/46422"}],"wp:attachment":[{"href":"https:\/\/cdnoticias.com\/index.php\/wp-json\/wp\/v2\/media?parent=46421"}],"wp:term":[{"taxonomy":"category","embeddable":true,"href":"https:\/\/cdnoticias.com\/index.php\/wp-json\/wp\/v2\/categories?post=46421"},{"taxonomy":"post_tag","embeddable":true,"href":"https:\/\/cdnoticias.com\/index.php\/wp-json\/wp\/v2\/tags?post=46421"}],"curies":[{"name":"wp","href":"https:\/\/api.w.org\/{rel}","templated":true}]}}