{"id":4642,"date":"2020-10-22T16:39:53","date_gmt":"2020-10-22T19:39:53","guid":{"rendered":"http:\/\/www.centraldenoticias.com.ar\/?p=4642"},"modified":"2020-10-22T17:48:59","modified_gmt":"2020-10-22T20:48:59","slug":"el-concejo-deliberante-repudio-los-hechos-de-violencia-en-el-palacio-san-martin","status":"publish","type":"post","link":"https:\/\/cdnoticias.com\/index.php\/2020\/10\/22\/el-concejo-deliberante-repudio-los-hechos-de-violencia-en-el-palacio-san-martin\/","title":{"rendered":"El Concejo Deliberante repudi\u00f3 los \u201chechos de violencia\u201d en el Palacio San Mart\u00edn"},"content":{"rendered":"<p>Se solidarizaron con el periodista Jorge Scotton y Luis Molina, quienes sufrieron agresiones. Hubo acusaciones acerca de los canales de di\u00e1logo, el rol de la Mesa de Emergencia y la cobertura de alcance nacional. \u201cHace tiempo que se hace la vista gorda del accionar de la polic\u00eda para con los j\u00f3venes\u201d.<!--more--><\/p>\n<hr \/>\n<p>En una larga sesi\u00f3n ordinaria del Concejo Deliberante,<strong> el cuerpo de concejales repudi\u00f3 los \u201chechos de violencia\u201d del pasado martes en el Palacio San Mart\u00edn, con el accionar policial contra un grupo de skaters y la Mesa de Emergencia que protestaba en la puerta del Municipio.<\/strong> Quitaron la palabra \u201ctoma\u201d de uno de los proyectos y hubo cr\u00edticas en el manejo de la situaci\u00f3n.<\/p>\n<p>&nbsp;<\/p>\n<blockquote><p>Tambi\u00e9n la totalidad de los ediles manifest\u00f3 la solidaridad con el periodista Jorge Scotton y el fot\u00f3grafo Luis Molina quienes sufrieron agresiones y roturas en equipos.<\/p><\/blockquote>\n<p>&nbsp;<\/p>\n<p><strong>Cecilia Krivochen<\/strong> (Juntos por el Cambio) dijo que fue <em>\u201cuna jornada triste, no s\u00f3lo para los vecinos, sino para una persona que hace m\u00e1s de hace 20 a\u00f1os trabaja en la prensa\u201d.<\/em><\/p>\n<p>&nbsp;<\/p>\n<p>Por el conflicto, dijo que<em> \u201cno voy a entrar en detalles de si hay di\u00e1logo o no. Quisiera hablar de dos cuestiones: el hecho de violencia, porque se violent\u00f3 un edificio p\u00fablico. Las im\u00e1genes est\u00e1n, rompieron vidrios, la escalera de m\u00e1rmol, y se buscaba romper m\u00e1s. La prensa hace meses trabaja las 24 horas los 7 d\u00edas de la semana. Hace mucho tiempo trabaja en dos sentidos, y un eje fundamental para la comunidad. Se hacen eco constantemente de lo que la comunidad necesita, y cuando una respuesta no llega, sea de cualquier organismo, van a los medios para visibilizar alguna cuesti\u00f3n\u201d.<\/em><\/p>\n<p>&nbsp;<\/p>\n<p><em>\u201cCuando queremos llegar de forma masiva a la prensa, acudimos a ellos. Lo que le pas\u00f3 a Jorge Scotton, a Luis Molina es algo que debemos repudiar\u201d<\/em> agreg\u00f3 y mencion\u00f3 la situaci\u00f3n donde se \u201cvulneraron\u201d derechos y tambi\u00e9n las posturas deliberativas acerca de celebrar la creaci\u00f3n de nuevos medios. <strong><em>\u201cNo podemos dejar de repudiar este tipo de actitudes\u201d<\/em><\/strong><\/p>\n<p>&nbsp;<\/p>\n<p><strong>Celeste Arouxet fue quien propuso cambiar el texto de los proyectos y quitar el concepto \u201ctoma\u201d<\/strong> dado que no consideraban una toma del Municipio. La moci\u00f3n fue aprobada por unanimidad.<\/p>\n<p>&nbsp;<\/p>\n<p><img data-recalc-dims=\"1\" loading=\"lazy\" decoding=\"async\" class=\"alignnone size-full wp-image-4644\" src=\"https:\/\/i0.wp.com\/cdnoticias.com\/wp-content\/uploads\/2020\/10\/DSC_1153.jpg?resize=800%2C535&#038;ssl=1\" alt=\"\" width=\"800\" height=\"535\" srcset=\"https:\/\/i0.wp.com\/cdnoticias.com\/wp-content\/uploads\/2020\/10\/DSC_1153.jpg?w=2992&amp;ssl=1 2992w, https:\/\/i0.wp.com\/cdnoticias.com\/wp-content\/uploads\/2020\/10\/DSC_1153.jpg?resize=300%2C201&amp;ssl=1 300w, https:\/\/i0.wp.com\/cdnoticias.com\/wp-content\/uploads\/2020\/10\/DSC_1153.jpg?resize=768%2C513&amp;ssl=1 768w, https:\/\/i0.wp.com\/cdnoticias.com\/wp-content\/uploads\/2020\/10\/DSC_1153.jpg?resize=1024%2C684&amp;ssl=1 1024w, https:\/\/i0.wp.com\/cdnoticias.com\/wp-content\/uploads\/2020\/10\/DSC_1153.jpg?resize=272%2C182&amp;ssl=1 272w, https:\/\/i0.wp.com\/cdnoticias.com\/wp-content\/uploads\/2020\/10\/DSC_1153.jpg?w=1600&amp;ssl=1 1600w, https:\/\/i0.wp.com\/cdnoticias.com\/wp-content\/uploads\/2020\/10\/DSC_1153.jpg?w=2400&amp;ssl=1 2400w\" sizes=\"auto, (max-width: 800px) 100vw, 800px\" \/><\/p>\n<p>&nbsp;<\/p>\n<p><strong>Juan S\u00e1nchez (Frente de Todos)<\/strong> dijo que esperaron <em>\u201cuna rectificaci\u00f3n\u201d<\/em> del Intendente o los concejales por las frases del estilo <em>\u201chubo una mano pol\u00edtica atr\u00e1s\u201d<\/em> que <em>\u201censucian la actividad, actividad que dicho sea de paso es la que lo coloc\u00f3 como intendente de la ciudad\u201d.<\/em><\/p>\n<p>&nbsp;<\/p>\n<blockquote><p>Mostr\u00f3 una placa de TN en la que se\u00f1alaba dichos de Ritondo y la relaci\u00f3n Grabois \u2013 Olavarr\u00eda y se\u00f1al\u00f3 que tergiversaron absolutamente toda la situaci\u00f3n. Mencion\u00f3 una \u201ctoma que s\u00ed fue violenta\u201d y que sufri\u00f3 su familia a inicios del mes de marzo.<\/p><\/blockquote>\n<p>&nbsp;<\/p>\n<p><strong>Maite Salerno mencion\u00f3 todos los avances en los reclamos de las familias y aclar\u00f3 que <em>\u201cno todas necesitaban una vivienda, sino arreglos, subsidios, infraestructura\u201d. \u201cSe est\u00e1 trabajando y escuchando los reclamos, repudiamos las formas de lo que pas\u00f3 el martes pasado\u201d<\/em><\/strong> cerr\u00f3.<\/p>\n<p>&nbsp;<\/p>\n<blockquote><p>Victoria De Bellis manifest\u00f3 rechazo y preocupaci\u00f3n por los hechos. \u201cEl di\u00e1logo es el \u00fanico camino, tiene que ser conducido institucionalmente\u201d.<\/p><\/blockquote>\n<p>&nbsp;<\/p>\n<p>Alicia Almada ahond\u00f3 un poco m\u00e1s en la problem\u00e1tica y se\u00f1al\u00f3 que<em> \u201cse dejan pasar temas con aristas variadas para condensarlo en un repudio de dos art\u00edculos\u201d.<\/em><\/p>\n<p>&nbsp;<\/p>\n<p>Se pregunt\u00f3 por la ausencia de la Direcci\u00f3n de Juventudes y la situaci\u00f3n de los skaters:<strong><em> \u201cNo es la primera vez que sufren agresiones. Que est\u00e1n filmadas. No puede ser una cosa menor que se deje pasar en este recinto\u201d.<\/em><\/strong><\/p>\n<p>&nbsp;<\/p>\n<p>Y agreg\u00f3: <em>\u201ccuando se le pregunt\u00f3 a Galli por el accionar policial \u00e9l dijo que la polic\u00eda respond\u00eda a Berni. El Municipio tiene una responsabilidad de la polic\u00eda. Hace tiempo que se hace la vista gorda del accionar de la polic\u00eda para con los j\u00f3venes. El despliegue del GAD ante j\u00f3venes y mujeres que protestaban me pareci\u00f3 no menos que descabellado\u201d.<\/em><\/p>\n<p>&nbsp;<\/p>\n<p>Resalt\u00f3 el rol de la Mesa de Emergencia con un trabajo \u201cminucioso\u201d meses atr\u00e1s y pidi\u00f3<em> \u201cmesurar las cosas, separarlas, jerarquizarlas\u201d. \u201cEl Intendente en vez de tranquilizar, dialogar con una chapa y ventanas a las familias, les da notas a los medios nacionales\u201d.<\/em><\/p>\n<p>&nbsp;<\/p>\n<p>Y cerr\u00f3: <em>\u201cLa propiedad privada no est\u00e1 en peligro en Argentina, est\u00e1 en peligro el pedido de cientos de miles de argentinos. Las problem\u00e1ticas van a seguir. Cada una har\u00e1 la parte que tiene que hacer\u201d.<\/em><\/p>\n<p>&nbsp;<\/p>\n<p>Finalmente, <strong>Celeste Arouxet critic\u00f3 con dureza las palabras de los concejales oficialistas<\/strong>.<em> \u201cPareciera que es un municipio solidario. Es la obligaci\u00f3n que tienen. No alcanza decir que hay di\u00e1logo, se necesitan acciones. Todav\u00eda no respondimos ese tema, el de la Mesa de Emergencia. Le pedimos al intendente celeridad y respeto\u201d.<\/em><\/p>\n<p>&nbsp;<\/p>\n<p>Tras las alocuciones, todos los proyectos \u2013con la modificaci\u00f3n- fueron aprobados por unanimidad.<\/p>\n","protected":false},"excerpt":{"rendered":"<p>Se solidarizaron con el periodista Jorge Scotton y Luis Molina, quienes sufrieron agresiones. Hubo acusaciones acerca de los canales de<\/p>\n","protected":false},"author":2,"featured_media":4643,"comment_status":"closed","ping_status":"closed","sticky":false,"template":"","format":"standard","meta":{"_jetpack_memberships_contains_paid_content":false,"footnotes":""},"categories":[4,1],"tags":[],"class_list":["post-4642","post","type-post","status-publish","format-standard","has-post-thumbnail","hentry","category-politica","category-portada"],"jetpack_featured_media_url":"https:\/\/i0.wp.com\/cdnoticias.com\/wp-content\/uploads\/2020\/10\/DSC_1134.jpg?fit=2992%2C2000&ssl=1","jetpack_sharing_enabled":true,"_links":{"self":[{"href":"https:\/\/cdnoticias.com\/index.php\/wp-json\/wp\/v2\/posts\/4642","targetHints":{"allow":["GET"]}}],"collection":[{"href":"https:\/\/cdnoticias.com\/index.php\/wp-json\/wp\/v2\/posts"}],"about":[{"href":"https:\/\/cdnoticias.com\/index.php\/wp-json\/wp\/v2\/types\/post"}],"author":[{"embeddable":true,"href":"https:\/\/cdnoticias.com\/index.php\/wp-json\/wp\/v2\/users\/2"}],"replies":[{"embeddable":true,"href":"https:\/\/cdnoticias.com\/index.php\/wp-json\/wp\/v2\/comments?post=4642"}],"version-history":[{"count":0,"href":"https:\/\/cdnoticias.com\/index.php\/wp-json\/wp\/v2\/posts\/4642\/revisions"}],"wp:featuredmedia":[{"embeddable":true,"href":"https:\/\/cdnoticias.com\/index.php\/wp-json\/wp\/v2\/media\/4643"}],"wp:attachment":[{"href":"https:\/\/cdnoticias.com\/index.php\/wp-json\/wp\/v2\/media?parent=4642"}],"wp:term":[{"taxonomy":"category","embeddable":true,"href":"https:\/\/cdnoticias.com\/index.php\/wp-json\/wp\/v2\/categories?post=4642"},{"taxonomy":"post_tag","embeddable":true,"href":"https:\/\/cdnoticias.com\/index.php\/wp-json\/wp\/v2\/tags?post=4642"}],"curies":[{"name":"wp","href":"https:\/\/api.w.org\/{rel}","templated":true}]}}