{"id":4636,"date":"2020-10-22T13:37:43","date_gmt":"2020-10-22T16:37:43","guid":{"rendered":"http:\/\/www.centraldenoticias.com.ar\/?p=4636"},"modified":"2020-10-22T13:37:43","modified_gmt":"2020-10-22T16:37:43","slug":"hay-que-llevarle-seguridad-a-la-ciudadania-no-da-todo-lo-mismo","status":"publish","type":"post","link":"https:\/\/cdnoticias.com\/index.php\/2020\/10\/22\/hay-que-llevarle-seguridad-a-la-ciudadania-no-da-todo-lo-mismo\/","title":{"rendered":"\u201cHay que llevarle seguridad a la ciudadan\u00eda, no da todo lo mismo\u201d"},"content":{"rendered":"<p>Sostuvo el vicepresidente del bloque Juntos por el Cambio en la C\u00e1mara de Diputados bonaerense, Alex Campbell, acerca de lo sucedido el martes en Olavarr\u00eda.<!--more--><\/p>\n<hr \/>\n<p>\u201c<strong>Venimos alarmando sobre el descontrol de las tomas en toda la provincia de Buenos Aires<\/strong> y, lamentablemente, el Gobierno no hace m\u00e1s que contradecirse sobre este tema. Hay que ser claros, las tomas son un delito\u201d subray\u00f3 el <strong>vicepresidente del bloque Juntos por el Cambio en la C\u00e1mara de Diputados bonaerense, Alex Campbell<\/strong>, acerca de lo sucedido <a href=\"https:\/\/cdnoticias.com\/index.php\/2020\/10\/20\/graves-incidentes-frente-al-municipio-intervino-el-gad\/\" target=\"_blank\" rel=\"noopener\">el martes en Olavarr\u00eda<\/a>.<\/p>\n<blockquote><p>El ex subsecretario de Asuntos Municipales de la provincia de Buenos Aires durante la gesti\u00f3n anterior, consider\u00f3 que \u201ces inadmisible lo sucedido en Olavarr\u00eda, hay que llevarle seguridad a la ciudadan\u00eda, no da todo lo mismo. Todo nuestro apoyo al Intendente, que hace un gran trabajo por la ciudad y sus vecinos y no merece este tipo de cosas por parte de grupos que buscan generar violencia pol\u00edtica\u201d.<\/p><\/blockquote>\n<p>Sus declaraciones se dieron en el marco del <strong>comunicado que emiti\u00f3 la bancada de Juntos por el Cambio en la C\u00e1mara Baja de la Legislatura bonaerense<\/strong> bajo el t\u00edtulo \u201crepudio absoluto ante el intento de toma y usurpaci\u00f3n de las Municipalidades de Jun\u00edn y Olavarr\u00eda\u201d.<\/p>\n<blockquote><p>\u201cEl Bloque de Diputados y Diputadas de Juntos por el Cambio de la Provincia manifiesta su mayor repudio ante el accionar y atropello a las instituciones por parte de un grupo violento de manifestantes que utiliza las necesidades de la gente para intimidar y extorsionar\u201d afirmaron.<\/p><\/blockquote>\n<p>Tal como defini\u00f3 Campbell, el bloque defini\u00f3 como \u201c<strong>inadmisible este tipo de pr\u00e1cticas y metodolog\u00edas<\/strong> antidemocr\u00e1ticas que generan miedo y temor en la gente. Por eso esperamos que r\u00e1pidamente la Justicia act\u00fae, esclarezca la situaci\u00f3n y caiga con todo el peso de la Ley. Tambi\u00e9n instamos a que tanto el Gobierno Nacional y Provincial se dispongan a trabajar mancomunadamente con los jefes comunales, independientemente del partido pol\u00edtico que gobierna el municipio\u201d.<\/p>\n<p>Finalmente, expresaron el <strong>\u201cacompa\u00f1amiento y solidaridad con los Intendentes y con el pueblo de ambos municipios. El atropello y la violencia nunca son una opci\u00f3n\u201d<\/strong>.<\/p>\n","protected":false},"excerpt":{"rendered":"<p>Sostuvo el vicepresidente del bloque Juntos por el Cambio en la C\u00e1mara de Diputados bonaerense, Alex Campbell, acerca de lo<\/p>\n","protected":false},"author":4,"featured_media":4637,"comment_status":"closed","ping_status":"closed","sticky":false,"template":"","format":"standard","meta":{"_jetpack_memberships_contains_paid_content":false,"footnotes":""},"categories":[4,1],"tags":[],"class_list":["post-4636","post","type-post","status-publish","format-standard","has-post-thumbnail","hentry","category-politica","category-portada"],"jetpack_featured_media_url":"https:\/\/i0.wp.com\/cdnoticias.com\/wp-content\/uploads\/2020\/10\/diputados-de-la-pcia-2.jpeg?fit=1280%2C853&ssl=1","jetpack_sharing_enabled":true,"_links":{"self":[{"href":"https:\/\/cdnoticias.com\/index.php\/wp-json\/wp\/v2\/posts\/4636","targetHints":{"allow":["GET"]}}],"collection":[{"href":"https:\/\/cdnoticias.com\/index.php\/wp-json\/wp\/v2\/posts"}],"about":[{"href":"https:\/\/cdnoticias.com\/index.php\/wp-json\/wp\/v2\/types\/post"}],"author":[{"embeddable":true,"href":"https:\/\/cdnoticias.com\/index.php\/wp-json\/wp\/v2\/users\/4"}],"replies":[{"embeddable":true,"href":"https:\/\/cdnoticias.com\/index.php\/wp-json\/wp\/v2\/comments?post=4636"}],"version-history":[{"count":0,"href":"https:\/\/cdnoticias.com\/index.php\/wp-json\/wp\/v2\/posts\/4636\/revisions"}],"wp:featuredmedia":[{"embeddable":true,"href":"https:\/\/cdnoticias.com\/index.php\/wp-json\/wp\/v2\/media\/4637"}],"wp:attachment":[{"href":"https:\/\/cdnoticias.com\/index.php\/wp-json\/wp\/v2\/media?parent=4636"}],"wp:term":[{"taxonomy":"category","embeddable":true,"href":"https:\/\/cdnoticias.com\/index.php\/wp-json\/wp\/v2\/categories?post=4636"},{"taxonomy":"post_tag","embeddable":true,"href":"https:\/\/cdnoticias.com\/index.php\/wp-json\/wp\/v2\/tags?post=4636"}],"curies":[{"name":"wp","href":"https:\/\/api.w.org\/{rel}","templated":true}]}}