{"id":46355,"date":"2022-02-12T19:06:47","date_gmt":"2022-02-12T22:06:47","guid":{"rendered":"https:\/\/www.centraldenoticias.com.ar\/?p=46355"},"modified":"2022-02-14T07:54:55","modified_gmt":"2022-02-14T10:54:55","slug":"el-martes-se-licitara-la-construccion-de-la-bicisenda-diego-wagner-clar-en-hinojo","status":"publish","type":"post","link":"https:\/\/cdnoticias.com\/index.php\/2022\/02\/12\/el-martes-se-licitara-la-construccion-de-la-bicisenda-diego-wagner-clar-en-hinojo\/","title":{"rendered":"El martes se licitar\u00e1 la construcci\u00f3n de la bicisenda \u201cDiego Wagner Clar\u201d en Hinojo"},"content":{"rendered":"<p>As\u00ed fue anunciado por Federico Aguilera, quien tambi\u00e9n hab\u00eda dado a conocer la obra que se realizar\u00e1 con fondos nacionales. <!--more--><\/p>\n<hr \/>\n<p>Anunciado por el subsecretario de Miner\u00eda provincial, Federico Aguilera,<strong> este martes se licitar\u00e1 la construcci\u00f3n de la bicisenda \u201cDiego Wagner Clar\u201d en la localidad de Hinojo, con fondos nacionales y una inversi\u00f3n de 11 millones de pesos.<\/strong><\/p>\n<p>&nbsp;<\/p>\n<p><em>\u201cEste martes 15 de febrero a las 11 de la ma\u00f1ana se realizar\u00e1 la apertura de sobres de la licitaci\u00f3n para bicisenda Diego Wagner Clar, una obra que como ya anunciamos tiempo atr\u00e1s fue pedida por familiares de Wagner y vecinos de la localidad\u201d<\/em> dijo Aguilera en sus redes sociales durante la tarde de este s\u00e1bado.<\/p>\n<p>&nbsp;<\/p>\n<p><img data-recalc-dims=\"1\" loading=\"lazy\" decoding=\"async\" class=\"alignnone size-full wp-image-46357\" src=\"https:\/\/i0.wp.com\/cdnoticias.com\/wp-content\/uploads\/2022\/02\/bicisenda2.jpg?resize=800%2C445&#038;ssl=1\" alt=\"\" width=\"800\" height=\"445\" srcset=\"https:\/\/i0.wp.com\/cdnoticias.com\/wp-content\/uploads\/2022\/02\/bicisenda2.jpg?w=884&amp;ssl=1 884w, https:\/\/i0.wp.com\/cdnoticias.com\/wp-content\/uploads\/2022\/02\/bicisenda2.jpg?resize=300%2C167&amp;ssl=1 300w, https:\/\/i0.wp.com\/cdnoticias.com\/wp-content\/uploads\/2022\/02\/bicisenda2.jpg?resize=768%2C427&amp;ssl=1 768w, https:\/\/i0.wp.com\/cdnoticias.com\/wp-content\/uploads\/2022\/02\/bicisenda2.jpg?resize=800%2C445&amp;ssl=1 800w\" sizes=\"auto, (max-width: 800px) 100vw, 800px\" \/><\/p>\n<p>&nbsp;<\/p>\n<blockquote><p>Cabe se\u00f1alar que esta obra contempla una inversi\u00f3n del Estado Nacional de 11 millones de pesos.<\/p><\/blockquote>\n<p>&nbsp;<\/p>\n<p>La bicisenda recorrer\u00e1 la Av. Libertad desde el Paseo de los 44 \u00c1rboles, lugar donde se emplaza el monumento en homenaje a los Tripulantes del ARA San Juan, frente a la r\u00e9plica montada en el anfiteatro, pasando por el Museo Municipal.<\/p>\n","protected":false},"excerpt":{"rendered":"<p>As\u00ed fue anunciado por Federico Aguilera, quien tambi\u00e9n hab\u00eda dado a conocer la obra que se realizar\u00e1 con fondos nacionales.<\/p>\n","protected":false},"author":2,"featured_media":46356,"comment_status":"closed","ping_status":"closed","sticky":false,"template":"","format":"standard","meta":{"_jetpack_memberships_contains_paid_content":false,"footnotes":""},"categories":[5,1],"tags":[],"class_list":["post-46355","post","type-post","status-publish","format-standard","has-post-thumbnail","hentry","category-informacion-general","category-portada"],"jetpack_featured_media_url":"https:\/\/i0.wp.com\/cdnoticias.com\/wp-content\/uploads\/2022\/02\/bicisenda1.jpg?fit=881%2C491&ssl=1","jetpack_sharing_enabled":true,"_links":{"self":[{"href":"https:\/\/cdnoticias.com\/index.php\/wp-json\/wp\/v2\/posts\/46355","targetHints":{"allow":["GET"]}}],"collection":[{"href":"https:\/\/cdnoticias.com\/index.php\/wp-json\/wp\/v2\/posts"}],"about":[{"href":"https:\/\/cdnoticias.com\/index.php\/wp-json\/wp\/v2\/types\/post"}],"author":[{"embeddable":true,"href":"https:\/\/cdnoticias.com\/index.php\/wp-json\/wp\/v2\/users\/2"}],"replies":[{"embeddable":true,"href":"https:\/\/cdnoticias.com\/index.php\/wp-json\/wp\/v2\/comments?post=46355"}],"version-history":[{"count":0,"href":"https:\/\/cdnoticias.com\/index.php\/wp-json\/wp\/v2\/posts\/46355\/revisions"}],"wp:featuredmedia":[{"embeddable":true,"href":"https:\/\/cdnoticias.com\/index.php\/wp-json\/wp\/v2\/media\/46356"}],"wp:attachment":[{"href":"https:\/\/cdnoticias.com\/index.php\/wp-json\/wp\/v2\/media?parent=46355"}],"wp:term":[{"taxonomy":"category","embeddable":true,"href":"https:\/\/cdnoticias.com\/index.php\/wp-json\/wp\/v2\/categories?post=46355"},{"taxonomy":"post_tag","embeddable":true,"href":"https:\/\/cdnoticias.com\/index.php\/wp-json\/wp\/v2\/tags?post=46355"}],"curies":[{"name":"wp","href":"https:\/\/api.w.org\/{rel}","templated":true}]}}