{"id":46311,"date":"2022-02-12T19:12:36","date_gmt":"2022-02-12T22:12:36","guid":{"rendered":"https:\/\/www.centraldenoticias.com.ar\/?p=46311"},"modified":"2022-02-12T19:24:16","modified_gmt":"2022-02-12T22:24:16","slug":"venta-de-terrenos-la-investigacion-quedo-radicada-en-la-fiscalia-4","status":"publish","type":"post","link":"https:\/\/cdnoticias.com\/index.php\/2022\/02\/12\/venta-de-terrenos-la-investigacion-quedo-radicada-en-la-fiscalia-4\/","title":{"rendered":"Venta de terrenos: La investigaci\u00f3n qued\u00f3 radicada en la fiscal\u00eda 4"},"content":{"rendered":"<p>La doctora Paula Serrano ser\u00e1 la encargada de liderar la instrucci\u00f3n. Al momento, son 10 las denuncias. Los detalles.<!--more--><\/p>\n<hr \/>\n<p>En las \u00faltimas horas el Fiscal General Marcelo Sobrino resolvi\u00f3 que la Unidad Funcional de Instrucci\u00f3n y Juicio N\u00b0 4, liderada por la <strong>fiscal Paula Serrano, sea la encargada de investigar las denuncias por la presunta venta ilegal de terrenos en el partido de Olavarr\u00eda<\/strong>, una pol\u00e9mica que ha generado todo tipo de r\u00e9plicas, al punto de dar lugar a una comisi\u00f3n de investigaci\u00f3n por parte del Concejo Deliberante.<\/p>\n<p>&nbsp;<\/p>\n<p><a href=\"https:\/\/cdnoticias.com\/index.php\/2022\/01\/27\/momento-de-definiciones-en-la-causa-por-estafas-en-la-venta-de-terrenos\/\" target=\"_blank\" rel=\"noopener\">Tal como se hab\u00eda informado d\u00edas atr\u00e1s<\/a>, Sobrino hab\u00eda ordenado a los fiscales de nuestra ciudad que le remitan todas las <strong>denuncias por estafas que sean coincidentes en cuanto a la modalidad, posibles autores y personas vinculadas de una u otra forma.<\/strong><\/p>\n<p>&nbsp;<\/p>\n<p><strong>La directiva era para resolver, entre otras cosas, qui\u00e9n se har\u00eda cargo de ahora en m\u00e1s de la investigaci\u00f3n de todos esos hechos, para centralizar informaci\u00f3n y medidas<\/strong>. La incertidumbre giraba entonces no s\u00f3lo en qu\u00e9 fiscal\u00eda local ser\u00eda seleccionada, sino tambi\u00e9n la posibilidad de que pudiera abandonar nuestra ciudad, ya sea por ser remitida a la fiscal\u00eda de Delitos Complejos con sede en Azul o el fuero Federal, en caso de que se reunieron ciertas condiciones para pedir el pase a ese \u00e1mbito o jurisdicci\u00f3n.<\/p>\n<p>&nbsp;<\/p>\n<figure id=\"attachment_467\" aria-describedby=\"caption-attachment-467\" style=\"width: 948px\" class=\"wp-caption alignnone\"><img data-recalc-dims=\"1\" loading=\"lazy\" decoding=\"async\" class=\"size-full wp-image-467\" src=\"https:\/\/i0.wp.com\/cdnoticias.com\/wp-content\/uploads\/2020\/09\/1598976279.jpeg?resize=800%2C450&#038;ssl=1\" alt=\"\" width=\"800\" height=\"450\" srcset=\"https:\/\/i0.wp.com\/cdnoticias.com\/wp-content\/uploads\/2020\/09\/1598976279.jpeg?w=948&amp;ssl=1 948w, https:\/\/i0.wp.com\/cdnoticias.com\/wp-content\/uploads\/2020\/09\/1598976279.jpeg?resize=300%2C169&amp;ssl=1 300w, https:\/\/i0.wp.com\/cdnoticias.com\/wp-content\/uploads\/2020\/09\/1598976279.jpeg?resize=768%2C432&amp;ssl=1 768w\" sizes=\"auto, (max-width: 800px) 100vw, 800px\" \/><figcaption id=\"caption-attachment-467\" class=\"wp-caption-text\">Nicolas Murcia \/Diario El Tiempo de Azul<\/figcaption><\/figure>\n<p>&nbsp;<\/p>\n<p>Lo concreto es que <em><strong>Central de Noticia<\/strong><\/em><strong>s<\/strong> logr\u00f3 conocer que el Fiscal General resolvi\u00f3 que todo sea remitido para su investigaci\u00f3n a la <strong>UFI que encabeza la fiscal Mar\u00eda Paula Serrano, en la cual ya hab\u00edan varias causas por estas caracter\u00edsticas que hab\u00edan sido denunciadas en jornadas en las que se encontraba en turno.<\/strong><\/p>\n<p>&nbsp;<\/p>\n<p>Uno de los datos sobresalientes es que, <strong>hasta el momento, son 10 en total las denuncias radicadas por este tipo de episodios<\/strong>. No obstante, se especula con que la suma pueda incrementarse con el correr de los pr\u00f3ximos d\u00edas.<\/p>\n<p>&nbsp;<\/p>\n<p>Por \u00faltimo, vale dar cuenta que al momento todas las miradas est\u00e1n focalizadas en el accionar de Claudio Peralta, pero tambi\u00e9n la incertidumbre acerca de si podr\u00eda vincular a otras personas. Tal es as\u00ed que su defensor particular, el doctor Sergio Rold\u00e1n, manifest\u00f3 que <a href=\"https:\/\/cdnoticias.com\/index.php\/2022\/01\/26\/si-claudio-peralta-tuvo-alguna-conducta-antijuridica-juzgable-no-esta-solo\/\" target=\"_blank\" rel=\"noopener\">si su defendido \u201ctuvo una conducta antijur\u00eddica juzgable, no lo hizo solo\u201d.<\/a><\/p>\n","protected":false},"excerpt":{"rendered":"<p>La doctora Paula Serrano ser\u00e1 la encargada de liderar la instrucci\u00f3n. Al momento, son 10 las denuncias. Los detalles.<\/p>\n","protected":false},"author":3,"featured_media":42280,"comment_status":"closed","ping_status":"closed","sticky":false,"template":"","format":"standard","meta":{"_jetpack_memberships_contains_paid_content":false,"footnotes":""},"categories":[14,1],"tags":[],"class_list":["post-46311","post","type-post","status-publish","format-standard","has-post-thumbnail","hentry","category-policiales","category-portada"],"jetpack_featured_media_url":"https:\/\/i0.wp.com\/cdnoticias.com\/wp-content\/uploads\/2021\/12\/fiscalia01.jpg?fit=800%2C445&ssl=1","jetpack_sharing_enabled":true,"_links":{"self":[{"href":"https:\/\/cdnoticias.com\/index.php\/wp-json\/wp\/v2\/posts\/46311","targetHints":{"allow":["GET"]}}],"collection":[{"href":"https:\/\/cdnoticias.com\/index.php\/wp-json\/wp\/v2\/posts"}],"about":[{"href":"https:\/\/cdnoticias.com\/index.php\/wp-json\/wp\/v2\/types\/post"}],"author":[{"embeddable":true,"href":"https:\/\/cdnoticias.com\/index.php\/wp-json\/wp\/v2\/users\/3"}],"replies":[{"embeddable":true,"href":"https:\/\/cdnoticias.com\/index.php\/wp-json\/wp\/v2\/comments?post=46311"}],"version-history":[{"count":0,"href":"https:\/\/cdnoticias.com\/index.php\/wp-json\/wp\/v2\/posts\/46311\/revisions"}],"wp:featuredmedia":[{"embeddable":true,"href":"https:\/\/cdnoticias.com\/index.php\/wp-json\/wp\/v2\/media\/42280"}],"wp:attachment":[{"href":"https:\/\/cdnoticias.com\/index.php\/wp-json\/wp\/v2\/media?parent=46311"}],"wp:term":[{"taxonomy":"category","embeddable":true,"href":"https:\/\/cdnoticias.com\/index.php\/wp-json\/wp\/v2\/categories?post=46311"},{"taxonomy":"post_tag","embeddable":true,"href":"https:\/\/cdnoticias.com\/index.php\/wp-json\/wp\/v2\/tags?post=46311"}],"curies":[{"name":"wp","href":"https:\/\/api.w.org\/{rel}","templated":true}]}}