{"id":46293,"date":"2022-02-13T16:54:04","date_gmt":"2022-02-13T19:54:04","guid":{"rendered":"https:\/\/www.centraldenoticias.com.ar\/?p=46293"},"modified":"2022-02-13T16:54:04","modified_gmt":"2022-02-13T19:54:04","slug":"sambos-caporales-en-la-previa-del-carnaval-del-foro-olavarria","status":"publish","type":"post","link":"https:\/\/cdnoticias.com\/index.php\/2022\/02\/13\/sambos-caporales-en-la-previa-del-carnaval-del-foro-olavarria\/","title":{"rendered":"Sambos Caporales en \u201cLa previa del Carnaval\u201d del Foro Olavarr\u00eda"},"content":{"rendered":"<p>La segunda entrega de la serie de videos ya se encuentra disponible en el canal de YouTube del Foro Olavarr\u00eda.<!--more--><\/p>\n<hr \/>\n<p>Foro Olavarr\u00eda &#8211; Frente Renovador present\u00f3 la segunda entrega de \u201cLa previa del Carnaval\u201d. Se trata de una<strong> serie audiovisual que busca difundir a las agrupaciones y artistas que participar\u00e1n en los corsos oficiales 2022,<\/strong> organizados por el municipio.<\/p>\n<p>&nbsp;<\/p>\n<p>\u201cLa previa del Carnaval\u201d propone un<strong> acercamiento a las distintas murgas, comparsas, escuelas de samba, batucadas y otras agrupaciones de Olavarr\u00eda<\/strong> que participar\u00e1n de los pr\u00f3ximos corsos oficiales. Los videos podr\u00e1n disfrutarse a trav\u00e9s del canal de YouTube del Foro Olavarr\u00eda.<\/p>\n<p>&nbsp;<\/p>\n<p>Este segundo cap\u00edtulo cuenta con la participaci\u00f3n de Sambos Caporales, representados por Yamila Gutierrez, y ya se encuentra disponible a trav\u00e9s del siguiente enlace:<a href=\"https:\/\/www.youtube.com\/watch?v=kjNjC5cc2CA&amp;feature=youtu.be\" target=\"_blank\" rel=\"noopener\"> https:\/\/www.youtube.com\/watch?v=kjNjC5cc2CA&amp;feature=youtu.be<\/a><\/p>\n<p>&nbsp;<\/p>\n<p><img data-recalc-dims=\"1\" loading=\"lazy\" decoding=\"async\" class=\"aligncenter size-large wp-image-46297\" src=\"https:\/\/i0.wp.com\/cdnoticias.com\/wp-content\/uploads\/2022\/02\/Sambos-Caporales-1.jpeg?resize=800%2C474&#038;ssl=1\" alt=\"\" width=\"800\" height=\"474\" srcset=\"https:\/\/i0.wp.com\/cdnoticias.com\/wp-content\/uploads\/2022\/02\/Sambos-Caporales-1.jpeg?resize=1024%2C607&amp;ssl=1 1024w, https:\/\/i0.wp.com\/cdnoticias.com\/wp-content\/uploads\/2022\/02\/Sambos-Caporales-1.jpeg?resize=300%2C178&amp;ssl=1 300w, https:\/\/i0.wp.com\/cdnoticias.com\/wp-content\/uploads\/2022\/02\/Sambos-Caporales-1.jpeg?resize=768%2C455&amp;ssl=1 768w, https:\/\/i0.wp.com\/cdnoticias.com\/wp-content\/uploads\/2022\/02\/Sambos-Caporales-1.jpeg?w=1214&amp;ssl=1 1214w\" sizes=\"auto, (max-width: 800px) 100vw, 800px\" \/><\/p>\n<p>&nbsp;<\/p>\n<p>Para los carnavales 2021, cuando la pandemia impidi\u00f3 los eventos culturales presenciales, el Foro Olavarr\u00eda &#8211; Frente Renovador apost\u00f3 a una propuesta online titulada<strong> \u201cVIVO El Carnaval Olavarr\u00eda 2021\u201d.<\/strong><\/p>\n<p>&nbsp;<\/p>\n<p>De esta experiencia in\u00e9dita participaron Mechongu\u00e9, Sambos Caporales, Madame L\u00fa, Caporales de Coraz\u00f3n, Bancate la Pelusa, Daii Yar\u00e1, Arrebatando L\u00e1grimas, Comodines de Febrero, Insaciables, GRES Salgueros y Nova Bater\u00eda, y Bah\u00eda Ba.<\/p>\n","protected":false},"excerpt":{"rendered":"<p>La segunda entrega de la serie de videos ya se encuentra disponible en el canal de YouTube del Foro Olavarr\u00eda.<\/p>\n","protected":false},"author":5,"featured_media":46296,"comment_status":"closed","ping_status":"closed","sticky":false,"template":"","format":"standard","meta":{"_jetpack_memberships_contains_paid_content":false,"footnotes":""},"categories":[9,1],"tags":[],"class_list":["post-46293","post","type-post","status-publish","format-standard","has-post-thumbnail","hentry","category-cultura","category-portada"],"jetpack_featured_media_url":"https:\/\/i0.wp.com\/cdnoticias.com\/wp-content\/uploads\/2022\/02\/Sambos-Caporales.jpeg?fit=1241%2C720&ssl=1","jetpack_sharing_enabled":true,"_links":{"self":[{"href":"https:\/\/cdnoticias.com\/index.php\/wp-json\/wp\/v2\/posts\/46293","targetHints":{"allow":["GET"]}}],"collection":[{"href":"https:\/\/cdnoticias.com\/index.php\/wp-json\/wp\/v2\/posts"}],"about":[{"href":"https:\/\/cdnoticias.com\/index.php\/wp-json\/wp\/v2\/types\/post"}],"author":[{"embeddable":true,"href":"https:\/\/cdnoticias.com\/index.php\/wp-json\/wp\/v2\/users\/5"}],"replies":[{"embeddable":true,"href":"https:\/\/cdnoticias.com\/index.php\/wp-json\/wp\/v2\/comments?post=46293"}],"version-history":[{"count":0,"href":"https:\/\/cdnoticias.com\/index.php\/wp-json\/wp\/v2\/posts\/46293\/revisions"}],"wp:featuredmedia":[{"embeddable":true,"href":"https:\/\/cdnoticias.com\/index.php\/wp-json\/wp\/v2\/media\/46296"}],"wp:attachment":[{"href":"https:\/\/cdnoticias.com\/index.php\/wp-json\/wp\/v2\/media?parent=46293"}],"wp:term":[{"taxonomy":"category","embeddable":true,"href":"https:\/\/cdnoticias.com\/index.php\/wp-json\/wp\/v2\/categories?post=46293"},{"taxonomy":"post_tag","embeddable":true,"href":"https:\/\/cdnoticias.com\/index.php\/wp-json\/wp\/v2\/tags?post=46293"}],"curies":[{"name":"wp","href":"https:\/\/api.w.org\/{rel}","templated":true}]}}